{"id":299672,"date":"2026-04-23T11:30:00","date_gmt":"2026-04-23T09:30:00","guid":{"rendered":"https:\/\/www.tucomarca.com\/wordpress\/segunda\/?p=299672"},"modified":"2026-04-23T19:36:03","modified_gmt":"2026-04-23T17:36:03","slug":"denunciado-el-dueno-de-cuatro-gallos-cuando-volvia-de-una-pelea-clandestina-en-carlet","status":"publish","type":"post","link":"https:\/\/www.tucomarca.com\/wordpress\/segunda\/denunciado-el-dueno-de-cuatro-gallos-cuando-volvia-de-una-pelea-clandestina-en-carlet\/","title":{"rendered":"Denunciado el due\u00f1o de cuatro gallos cuando volv\u00eda de una pelea clandestina en Carlet"},"content":{"rendered":"\n<h3 class=\"wp-block-heading\">Los animales presentaban no s\u00f3lo lesiones derivadas de la \u201cpreparaci\u00f3n\u201d a que se someten estos animales, sino tambi\u00e9n fruto del combate con otros animales.<\/h3>\n\n\n\n<p>La Guardia Civil ha denunciado en Carlet al due\u00f1o de cuatro gallos empleados para combates clandestinos por diversas infracciones a la ley de Protecci\u00f3n, Bienestar y Tenencia de Animales de Compa\u00f1\u00eda y otras medidas de bienestar animal.<\/p>\n\n\n\n<p>La actuaci\u00f3n tuvo lugar en Carlet el pasado 29 de marzo por la noche, cuando una patrulla se encontraba realizando un dispositivo operativo en v\u00eda p\u00fablica. Dieron el alto a un veh\u00edculo que desprend\u00eda un fuerte olor y pudieron comprobar c\u00f3mo en el maletero portaba dos gallos y en el asiento trasero otros dos con evidentes signos de maltrato y de ser empleados para su uso en peleas de gallos clandestinas.<\/p>\n\n\n\n<p>El propietario de los gallos, que no pudo acreditar su leg\u00edtimo origen con ning\u00fan documento, inform\u00f3 de que efectivamente \u201cven\u00eda de un encuentro entre gallos\u201d celebrado en Carlet. Los gallos presentaban m\u00faltiples heridas y la incrustaci\u00f3n de materiales r\u00edgidos en los espolones para su utilizaci\u00f3n en \u201cpeleas de gallos\u201d.<\/p>\n\n\n\n<p>Por estos hechos, se le inform\u00f3 de que los gallos quedar\u00edan a disposici\u00f3n de la autoridad judicial y que iba a ser propuesto para sanci\u00f3n por la provocaci\u00f3n intencionada de pelea de animales, la no identificaci\u00f3n con anilla de dos de las cuatro aves, una infracci\u00f3n por las mutilaciones y varias heridas realizadas con productos qu\u00edmicos. Adem\u00e1s, se aprehendi\u00f3 una sustancia medicamentosa empleada para aumentar la excitaci\u00f3n del animal y se dio cuenta de ello a la Subdelegaci\u00f3n de Gobierno tras retirarle la sustancia.&nbsp;<\/p>\n\n\n\n<p>La investigaci\u00f3n ha sido llevada a cabo por agentes del Puesto Principal de Carlet.&nbsp;<\/p>\n","protected":false},"excerpt":{"rendered":"<div class=\"mh-excerpt\">Los animales presentaban no s\u00f3lo lesiones derivadas de la \u201cpreparaci\u00f3n\u201d a que se someten estos animales, sino tambi\u00e9n fruto del combate con otros animales. La Guardia Civil ha denunciado en Carlet al due\u00f1o de cuatro <a class=\"mh-excerpt-more\" href=\"https:\/\/www.tucomarca.com\/wordpress\/segunda\/denunciado-el-dueno-de-cuatro-gallos-cuando-volvia-de-una-pelea-clandestina-en-carlet\/\" title=\"Denunciado el due\u00f1o de cuatro gallos cuando volv\u00eda de una pelea clandestina en Carlet\">[+] <\/a><\/div>\n","protected":false},"author":12,"featured_media":299674,"comment_status":"closed","ping_status":"open","sticky":false,"template":"","format":"standard","meta":{"footnotes":""},"categories":[291,8,42,3,116,45],"tags":[24201,22884,1407],"class_list":{"0":"post-299672","1":"post","2":"type-post","3":"status-publish","4":"format-standard","5":"has-post-thumbnail","7":"category-carlet","8":"category-la-comarca","9":"category-la-ribera","10":"category-seccion","11":"category-sucesos-la-comarca","12":"category-ventana","13":"tag-gallos-de-pelea","14":"tag-guardia-civil-de-carlet","15":"tag-ribera-alta"},"_links":{"self":[{"href":"https:\/\/www.tucomarca.com\/wordpress\/segunda\/wp-json\/wp\/v2\/posts\/299672","targetHints":{"allow":["GET"]}}],"collection":[{"href":"https:\/\/www.tucomarca.com\/wordpress\/segunda\/wp-json\/wp\/v2\/posts"}],"about":[{"href":"https:\/\/www.tucomarca.com\/wordpress\/segunda\/wp-json\/wp\/v2\/types\/post"}],"author":[{"embeddable":true,"href":"https:\/\/www.tucomarca.com\/wordpress\/segunda\/wp-json\/wp\/v2\/users\/12"}],"replies":[{"embeddable":true,"href":"https:\/\/www.tucomarca.com\/wordpress\/segunda\/wp-json\/wp\/v2\/comments?post=299672"}],"version-history":[{"count":2,"href":"https:\/\/www.tucomarca.com\/wordpress\/segunda\/wp-json\/wp\/v2\/posts\/299672\/revisions"}],"predecessor-version":[{"id":299694,"href":"https:\/\/www.tucomarca.com\/wordpress\/segunda\/wp-json\/wp\/v2\/posts\/299672\/revisions\/299694"}],"wp:featuredmedia":[{"embeddable":true,"href":"https:\/\/www.tucomarca.com\/wordpress\/segunda\/wp-json\/wp\/v2\/media\/299674"}],"wp:attachment":[{"href":"https:\/\/www.tucomarca.com\/wordpress\/segunda\/wp-json\/wp\/v2\/media?parent=299672"}],"wp:term":[{"taxonomy":"category","embeddable":true,"href":"https:\/\/www.tucomarca.com\/wordpress\/segunda\/wp-json\/wp\/v2\/categories?post=299672"},{"taxonomy":"post_tag","embeddable":true,"href":"https:\/\/www.tucomarca.com\/wordpress\/segunda\/wp-json\/wp\/v2\/tags?post=299672"}],"curies":[{"name":"wp","href":"https:\/\/api.w.org\/{rel}","templated":true}]}}