{"id":299679,"date":"2026-04-23T11:00:00","date_gmt":"2026-04-23T09:00:00","guid":{"rendered":"https:\/\/www.tucomarca.com\/wordpress\/segunda\/?p=299679"},"modified":"2026-04-23T19:27:26","modified_gmt":"2026-04-23T17:27:26","slug":"jose-diez-se-reune-con-el-alcalde-de-utiel-para-analizar-proyectos-de-interes-para-el-desarrollo-del-municipio-tras-la-dana","status":"publish","type":"post","link":"https:\/\/www.tucomarca.com\/wordpress\/segunda\/jose-diez-se-reune-con-el-alcalde-de-utiel-para-analizar-proyectos-de-interes-para-el-desarrollo-del-municipio-tras-la-dana\/","title":{"rendered":"Jos\u00e9 D\u00edez se re\u00fane con el alcalde de Utiel para analizar proyectos de inter\u00e9s para el desarrollo del municipio tras la DANA"},"content":{"rendered":"\n<h3 class=\"wp-block-heading\">El vicepresidente traslada la predisposici\u00f3n de la Generalitat a agilizar el desarrollo de iniciativas que contribuyan a la recuperaci\u00f3n del municipio tras la DANA y su desarrollo econ\u00f3mico.<\/h3>\n\n\n\n<p>El vicepresidente segundo y conseller de Presidencia, Jos\u00e9 D\u00edez, ha mantenido una reuni\u00f3n de trabajo con el alcalde de Utiel, Ricardo Gabald\u00f3n, para analizar la situaci\u00f3n de diversos proyectos de inter\u00e9s para el desarrollo econ\u00f3mico del municipio y su recuperaci\u00f3n tras los efectos provocados por la dana de 2024, as\u00ed como coordinar con el Ayuntamiento aquellas actuaciones que son competencia de la Generalitat.<\/p>\n\n\n\n<p>En el encuentro tambi\u00e9n han participado la directora general de Proyectos Estrat\u00e9gicos, Ester Olivas; el director general de Coordinaci\u00f3n de la Acci\u00f3n del Gobierno, Alberto Pascual; el director general de Administraci\u00f3n Local, Jos\u00e9 Antonio Redorat y los concejales de Agricultura y Urbanismo de Ayuntamiento de Utiel, Aitor Iniesta y Roc\u00edo L\u00f3pez.<\/p>\n\n\n\n<p>En concreto, durante la reuni\u00f3n D\u00edez ha trasladado a los representantes municipales la predisposici\u00f3n de la Generalitat a agilizar el desarrollo del Pol\u00edgono Nuevo Tollo II, con el que el municipio podr\u00e1 ampliar su capacidad industrial.<\/p>\n\n\n\n<p>Asimismo, ha mostrado su inter\u00e9s por la marcha del nuevo centro de transformaci\u00f3n y comercializaci\u00f3n que Campofr\u00edo va a instalar en Utiel, un proyecto que supondr\u00e1 una inversi\u00f3n de m\u00e1s de 134 millones de euros, para lo que cuenta con una ayuda de 11 millones de euros de la Generalitat dentro de la estrategia de reindustrializaci\u00f3n de la zona tras la dana, y que permitir\u00e1 la creaci\u00f3n de m\u00e1s de 300 puestos de trabajo.<\/p>\n\n\n\n<p>Durante el encuentro, han tratado tambi\u00e9n sobre el apoyo de la Generalitat a la celebraci\u00f3n del Rallye de Tierra Ciudad de Utiel, una prueba integrada en el Campeonato de Espa\u00f1a de Rallyes de Tierra, entre otros asuntos.<\/p>\n\n\n\n<p>Esta reuni\u00f3n se enmarca en la pol\u00edtica del Consell de impulsar la colaboraci\u00f3n con las entidades locales para alinear las prioridades de la Administraci\u00f3n local con los proyectos de inter\u00e9s auton\u00f3mico.<\/p>\n","protected":false},"excerpt":{"rendered":"<div class=\"mh-excerpt\">El vicepresidente traslada la predisposici\u00f3n de la Generalitat a agilizar el desarrollo de iniciativas que contribuyan a la recuperaci\u00f3n del municipio tras la DANA y su desarrollo econ\u00f3mico. El vicepresidente segundo y conseller de Presidencia, <a class=\"mh-excerpt-more\" href=\"https:\/\/www.tucomarca.com\/wordpress\/segunda\/jose-diez-se-reune-con-el-alcalde-de-utiel-para-analizar-proyectos-de-interes-para-el-desarrollo-del-municipio-tras-la-dana\/\" title=\"Jos\u00e9 D\u00edez se re\u00fane con el alcalde de Utiel para analizar proyectos de inter\u00e9s para el desarrollo del municipio tras la DANA\">[+] <\/a><\/div>\n","protected":false},"author":1,"featured_media":299682,"comment_status":"closed","ping_status":"open","sticky":false,"template":"","format":"standard","meta":{"footnotes":""},"categories":[21465,128,8,72,117,142,27,3,116,29,45],"tags":[12831,10387,10389],"class_list":{"0":"post-299679","1":"post","2":"type-post","3":"status-publish","4":"format-standard","5":"has-post-thumbnail","7":"category-dana","8":"category-infraestructuras","9":"category-la-comarca","10":"category-sin-categorizar","11":"category-medio-ambiente-la-comarca","12":"category-politica-la-comarca","13":"category-requena-utiel","14":"category-seccion","15":"category-sucesos-la-comarca","16":"category-utiel","17":"category-ventana","18":"tag-dana-2","19":"tag-requena-utiel","20":"tag-utiel"},"_links":{"self":[{"href":"https:\/\/www.tucomarca.com\/wordpress\/segunda\/wp-json\/wp\/v2\/posts\/299679","targetHints":{"allow":["GET"]}}],"collection":[{"href":"https:\/\/www.tucomarca.com\/wordpress\/segunda\/wp-json\/wp\/v2\/posts"}],"about":[{"href":"https:\/\/www.tucomarca.com\/wordpress\/segunda\/wp-json\/wp\/v2\/types\/post"}],"author":[{"embeddable":true,"href":"https:\/\/www.tucomarca.com\/wordpress\/segunda\/wp-json\/wp\/v2\/users\/1"}],"replies":[{"embeddable":true,"href":"https:\/\/www.tucomarca.com\/wordpress\/segunda\/wp-json\/wp\/v2\/comments?post=299679"}],"version-history":[{"count":1,"href":"https:\/\/www.tucomarca.com\/wordpress\/segunda\/wp-json\/wp\/v2\/posts\/299679\/revisions"}],"predecessor-version":[{"id":299684,"href":"https:\/\/www.tucomarca.com\/wordpress\/segunda\/wp-json\/wp\/v2\/posts\/299679\/revisions\/299684"}],"wp:featuredmedia":[{"embeddable":true,"href":"https:\/\/www.tucomarca.com\/wordpress\/segunda\/wp-json\/wp\/v2\/media\/299682"}],"wp:attachment":[{"href":"https:\/\/www.tucomarca.com\/wordpress\/segunda\/wp-json\/wp\/v2\/media?parent=299679"}],"wp:term":[{"taxonomy":"category","embeddable":true,"href":"https:\/\/www.tucomarca.com\/wordpress\/segunda\/wp-json\/wp\/v2\/categories?post=299679"},{"taxonomy":"post_tag","embeddable":true,"href":"https:\/\/www.tucomarca.com\/wordpress\/segunda\/wp-json\/wp\/v2\/tags?post=299679"}],"curies":[{"name":"wp","href":"https:\/\/api.w.org\/{rel}","templated":true}]}}