{"id":299680,"date":"2026-04-23T10:55:00","date_gmt":"2026-04-23T08:55:00","guid":{"rendered":"https:\/\/www.tucomarca.com\/wordpress\/segunda\/?p=299680"},"modified":"2026-04-23T20:32:25","modified_gmt":"2026-04-23T18:32:25","slug":"la-diputacio-de-valencia-rehabilitara-la-torre-del-virrey-de-leliana-y-el-castillo-de-castielfabib","status":"publish","type":"post","link":"https:\/\/www.tucomarca.com\/wordpress\/segunda\/la-diputacio-de-valencia-rehabilitara-la-torre-del-virrey-de-leliana-y-el-castillo-de-castielfabib\/","title":{"rendered":"La Diputaci\u00f3 de Val\u00e8ncia rehabilitar\u00e1 la Torre del Virrey de l\u2019Eliana y el castillo de Castielfabib"},"content":{"rendered":"\n<h3 class=\"wp-block-heading\">Ambos proyectos se enmarcan en el Plan de Recuperaci\u00f3n del Patrimonio Valenciano, que recoge cuatro actuaciones en Camp de T\u00faria, dos en el Rinc\u00f3n de Ademuz y una en la Serran\u00eda.<\/h3>\n\n\n\n<h3 class=\"wp-block-heading\">El presidente Momp\u00f3 y la vicepresidenta Enguix coinciden en que este plan, dotado con 12 millones, \u201cnunca debi\u00f3 abandonarse\u201d y anuncian cinco millones m\u00e1s para dar respuesta a todas las solicitudes presentadas.<\/h3>\n\n\n\n<p>La Diputaci\u00f3 de Val\u00e8ncia va a llevar a cabo cuatro proyectos de rehabilitaci\u00f3n patrimonial en Camp de T\u00faria con una inversi\u00f3n de 1.406.744 euros; otros dos proyectos en el Rinc\u00f3n de Ademuz por valor de 662.000 euros; y otra actuaci\u00f3n en la comarca de la Serran\u00eda que supondr\u00e1 un desembolso de 333.000 euros. Todos estos trabajos se enmarcan en el Plan de Recuperaci\u00f3n del Patrimonio Valenciano que ha presentado este mi\u00e9rcoles la corporaci\u00f3n provincial, el cual recoge un total de 30 proyectos aprobados en otros tantos municipios de la provincia con el fin de rehabilitar diferentes joyas de nuestro patrimonio.<\/p>\n\n\n\n<figure class=\"wp-block-image size-full\"><img loading=\"lazy\" decoding=\"async\" width=\"945\" height=\"249\" src=\"https:\/\/www.tucomarca.com\/wordpress\/segunda\/wp-content\/uploads\/2026\/04\/DipuPatrimonioEliana2.jpg\" alt=\"\" class=\"wp-image-299710\" srcset=\"https:\/\/www.tucomarca.com\/wordpress\/segunda\/wp-content\/uploads\/2026\/04\/DipuPatrimonioEliana2.jpg 945w, https:\/\/www.tucomarca.com\/wordpress\/segunda\/wp-content\/uploads\/2026\/04\/DipuPatrimonioEliana2-300x79.jpg 300w, https:\/\/www.tucomarca.com\/wordpress\/segunda\/wp-content\/uploads\/2026\/04\/DipuPatrimonioEliana2-768x202.jpg 768w\" sizes=\"auto, (max-width: 945px) 100vw, 945px\" \/><\/figure>\n\n\n\n<p><\/p>\n\n\n\n<p>En la comarca del Camp de T\u00faria, la Diputaci\u00f3n va a acometer mejoras patrimoniales en los municipios de l\u2019Eliana, Serra, Benissan\u00f3 y Olocau. La m\u00e1s importante de todas ellas es la rehabilitaci\u00f3n de la Torre del Virrey de l\u2019Eliana, que cuenta con un presupuesto de 623.000 euros. La torre, que se encuentra a poco m\u00e1s de medio kil\u00f3metro del casco urbano, est\u00e1 catalogada como Bien de Inter\u00e9s Cultural. Tiene sus or\u00edgenes hacia los siglos XVI-XVII, y al conjunto se a\u00f1adieron varias casas rurales, formando un peque\u00f1o caser\u00edo.<\/p>\n\n\n\n<p>Durante el siglo XX, la Torre del Virrey se fue deteriorando, situaci\u00f3n que se agrav\u00f3 hacia los a\u00f1os setenta con el derrumbe del techo y parte de una pared de la torre. Es a partir de 1991 y ya siendo propiedad del Ayuntamiento de l&#8217;Eliana, cuando se llevan a cabo las primeras obras de restauraci\u00f3n, las cuales se alargaron hasta la primera d\u00e9cada del siglo XXI. Actualmente, en los meses c\u00e1lidos, el patio central del edificio es utilizado para hacer conciertos y acontecimientos y la capilla para la celebraci\u00f3n de casamientos.<\/p>\n\n\n\n<p>En Serra la instituci\u00f3n provincial va a acometer, mediante un desembolso de 385.000 euros, la restauraci\u00f3n de la Torre del Se\u00f1or de la Vila.&nbsp;Ubicada dentro del n\u00facleo urbano, fue construida en el siglo IX y es de origen isl\u00e1mico. Fue utilizada como c\u00e1rcel y los&nbsp;muros a\u00fan se conservan a pesar de la construcci\u00f3n de viviendas a su alrededor. Fue declarada en 2001&nbsp;Bien de Inter\u00e9s Cultural&nbsp;y es un ejemplo del valioso patrimonio hist\u00f3rico y arquitect\u00f3nico de Serra.<\/p>\n\n\n\n<p>Otro de los proyectos dentro del Camp de T\u00faria tiene lugar en Benissan\u00f3. Se trata de la restauraci\u00f3n del tramo de la muralla de acceso principal al castillo, as\u00ed como del afianzamiento de la muralla oeste del mismo. Para ello se van a invertir 228.000 euros. Edificado en la segunda mitad del siglo XV, es uno de los castillos mejor conservados de la Comunidad Valenciana y actualmente es de propiedad municipal.<\/p>\n\n\n\n<p>Por \u00faltimo, en la localidad de Olocau, la Diputaci\u00f3n va a destinar 171.000 euros para el estudio y consolidaci\u00f3n del aljibe del Castillo del Real. Esta fortaleza es un tesoro del siglo XI de origen isl\u00e1mico. Est\u00e1 formado por dos recintos, el exterior, que alberga el aljibe y el interior, en donde se resguardan las estancias principales.&nbsp;<\/p>\n\n\n\n<p><strong>Rinc\u00f3n de Ademuz y Serran\u00eda<\/strong><\/p>\n\n\n\n<p>En el Rinc\u00f3n de Ademuz destaca el proyecto de consolidaci\u00f3n y recuperaci\u00f3n del tramo de lienzo y del acceso oeste al castillo de Castielfabib, una actuaci\u00f3n de 513.000 euros. Construido en&nbsp;\u00e9poca isl\u00e1mica, aunque es de origen romano, preside la localidad, otorg\u00e1ndole una silueta inconfundible&nbsp;coronando el cerro sobre el que se encuentra.&nbsp;La parte del castillo que actualmente se conserva es la torre del homenaje.<\/p>\n\n\n\n<p>La otra actuaci\u00f3n de la comarca es la reparaci\u00f3n, por valor de 150.000 euros, de las fachadas y de las cubiertas de la Casa del Practicante de Torrebaja. Se trata de una Casa Museo que cuenta con m\u00e1s de 650 piezas, entre las que destacan objetos agr\u00edcolas, utensilios dom\u00e9sticos, mobiliario, documentaci\u00f3n gr\u00e1fica y audiovisual, as\u00ed como un conjunto singular vinculado a la Guerra Civil espa\u00f1ola, y forma parte del Sistema Valenciano de Museos.<\/p>\n\n\n\n<p>En cuanto a la comarca de la Serran\u00eda, la Diputaci\u00f3n ha aprobado el proyecto de restauraci\u00f3n preventiva de la torre 12 de la muralla del Castillo de Alpuente, una actuaci\u00f3n de 333.000 euros. Situado en lo alto de un cerro sobre el profundo barranco del r\u00edo Reguero, el castillo surgi\u00f3 como inexpugnable fortaleza en torno a la cual se establecer\u00eda la poblaci\u00f3n primigenia que controlar\u00eda el paso por el valle. Est\u00e1 catalogado como Bien de Inter\u00e9s Cultural. La muralla originariamente contaba con catorce torres de seis a ocho metros de espesor, de las cuales quedan restos, aunque, en su mayor parte en estado de deterioro.<\/p>\n\n\n\n<p><strong>Plan de Recuperaci\u00f3n del Patrimonio<\/strong><\/p>\n\n\n\n<p>La Diputaci\u00f3 de Val\u00e8ncia ha anunciado este mi\u00e9rcoles los 30 proyectos aprobados en otros tantos municipios para la rehabilitaci\u00f3n de joyas patrimoniales de 13 comarcas. Con una inversi\u00f3n cercana a los 12 millones de euros, el Plan de Recuperaci\u00f3n del Patrimonio Valenciano tiene como objetivo \u201crestaurar bienes inmuebles que aportan identidad al territorio y nos acercan a nuestra historia\u201d, ha explicado la vicepresidenta Nat\u00e1lia Enguix, quien ha considerado que el programa \u201cnunca debi\u00f3 abandonarse\u201d. Por su parte, el presidente, Vicent Momp\u00f3, ha avanzado la intenci\u00f3n de la corporaci\u00f3n de ampliar el n\u00famero de municipios beneficiados con otros cinco millones de euros: \u201cde esta forma podremos atender todas las solicitudes presentadas\u201d.<\/p>\n\n\n\n<p>La responsable de Cooperaci\u00f3n Municipal y coordinadora del plan ha expuesto una a una las actuaciones que acometer\u00e1n los ayuntamientos en los pr\u00f3ximos meses en edificios catalogados como BIC o Bienes de Relevancia Local. \u201cEn esta primera convocatoria, despu\u00e9s de ocho a\u00f1os sin que se haya puesto en marcha el programa, hemos atendido todas las solicitudes que hemos podido, pero nuestra intenci\u00f3n es no dejar a nadie fuera y seguir recuperando el rico patrimonio que forma parte de la historia de nuestros pueblos y comarcas\u201d, ha afirmado Nat\u00e0lia Enguix en referencia a la ampliaci\u00f3n presupuestaria anunciada por el presidente.<\/p>\n\n\n\n<p>Todas las actuaciones financiadas tienen un presupuesto superior a 100.000 euros y pueden recibir una subvenci\u00f3n de hasta el mill\u00f3n de euros en el caso de Bienes de Inter\u00e9s Cultural y hasta 500.000 para los Bienes de Relevancia Local. El 75% de la ayuda concedida se pagar\u00e1 en el momento de la adjudicaci\u00f3n de las obras y el resto tras la justificaci\u00f3n de los trabajos. \u201cHablamos de castillos, torres, palacios, ermitas y otros edificios hist\u00f3ricos en los que la Diputaci\u00f3n seguir\u00e1 interviniendo para evitar su deterioro e impulsar su impacto en el turismo\u201d, ha se\u00f1alado el presidente Momp\u00f3.<\/p>\n\n\n\n<figure class=\"wp-block-gallery has-nested-images columns-2 is-cropped wp-block-gallery-1 is-layout-flex wp-block-gallery-is-layout-flex\">\n<figure class=\"wp-block-image size-large\"><img loading=\"lazy\" decoding=\"async\" width=\"945\" height=\"638\" data-id=\"299698\" src=\"https:\/\/www.tucomarca.com\/wordpress\/segunda\/wp-content\/uploads\/2026\/04\/DipuAlcaldeEliana.jpg\" alt=\"\" class=\"wp-image-299698\" srcset=\"https:\/\/www.tucomarca.com\/wordpress\/segunda\/wp-content\/uploads\/2026\/04\/DipuAlcaldeEliana.jpg 945w, https:\/\/www.tucomarca.com\/wordpress\/segunda\/wp-content\/uploads\/2026\/04\/DipuAlcaldeEliana-300x203.jpg 300w, https:\/\/www.tucomarca.com\/wordpress\/segunda\/wp-content\/uploads\/2026\/04\/DipuAlcaldeEliana-768x519.jpg 768w\" sizes=\"auto, (max-width: 945px) 100vw, 945px\" \/><\/figure>\n\n\n\n<figure class=\"wp-block-image size-large\"><img loading=\"lazy\" decoding=\"async\" width=\"945\" height=\"638\" data-id=\"299700\" src=\"https:\/\/www.tucomarca.com\/wordpress\/segunda\/wp-content\/uploads\/2026\/04\/DipuAlcaldeOlocau.jpg\" alt=\"\" class=\"wp-image-299700\" srcset=\"https:\/\/www.tucomarca.com\/wordpress\/segunda\/wp-content\/uploads\/2026\/04\/DipuAlcaldeOlocau.jpg 945w, https:\/\/www.tucomarca.com\/wordpress\/segunda\/wp-content\/uploads\/2026\/04\/DipuAlcaldeOlocau-300x203.jpg 300w, https:\/\/www.tucomarca.com\/wordpress\/segunda\/wp-content\/uploads\/2026\/04\/DipuAlcaldeOlocau-768x519.jpg 768w\" sizes=\"auto, (max-width: 945px) 100vw, 945px\" \/><\/figure>\n\n\n\n<figure class=\"wp-block-image size-large\"><img loading=\"lazy\" decoding=\"async\" width=\"945\" height=\"638\" data-id=\"299706\" src=\"https:\/\/www.tucomarca.com\/wordpress\/segunda\/wp-content\/uploads\/2026\/04\/DipuAlcaldeTorrebaja.jpg\" alt=\"\" class=\"wp-image-299706\" srcset=\"https:\/\/www.tucomarca.com\/wordpress\/segunda\/wp-content\/uploads\/2026\/04\/DipuAlcaldeTorrebaja.jpg 945w, https:\/\/www.tucomarca.com\/wordpress\/segunda\/wp-content\/uploads\/2026\/04\/DipuAlcaldeTorrebaja-300x203.jpg 300w, https:\/\/www.tucomarca.com\/wordpress\/segunda\/wp-content\/uploads\/2026\/04\/DipuAlcaldeTorrebaja-768x519.jpg 768w\" sizes=\"auto, (max-width: 945px) 100vw, 945px\" \/><\/figure>\n\n\n\n<figure class=\"wp-block-image size-large\"><img loading=\"lazy\" decoding=\"async\" width=\"945\" height=\"638\" data-id=\"299702\" src=\"https:\/\/www.tucomarca.com\/wordpress\/segunda\/wp-content\/uploads\/2026\/04\/DipuAlcaldesaAlpuente.jpg\" alt=\"\" class=\"wp-image-299702\" srcset=\"https:\/\/www.tucomarca.com\/wordpress\/segunda\/wp-content\/uploads\/2026\/04\/DipuAlcaldesaAlpuente.jpg 945w, https:\/\/www.tucomarca.com\/wordpress\/segunda\/wp-content\/uploads\/2026\/04\/DipuAlcaldesaAlpuente-300x203.jpg 300w, https:\/\/www.tucomarca.com\/wordpress\/segunda\/wp-content\/uploads\/2026\/04\/DipuAlcaldesaAlpuente-768x519.jpg 768w\" sizes=\"auto, (max-width: 945px) 100vw, 945px\" \/><\/figure>\n\n\n\n<figure class=\"wp-block-image size-large\"><img loading=\"lazy\" decoding=\"async\" width=\"945\" height=\"638\" data-id=\"299704\" src=\"https:\/\/www.tucomarca.com\/wordpress\/segunda\/wp-content\/uploads\/2026\/04\/DipuAlcaldesaSerra.jpg\" alt=\"\" class=\"wp-image-299704\" srcset=\"https:\/\/www.tucomarca.com\/wordpress\/segunda\/wp-content\/uploads\/2026\/04\/DipuAlcaldesaSerra.jpg 945w, https:\/\/www.tucomarca.com\/wordpress\/segunda\/wp-content\/uploads\/2026\/04\/DipuAlcaldesaSerra-300x203.jpg 300w, https:\/\/www.tucomarca.com\/wordpress\/segunda\/wp-content\/uploads\/2026\/04\/DipuAlcaldesaSerra-768x519.jpg 768w\" sizes=\"auto, (max-width: 945px) 100vw, 945px\" \/><\/figure>\n<\/figure>\n\n\n\n<p><\/p>\n\n\n\n<p>En palabras del m\u00e1ximo responsable provincial, \u201choy estamos aqu\u00ed para acabar con un silencio administrativo que ha durado ocho a\u00f1os, para responder con hechos e inversi\u00f3n a quienes vaticinaban que \u00edbamos a condenar a la par\u00e1lisis a nuestros pueblos por no tener presupuesto\u201d. La respuesta del gobierno que encabeza Momp\u00f3 es \u201cel mayor impulso al patrimonio valenciano en la \u00faltima d\u00e9cada, una apuesta estrat\u00e9gica que no es un plan de chapa y pintura, sino un ejemplo de justicia territorial, de invertir en nuestra historia respetando el pasado y mirando hacia el futuro, con proyectos que generan trabajo, crean turismo y dan motivo a nuestra gente para que se quede a vivir en sus pueblos\u201d.<\/p>\n\n\n\n<p>La vicepresidenta Enguix ha explicado que \u201calgunas de las actuaciones dan respuesta a edificios afectados por la dana, y otras simplemente servir\u00e1n para mejorar las condiciones de inmuebles con un importante valor patrimonial que han sufrido un grave deterioro al no actuar en su conservaci\u00f3n\u201d. El presidente Momp\u00f3, por su parte, ha insistido en que \u201cno hemos venido a administrar la nostalgia de lo que fuimos, sino a construir el orgullo de lo que somos, rescatando del olvido nuestros palacios, castillos y ermitas y haciendo el esfuerzo que merece nuestra historia\u201d.<\/p>\n\n\n\n<p>En la misma l\u00ednea se ha expresado el arquitecto Tirso \u00c1vila, t\u00e9cnico especialista en intervenci\u00f3n en Patrimonio, al asegurar que el plan de subvenciones impulsado por la Diputaci\u00f3n \u201csupone la recuperaci\u00f3n de una tradici\u00f3n importante de apoyo al patrimonio inmueble de la provincia\u201d. Una de las grandes virtudes del programa, en opini\u00f3n del experto, \u201ces que lo promueve una administraci\u00f3n que conoce de primera mano el territorio, con una visi\u00f3n directa de los municipios, de sus necesidades y de las dificultades que afrontan\u201d.<\/p>\n","protected":false},"excerpt":{"rendered":"<div class=\"mh-excerpt\">Ambos proyectos se enmarcan en el Plan de Recuperaci\u00f3n del Patrimonio Valenciano, que recoge cuatro actuaciones en Camp de T\u00faria, dos en el Rinc\u00f3n de Ademuz y una en la Serran\u00eda. El presidente Momp\u00f3 y <a class=\"mh-excerpt-more\" href=\"https:\/\/www.tucomarca.com\/wordpress\/segunda\/la-diputacio-de-valencia-rehabilitara-la-torre-del-virrey-de-leliana-y-el-castillo-de-castielfabib\/\" title=\"La Diputaci\u00f3 de Val\u00e8ncia rehabilitar\u00e1 la Torre del Virrey de l\u2019Eliana y el castillo de Castielfabib\">[+] <\/a><\/div>\n","protected":false},"author":12,"featured_media":299708,"comment_status":"closed","ping_status":"open","sticky":false,"template":"","format":"standard","meta":{"footnotes":""},"categories":[49,198,237,46,225,226,128,177,8,59,7,181,142,3,76,45],"tags":[10395,3677,10612,3912,22424],"class_list":{"0":"post-299680","1":"post","2":"type-post","3":"status-publish","4":"format-standard","5":"has-post-thumbnail","7":"category-ademuz","8":"category-alpuente","9":"category-benisano","10":"category-camp-de-turia","11":"category-casas-bajas","12":"category-castielfabib","13":"category-infraestructuras","14":"category-leliana","15":"category-la-comarca","16":"category-los-serranos","17":"category-ocio-y-cultura","18":"category-olocau","19":"category-politica-la-comarca","20":"category-seccion","21":"category-serra","22":"category-ventana","23":"tag-camp-de-turia","24":"tag-diputacio-de-valencia","25":"tag-el-rincon-de-ademuz","26":"tag-la-serrania","27":"tag-plan-de-recuperacion"},"_links":{"self":[{"href":"https:\/\/www.tucomarca.com\/wordpress\/segunda\/wp-json\/wp\/v2\/posts\/299680","targetHints":{"allow":["GET"]}}],"collection":[{"href":"https:\/\/www.tucomarca.com\/wordpress\/segunda\/wp-json\/wp\/v2\/posts"}],"about":[{"href":"https:\/\/www.tucomarca.com\/wordpress\/segunda\/wp-json\/wp\/v2\/types\/post"}],"author":[{"embeddable":true,"href":"https:\/\/www.tucomarca.com\/wordpress\/segunda\/wp-json\/wp\/v2\/users\/12"}],"replies":[{"embeddable":true,"href":"https:\/\/www.tucomarca.com\/wordpress\/segunda\/wp-json\/wp\/v2\/comments?post=299680"}],"version-history":[{"count":4,"href":"https:\/\/www.tucomarca.com\/wordpress\/segunda\/wp-json\/wp\/v2\/posts\/299680\/revisions"}],"predecessor-version":[{"id":299757,"href":"https:\/\/www.tucomarca.com\/wordpress\/segunda\/wp-json\/wp\/v2\/posts\/299680\/revisions\/299757"}],"wp:featuredmedia":[{"embeddable":true,"href":"https:\/\/www.tucomarca.com\/wordpress\/segunda\/wp-json\/wp\/v2\/media\/299708"}],"wp:attachment":[{"href":"https:\/\/www.tucomarca.com\/wordpress\/segunda\/wp-json\/wp\/v2\/media?parent=299680"}],"wp:term":[{"taxonomy":"category","embeddable":true,"href":"https:\/\/www.tucomarca.com\/wordpress\/segunda\/wp-json\/wp\/v2\/categories?post=299680"},{"taxonomy":"post_tag","embeddable":true,"href":"https:\/\/www.tucomarca.com\/wordpress\/segunda\/wp-json\/wp\/v2\/tags?post=299680"}],"curies":[{"name":"wp","href":"https:\/\/api.w.org\/{rel}","templated":true}]}}