{"id":299696,"date":"2026-04-23T13:00:00","date_gmt":"2026-04-23T11:00:00","guid":{"rendered":"https:\/\/www.tucomarca.com\/wordpress\/segunda\/?p=299696"},"modified":"2026-04-23T20:58:25","modified_gmt":"2026-04-23T18:58:25","slug":"la-generalitat-inicia-una-nueva-fase-de-recuperacion-en-el-parque-del-turia-centrada-en-la-reconstruccion-de-27-kilometros-de-ciclovias-y-sus-infraestructuras","status":"publish","type":"post","link":"https:\/\/www.tucomarca.com\/wordpress\/segunda\/la-generalitat-inicia-una-nueva-fase-de-recuperacion-en-el-parque-del-turia-centrada-en-la-reconstruccion-de-27-kilometros-de-ciclovias-y-sus-infraestructuras\/","title":{"rendered":"La Generalitat inicia una nueva fase de recuperaci\u00f3n en el Parque del Turia centrada en la reconstrucci\u00f3n de 27 kil\u00f3metros de ciclov\u00edas y sus infraestructuras"},"content":{"rendered":"\n<figure class=\"wp-block-image size-large\"><img loading=\"lazy\" decoding=\"async\" width=\"1024\" height=\"694\" src=\"https:\/\/www.tucomarca.com\/wordpress\/segunda\/wp-content\/uploads\/2026\/04\/ParqueFluvialDANA2-1024x694.png\" alt=\"\" class=\"wp-image-299713\" srcset=\"https:\/\/www.tucomarca.com\/wordpress\/segunda\/wp-content\/uploads\/2026\/04\/ParqueFluvialDANA2-1024x694.png 1024w, https:\/\/www.tucomarca.com\/wordpress\/segunda\/wp-content\/uploads\/2026\/04\/ParqueFluvialDANA2-300x203.png 300w, https:\/\/www.tucomarca.com\/wordpress\/segunda\/wp-content\/uploads\/2026\/04\/ParqueFluvialDANA2-768x521.png 768w, https:\/\/www.tucomarca.com\/wordpress\/segunda\/wp-content\/uploads\/2026\/04\/ParqueFluvialDANA2.png 1385w\" sizes=\"auto, (max-width: 1024px) 100vw, 1024px\" \/><\/figure>\n\n\n\n<h3 class=\"wp-block-heading\">La inversi\u00f3n de tres millones de euros permite recuperar la \u2018Ruta verde fluvial del Turia\u2019 afectada por la dana&nbsp;tras acabar un centenar de actuaciones y los trabajos de la CHJ.<\/h3>\n\n\n\n<h3 class=\"wp-block-heading\">El comisionado para la Recuperaci\u00f3n indica que \u201ceste enclave es esencial para vertebrar un \u00e1rea altamente poblada e industrializada en el entorno metropolitano de Val\u00e8ncia\u201d.<\/h3>\n\n\n\n<p>La Generalitat ha iniciado una nueva fase de reconstrucci\u00f3n para recuperar el Parque Natural del Turia tras la riada de 2024 y ha anunciado que las pr\u00f3ximas semanas se contratar\u00e1, por tres millones de euros, los trabajos de reconstrucci\u00f3n de la ciclov\u00eda destruida por la dana que recorre 12 municipios aleda\u00f1os al parque, a lo largo de 27 kil\u00f3metros, vertebrando as\u00ed el \u00e1rea metropolitana entre Val\u00e8ncia y Villamarxant.<\/p>\n\n\n\n<p>El comisionado para la Recuperaci\u00f3n, Ra\u00fal M\u00e9rida, ha realizado estas declaraciones en el marco de la comisi\u00f3n mixta Generalitat-Gobierno central a la que ha asistido junto a la comisionada del Gobierno para la dana, Zulima P\u00e9rez, y representantes de ayuntamientos lim\u00edtrofes con el Parque Natural del Turia como Vilamarxant, Riba-roja de T\u00faria o Chulilla, entre otros.<\/p>\n\n\n\n<p>M\u00e9rida ha expresado la \u201cnecesidad de que la Generalitat y el Gobierno central a\u00fanen esfuerzos para recuperar e impulsar el Parque Natural del Turia tras el da\u00f1o causado por la riada\u201d. En este sentido, ha remarcado la colaboraci\u00f3n con la Confederaci\u00f3n Hidrogr\u00e1fica del J\u00facar (CHJ), que tambi\u00e9n ha actuado en el cauce y con el que se colabora para recuperar la v\u00eda ciclopeatonal, as\u00ed como sus infraestructuras.&nbsp;<\/p>\n\n\n\n<p>En este sentido, ha destacado que la Generalitat ha puesto en marcha un plan de choque para la recuperaci\u00f3n integral de este parque que busca hacer frente a da\u00f1os por valor de 21,5 millones de euros ocasionados por la dana. \u201cLas obras en marcha no solo buscan restituir infraestructuras y espacios da\u00f1ados, sino tambi\u00e9n mejorar la seguridad de los visitantes y prevenir futuros da\u00f1os, tanto en las instalaciones como en el ecosistema del entorno fluvial\u201d.&nbsp;<\/p>\n\n\n\n<p>En este sentido, los puentes destruidos de las diferentes rutas se sustituir\u00e1n por badenes inundables, se construir\u00e1n cinco pasarelas (tres para veh\u00edculos y dos para peatones y bicicletas) que faciliten el paso y se cambiar\u00e1 la ubicaci\u00f3n del centro de interpretaci\u00f3n para que no est\u00e9 en el cauce.&nbsp;<\/p>\n\n\n\n<p>La Generalitat ha invertido 111.291 euros en la demolici\u00f3n del antiguo edificio, que qued\u00f3 arrasado por la riada, y ha habilitado unas nuevas instalaciones, que tambi\u00e9n sirven de base de operaciones de los equipos que trabajan en la recuperaci\u00f3n del entorno, como las brigadas de Vaersa, hasta disponer de una nueva infraestructura.<\/p>\n\n\n\n<p>\u201cEl Parque Natural del Turia constituye un entorno \u00fanico que se extiende a lo largo de 35 kil\u00f3metros con tres ambientes diferenciados, el r\u00edo, el bosque y los cultivos. La existencia de este enclave natural es especialmente importante, sobre todo por ubicarse en un \u00e1rea altamente poblada e industrializada, lo que lo convierte en un pulm\u00f3n verde esencial para el \u00e1rea metropolitana de Val\u00e8ncia\u201d, ha se\u00f1alado M\u00e9rida.&nbsp;<\/p>\n\n\n\n<figure class=\"wp-block-image size-large\"><img loading=\"lazy\" decoding=\"async\" width=\"1024\" height=\"768\" src=\"https:\/\/www.tucomarca.com\/wordpress\/segunda\/wp-content\/uploads\/2026\/04\/ParqueFluvialDANA-1024x768.jpeg\" alt=\"\" class=\"wp-image-299711\" srcset=\"https:\/\/www.tucomarca.com\/wordpress\/segunda\/wp-content\/uploads\/2026\/04\/ParqueFluvialDANA-1024x768.jpeg 1024w, https:\/\/www.tucomarca.com\/wordpress\/segunda\/wp-content\/uploads\/2026\/04\/ParqueFluvialDANA-300x225.jpeg 300w, https:\/\/www.tucomarca.com\/wordpress\/segunda\/wp-content\/uploads\/2026\/04\/ParqueFluvialDANA-768x576.jpeg 768w, https:\/\/www.tucomarca.com\/wordpress\/segunda\/wp-content\/uploads\/2026\/04\/ParqueFluvialDANA-1536x1152.jpeg 1536w, https:\/\/www.tucomarca.com\/wordpress\/segunda\/wp-content\/uploads\/2026\/04\/ParqueFluvialDANA-678x509.jpeg 678w, https:\/\/www.tucomarca.com\/wordpress\/segunda\/wp-content\/uploads\/2026\/04\/ParqueFluvialDANA-326x245.jpeg 326w, https:\/\/www.tucomarca.com\/wordpress\/segunda\/wp-content\/uploads\/2026\/04\/ParqueFluvialDANA-80x60.jpeg 80w, https:\/\/www.tucomarca.com\/wordpress\/segunda\/wp-content\/uploads\/2026\/04\/ParqueFluvialDANA.jpeg 1600w\" sizes=\"auto, (max-width: 1024px) 100vw, 1024px\" \/><\/figure>\n\n\n\n<p><\/p>\n\n\n\n<p><strong>Ruta verde fluvial del Turia<\/strong><\/p>\n\n\n\n<p>La ciclov\u00eda que va a restaurar la Generalitat, denominada \u2018Ruta verde fluvial del Turia\u2019, constituye un recorrido por pista forestal a lo largo de la ribera del r\u00edo. Consta de diferentes puentes y pasarelas que cruzan el r\u00edo, miradores y \u00e1reas recreativas para el esparcimiento.&nbsp;<\/p>\n\n\n\n<p>Se trata de una ruta poco exigente con una pendiente m\u00e1xima de 100 metros, que puede hacerse de forma completa o parcial, y que es muy transitada por familias y grupos de gente. Al vial se puede tambi\u00e9n acceder desde Ll\u00edria y Benaguasil. Asimismo, una vez completada la ruta, existe la posibilidad de llegar hasta el municipio de Pedralba haciendo senderismo, pues la ruta del Parque Fluvial conecta con la Ruta del Agua, y a su vez con la Ruta de la Pea, a trav\u00e9s de la cual se puede llegar a Pedralba.<\/p>\n\n\n\n<p>M\u00e9rida ha destacado la importancia de los parques naturales, en este caso el del Turia, por lo que suponen \u201cpara el patrimonio natural y tambi\u00e9n para los municipios porque generan actividad y econom\u00eda, fijan la poblaci\u00f3n y posibilitan un espacio para disfrutar del entorno, recorrerlo y tener interacci\u00f3n con la naturaleza y el deporte, lo que beneficia la salud mental, especialmente la de aquellas personas que sufrieron la riada\u201d.<\/p>\n\n\n\n<p><strong>178 actuaciones&nbsp;<\/strong><\/p>\n\n\n\n<p>Asimismo, por parte del Consell, en el marco del Plan Endavant, tambi\u00e9n se han llevado a cabo 178 actuaciones centradas en la protecci\u00f3n de la fauna aut\u00f3ctona, el tratamiento de la vegetaci\u00f3n, el mantenimiento de plantaciones y la regeneraci\u00f3n de \u00e1reas degradadas del parque. En materia de infraestructuras, se han adecuado itinerarios, se han arreglado caminos, se ha actuado sobre pistas forestales y se han restaurado \u00e1reas de uso p\u00fablico e infraestructuras diversas.<\/p>\n\n\n\n<p>Una vez completadas estas actuaciones y ejecutados la mayor parte de los trabajos por parte de la CHJ en el cauce se puede iniciar una nueva fase de recuperaci\u00f3n centrada en la recuperaci\u00f3n del gran itinerario ciclopeatonal.<\/p>\n","protected":false},"excerpt":{"rendered":"<div class=\"mh-excerpt\">La inversi\u00f3n de tres millones de euros permite recuperar la \u2018Ruta verde fluvial del Turia\u2019 afectada por la dana&nbsp;tras acabar un centenar de actuaciones y los trabajos de la CHJ. El comisionado para la Recuperaci\u00f3n <a class=\"mh-excerpt-more\" href=\"https:\/\/www.tucomarca.com\/wordpress\/segunda\/la-generalitat-inicia-una-nueva-fase-de-recuperacion-en-el-parque-del-turia-centrada-en-la-reconstruccion-de-27-kilometros-de-ciclovias-y-sus-infraestructuras\/\" title=\"La Generalitat inicia una nueva fase de recuperaci\u00f3n en el Parque del Turia centrada en la reconstrucci\u00f3n de 27 kil\u00f3metros de ciclov\u00edas y sus infraestructuras\">[+] <\/a><\/div>\n","protected":false},"author":1,"featured_media":299711,"comment_status":"closed","ping_status":"open","sticky":false,"template":"","format":"standard","meta":{"footnotes":""},"categories":[46,192,21465,128,8,72,59,117,142,182,3,116,45,184],"tags":[15296,10445,12831,15023],"class_list":{"0":"post-299696","1":"post","2":"type-post","3":"status-publish","4":"format-standard","5":"has-post-thumbnail","7":"category-camp-de-turia","8":"category-chulilla","9":"category-dana","10":"category-infraestructuras","11":"category-la-comarca","12":"category-sin-categorizar","13":"category-los-serranos","14":"category-medio-ambiente-la-comarca","15":"category-politica-la-comarca","16":"category-riba-roja","17":"category-seccion","18":"category-sucesos-la-comarca","19":"category-ventana","20":"category-vilamarxant","21":"tag-camp-de-turia-2","22":"tag-chulilla","23":"tag-dana-2","24":"tag-riba-roja-de-turia"},"_links":{"self":[{"href":"https:\/\/www.tucomarca.com\/wordpress\/segunda\/wp-json\/wp\/v2\/posts\/299696","targetHints":{"allow":["GET"]}}],"collection":[{"href":"https:\/\/www.tucomarca.com\/wordpress\/segunda\/wp-json\/wp\/v2\/posts"}],"about":[{"href":"https:\/\/www.tucomarca.com\/wordpress\/segunda\/wp-json\/wp\/v2\/types\/post"}],"author":[{"embeddable":true,"href":"https:\/\/www.tucomarca.com\/wordpress\/segunda\/wp-json\/wp\/v2\/users\/1"}],"replies":[{"embeddable":true,"href":"https:\/\/www.tucomarca.com\/wordpress\/segunda\/wp-json\/wp\/v2\/comments?post=299696"}],"version-history":[{"count":2,"href":"https:\/\/www.tucomarca.com\/wordpress\/segunda\/wp-json\/wp\/v2\/posts\/299696\/revisions"}],"predecessor-version":[{"id":299721,"href":"https:\/\/www.tucomarca.com\/wordpress\/segunda\/wp-json\/wp\/v2\/posts\/299696\/revisions\/299721"}],"wp:featuredmedia":[{"embeddable":true,"href":"https:\/\/www.tucomarca.com\/wordpress\/segunda\/wp-json\/wp\/v2\/media\/299711"}],"wp:attachment":[{"href":"https:\/\/www.tucomarca.com\/wordpress\/segunda\/wp-json\/wp\/v2\/media?parent=299696"}],"wp:term":[{"taxonomy":"category","embeddable":true,"href":"https:\/\/www.tucomarca.com\/wordpress\/segunda\/wp-json\/wp\/v2\/categories?post=299696"},{"taxonomy":"post_tag","embeddable":true,"href":"https:\/\/www.tucomarca.com\/wordpress\/segunda\/wp-json\/wp\/v2\/tags?post=299696"}],"curies":[{"name":"wp","href":"https:\/\/api.w.org\/{rel}","templated":true}]}}