{"id":299726,"date":"2026-04-23T11:15:00","date_gmt":"2026-04-23T09:15:00","guid":{"rendered":"https:\/\/www.tucomarca.com\/wordpress\/segunda\/?p=299726"},"modified":"2026-04-23T20:24:41","modified_gmt":"2026-04-23T18:24:41","slug":"la-diputacio-de-valencia-rehabilitara-la-torre-de-montroi-con-una-inversion-de-816-000-euros","status":"publish","type":"post","link":"https:\/\/www.tucomarca.com\/wordpress\/segunda\/la-diputacio-de-valencia-rehabilitara-la-torre-de-montroi-con-una-inversion-de-816-000-euros\/","title":{"rendered":"La Diputaci\u00f3 de Val\u00e8ncia rehabilitar\u00e1 la Torre de Montroi con una inversi\u00f3n de 816.000 euros"},"content":{"rendered":"\n<h3 class=\"wp-block-heading\">El proyecto se enmarca en el Plan de Recuperaci\u00f3n del Patrimonio Valenciano puesto en marcha por la corporaci\u00f3n, que tambi\u00e9n incluye actuaciones en el cementerio de Guadassuar, sumando una inversi\u00f3n de 1 mill\u00f3n de euros en la Ribera Alta.<\/h3>\n\n\n\n<h3 class=\"wp-block-heading\">El presidente Momp\u00f3 y la vicepresidenta Enguix coinciden en que este plan, dotado con 12 millones, \u201cnunca debi\u00f3 abandonarse\u201d y anuncian cinco millones m\u00e1s para dar respuesta a todas las solicitudes presentadas.<\/h3>\n\n\n\n<p>La Diputaci\u00f3 de Val\u00e8ncia va a llevar a cabo dos proyectos de rehabilitaci\u00f3n patrimonial en la comarca de la Ribera Alta con una inversi\u00f3n total de 1.008.796 euros. Se trata de la rehabilitaci\u00f3n en la Torre de Montroi y de varias mejoras en el cementerio de Guadassuar. Ambas actuaciones se enmarcan en el Plan de Recuperaci\u00f3n del Patrimonio Valenciano que ha presentado este mi\u00e9rcoles la corporaci\u00f3n provincial, que recoge 30 proyectos aprobados en otros tantos municipios de la provincia con el fin de rehabilitar diferentes joyas de nuestro patrimonio.<\/p>\n\n\n\n<p>La Diputaci\u00f3n va a destinar 816.000 euros a la rehabilitaci\u00f3n de la Torre de Montroi. Se trata del \u00fanico resto que queda en pie del antiguo Castillo del municipio, desde el cual se puede observar una bella panor\u00e1mica del entorno que rodea a esta joya patrimonial, declarada BIC y ubicada en una parcela de algo m\u00e1s de 3.000 metros cuadrados propiedad del ayuntamiento. Construida durante el periodo almohade, en la segunda mitad del siglo XII, se encuentra conformada por cuatro gruesos muros de tapial.<\/p>\n\n\n\n<figure class=\"wp-block-gallery has-nested-images columns-default is-cropped wp-block-gallery-1 is-layout-flex wp-block-gallery-is-layout-flex\">\n<figure class=\"wp-block-image size-large\"><img loading=\"lazy\" decoding=\"async\" width=\"945\" height=\"638\" data-id=\"299733\" src=\"https:\/\/www.tucomarca.com\/wordpress\/segunda\/wp-content\/uploads\/2026\/04\/DipuPatrimonio_TorreMontroi2.jpg\" alt=\"\" class=\"wp-image-299733\" srcset=\"https:\/\/www.tucomarca.com\/wordpress\/segunda\/wp-content\/uploads\/2026\/04\/DipuPatrimonio_TorreMontroi2.jpg 945w, https:\/\/www.tucomarca.com\/wordpress\/segunda\/wp-content\/uploads\/2026\/04\/DipuPatrimonio_TorreMontroi2-300x203.jpg 300w, https:\/\/www.tucomarca.com\/wordpress\/segunda\/wp-content\/uploads\/2026\/04\/DipuPatrimonio_TorreMontroi2-768x519.jpg 768w\" sizes=\"auto, (max-width: 945px) 100vw, 945px\" \/><\/figure>\n\n\n\n<figure class=\"wp-block-image size-large\"><img loading=\"lazy\" decoding=\"async\" width=\"945\" height=\"638\" data-id=\"299729\" src=\"https:\/\/www.tucomarca.com\/wordpress\/segunda\/wp-content\/uploads\/2026\/04\/DipuAlcaldeMontroi.jpg\" alt=\"\" class=\"wp-image-299729\" srcset=\"https:\/\/www.tucomarca.com\/wordpress\/segunda\/wp-content\/uploads\/2026\/04\/DipuAlcaldeMontroi.jpg 945w, https:\/\/www.tucomarca.com\/wordpress\/segunda\/wp-content\/uploads\/2026\/04\/DipuAlcaldeMontroi-300x203.jpg 300w, https:\/\/www.tucomarca.com\/wordpress\/segunda\/wp-content\/uploads\/2026\/04\/DipuAlcaldeMontroi-768x519.jpg 768w\" sizes=\"auto, (max-width: 945px) 100vw, 945px\" \/><\/figure>\n<\/figure>\n\n\n\n<p><\/p>\n\n\n\n<p>Entre las intervenciones proyectadas, se incluyen trabajos arqueol\u00f3gicos en el subsuelo de la torre; la restauraci\u00f3n de los tapiales; la eliminaci\u00f3n de grafitis y policrom\u00edas; saneado del remate y limpieza de las fachadas; la hidrofugaci\u00f3n de superficies; tratamiento preventivo de los elementos de madera; recuperaci\u00f3n del aljibe; la instalaci\u00f3n de pavimento en la cubierta; la recuperaci\u00f3n de las escaleras interiores y la construcci\u00f3n de una escalera exterior de acceso a la torre; instalaci\u00f3n el\u00e9ctrica y alumbrado; y acondicionamiento de los terrenos que bordean la torre con protecci\u00f3n de los restos arqueol\u00f3gicos.<\/p>\n\n\n\n<p>En cuanto a los trabajos en el cementerio de Guadassuar, la instituci\u00f3n provincial va a invertir 193.000 euros en diferentes actuaciones, entre las que destacan la eliminaci\u00f3n de las humedades en la capilla, la sustituci\u00f3n de la cubierta en nichos y la adecuaci\u00f3n del acceso y de la zona del osario. El cementerio municipal de Guadassuar forma parte del patrimonio hist\u00f3rico y cultural del municipio, situ\u00e1ndose en un entorno con elementos de gran valor patrimonial.<\/p>\n\n\n\n<p><strong>Plan de Recuperaci\u00f3n del Patrimonio<\/strong><\/p>\n\n\n\n<p>La Diputaci\u00f3 de Val\u00e8ncia ha anunciado este mi\u00e9rcoles los 30 proyectos aprobados en otros tantos municipios para la rehabilitaci\u00f3n de joyas patrimoniales de 13 comarcas. Con una inversi\u00f3n cercana a los 12 millones de euros, el Plan de Recuperaci\u00f3n del Patrimonio Valenciano tiene como objetivo \u201crestaurar bienes inmuebles que aportan identidad al territorio y nos acercan a nuestra historia\u201d, ha explicado la vicepresidenta Nat\u00e1lia Enguix, quien ha considerado que el programa \u201cnunca debi\u00f3 abandonarse\u201d. Por su parte, el presidente, Vicent Momp\u00f3, ha avanzado la intenci\u00f3n de la corporaci\u00f3n de ampliar el n\u00famero de municipios beneficiados con otros cinco millones de euros: \u201cde esta forma podremos atender todas las solicitudes presentadas\u201d.<\/p>\n\n\n\n<p>La responsable de Cooperaci\u00f3n Municipal y coordinadora del plan ha expuesto una a una las actuaciones que acometer\u00e1n los ayuntamientos en los pr\u00f3ximos meses en edificios catalogados como BIC o Bienes de Relevancia Local. \u201cEn esta primera convocatoria, despu\u00e9s de ocho a\u00f1os sin que se haya puesto en marcha el programa, hemos atendido todas las solicitudes que hemos podido, pero nuestra intenci\u00f3n es no dejar a nadie fuera y seguir recuperando el rico patrimonio que forma parte de la historia de nuestros pueblos y comarcas\u201d, ha afirmado Nat\u00e0lia Enguix en referencia a la ampliaci\u00f3n presupuestaria anunciada por el presidente.<\/p>\n\n\n\n<p>Todas las actuaciones financiadas tienen un presupuesto superior a 100.000 euros y pueden recibir una subvenci\u00f3n de hasta el mill\u00f3n de euros en el caso de Bienes de Inter\u00e9s Cultural y hasta 500.000 para los Bienes de Relevancia Local. El 75% de la ayuda concedida se pagar\u00e1 en el momento de la adjudicaci\u00f3n de las obras y el resto tras la justificaci\u00f3n de los trabajos. \u201cHablamos de castillos, torres, palacios, ermitas y otros edificios hist\u00f3ricos en los que la Diputaci\u00f3n seguir\u00e1 interviniendo para evitar su deterioro e impulsar su impacto en el turismo\u201d, ha se\u00f1alado el presidente Momp\u00f3.<\/p>\n\n\n\n<p>En palabras del m\u00e1ximo responsable provincial, \u201choy estamos aqu\u00ed para acabar con un silencio administrativo que ha durado ocho a\u00f1os, para responder con hechos e inversi\u00f3n a quienes vaticinaban que \u00edbamos a condenar a la par\u00e1lisis a nuestros pueblos por no tener presupuesto\u201d. La respuesta del gobierno que encabeza Momp\u00f3 es \u201cel mayor impulso al patrimonio valenciano en la \u00faltima d\u00e9cada, una apuesta estrat\u00e9gica que no es un plan de chapa y pintura, sino un ejemplo de justicia territorial, de invertir en nuestra historia respetando el pasado y mirando hacia el futuro, con proyectos que generan trabajo, crean turismo y dan motivo a nuestra gente para que se quede a vivir en sus pueblos\u201d.<\/p>\n\n\n\n<p>La vicepresidenta Enguix ha explicado que \u201calgunas de las actuaciones dan respuesta a edificios afectados por la dana, y otras simplemente servir\u00e1n para mejorar las condiciones de inmuebles con un importante valor patrimonial que han sufrido un grave deterioro al no actuar en su conservaci\u00f3n\u201d. El presidente Momp\u00f3, por su parte, ha insistido en que \u201cno hemos venido a administrar la nostalgia de lo que fuimos, sino a construir el orgullo de lo que somos, rescatando del olvido nuestros palacios, castillos y ermitas y haciendo el esfuerzo que merece nuestra historia\u201d.<\/p>\n\n\n\n<p>En la misma l\u00ednea se ha expresado el arquitecto Tirso \u00c1vila, t\u00e9cnico especialista en intervenci\u00f3n en Patrimonio, al asegurar que el plan de subvenciones impulsado por la Diputaci\u00f3n \u201csupone la recuperaci\u00f3n de una tradici\u00f3n importante de apoyo al patrimonio inmueble de la provincia\u201d. Una de las grandes virtudes del programa, en opini\u00f3n del experto, \u201ces que lo promueve una administraci\u00f3n que conoce de primera mano el territorio, con una visi\u00f3n directa de los municipios, de sus necesidades y de las dificultades que afrontan\u201d.<\/p>\n","protected":false},"excerpt":{"rendered":"<div class=\"mh-excerpt\">El proyecto se enmarca en el Plan de Recuperaci\u00f3n del Patrimonio Valenciano puesto en marcha por la corporaci\u00f3n, que tambi\u00e9n incluye actuaciones en el cementerio de Guadassuar, sumando una inversi\u00f3n de 1 mill\u00f3n de euros <a class=\"mh-excerpt-more\" href=\"https:\/\/www.tucomarca.com\/wordpress\/segunda\/la-diputacio-de-valencia-rehabilitara-la-torre-de-montroi-con-una-inversion-de-816-000-euros\/\" title=\"La Diputaci\u00f3 de Val\u00e8ncia rehabilitar\u00e1 la Torre de Montroi con una inversi\u00f3n de 816.000 euros\">[+] <\/a><\/div>\n","protected":false},"author":12,"featured_media":299731,"comment_status":"closed","ping_status":"open","sticky":false,"template":"","format":"standard","meta":{"footnotes":""},"categories":[143,128,8,42,160,7,142,3,45],"tags":[3677,1138,1407],"class_list":{"0":"post-299726","1":"post","2":"type-post","3":"status-publish","4":"format-standard","5":"has-post-thumbnail","7":"category-guadassuar","8":"category-infraestructuras","9":"category-la-comarca","10":"category-la-ribera","11":"category-montroi","12":"category-ocio-y-cultura","13":"category-politica-la-comarca","14":"category-seccion","15":"category-ventana","16":"tag-diputacio-de-valencia","17":"tag-montroi","18":"tag-ribera-alta"},"_links":{"self":[{"href":"https:\/\/www.tucomarca.com\/wordpress\/segunda\/wp-json\/wp\/v2\/posts\/299726","targetHints":{"allow":["GET"]}}],"collection":[{"href":"https:\/\/www.tucomarca.com\/wordpress\/segunda\/wp-json\/wp\/v2\/posts"}],"about":[{"href":"https:\/\/www.tucomarca.com\/wordpress\/segunda\/wp-json\/wp\/v2\/types\/post"}],"author":[{"embeddable":true,"href":"https:\/\/www.tucomarca.com\/wordpress\/segunda\/wp-json\/wp\/v2\/users\/12"}],"replies":[{"embeddable":true,"href":"https:\/\/www.tucomarca.com\/wordpress\/segunda\/wp-json\/wp\/v2\/comments?post=299726"}],"version-history":[{"count":4,"href":"https:\/\/www.tucomarca.com\/wordpress\/segunda\/wp-json\/wp\/v2\/posts\/299726\/revisions"}],"predecessor-version":[{"id":299751,"href":"https:\/\/www.tucomarca.com\/wordpress\/segunda\/wp-json\/wp\/v2\/posts\/299726\/revisions\/299751"}],"wp:featuredmedia":[{"embeddable":true,"href":"https:\/\/www.tucomarca.com\/wordpress\/segunda\/wp-json\/wp\/v2\/media\/299731"}],"wp:attachment":[{"href":"https:\/\/www.tucomarca.com\/wordpress\/segunda\/wp-json\/wp\/v2\/media?parent=299726"}],"wp:term":[{"taxonomy":"category","embeddable":true,"href":"https:\/\/www.tucomarca.com\/wordpress\/segunda\/wp-json\/wp\/v2\/categories?post=299726"},{"taxonomy":"post_tag","embeddable":true,"href":"https:\/\/www.tucomarca.com\/wordpress\/segunda\/wp-json\/wp\/v2\/tags?post=299726"}],"curies":[{"name":"wp","href":"https:\/\/api.w.org\/{rel}","templated":true}]}}