{"id":299728,"date":"2026-04-22T20:00:00","date_gmt":"2026-04-22T18:00:00","guid":{"rendered":"https:\/\/www.tucomarca.com\/wordpress\/segunda\/?p=299728"},"modified":"2026-04-23T20:19:17","modified_gmt":"2026-04-23T18:19:17","slug":"la-generalitat-tiene-en-marcha-81-iniciativas-de-recuperacion-postdana-relacionadas-con-el-medio-ambiente-en-el-marco-del-plan-endavant","status":"publish","type":"post","link":"https:\/\/www.tucomarca.com\/wordpress\/segunda\/la-generalitat-tiene-en-marcha-81-iniciativas-de-recuperacion-postdana-relacionadas-con-el-medio-ambiente-en-el-marco-del-plan-endavant\/","title":{"rendered":"La Generalitat tiene en marcha 81 iniciativas de recuperaci\u00f3n postdana relacionadas con el medio ambiente en el marco del Plan Endavant"},"content":{"rendered":"\n<h3 class=\"wp-block-heading\">El 71 % del total de 113 acciones medioambientales est\u00e1n ya iniciadas o completadas.<\/h3>\n\n\n\n<h3 class=\"wp-block-heading\">El comisionado para la Recuperaci\u00f3n se\u00f1ala que el objetivo es \u00abreconstruir, restaurar el equilibrio ecol\u00f3gico y potenciar el entorno natural para disponer de ecosistemas m\u00e1s resilientes\u201d.<\/h3>\n\n\n\n<p>La Generalitat tiene en marcha 81 iniciativas de recuperaci\u00f3n postdana relacionadas con el medio ambiente en el marco del Plan Endavant, lo que supone que el 71 % del total de 113 iniciativas englobadas en esta categor\u00eda est\u00e1n ya iniciadas o completadas.&nbsp;<\/p>\n\n\n\n<p>El comisionado para la Recuperaci\u00f3n, Ra\u00fal M\u00e9rida, ha hecho balance, con motivo del D\u00eda Internacional de la Madre Tierra, de los proyectos con acento verde incluidos en el Plan Endavant dise\u00f1ado por la Generalitat para impulsar la recuperaci\u00f3n y la reconstrucci\u00f3n tras la riada de 2024 e impulsar la resiliencia del territorio para que est\u00e9 mejor preparado para afrontar futuros fen\u00f3menos meteorol\u00f3gicos adversos.&nbsp;<\/p>\n\n\n\n<p>\u201cLa riada provoc\u00f3 da\u00f1os en los parques naturales, los ecosistemas forestales y los entornos naturales. Asimismo, tambi\u00e9n se vieron afectadas infraestructuras de prevenci\u00f3n de incendios forestales y de gesti\u00f3n de residuos\u201d, ha explicado el comisionado.&nbsp;<\/p>\n\n\n\n<p>\u201cAnte este escenario, desde el Consell nos marcamos como objetivo fundamental reconstruir las infraestructuras da\u00f1adas, restaurar el equilibrio ecol\u00f3gico y reforzar y potenciar el entorno natural para disponer de ecosistemas e infraestructura m\u00e1s resistentes y mejorar preparadas para afrontar posibles avenidas de agua\u201d, ha se\u00f1alado.&nbsp;<\/p>\n\n\n\n<p>Entre las medidas que ya se han completado figuran la reparaci\u00f3n de da\u00f1os en centros de gesti\u00f3n y conservaci\u00f3n del medio ambiente y la restauraci\u00f3n de instalaciones recreativas y senderos afectados por la dana, entre otras, la restauraci\u00f3n de pistas, sendas y caminos en Chera, Sot de Chera y las Hoces del Cabriel.&nbsp;<\/p>\n\n\n\n<p>En total, la Generalitat ha ejecutado 35 millones de euros en la adecuaci\u00f3n de caminos rurales tras la riada, con m\u00e1s de 600 actuaciones en toda la Comunitat Valenciana.<\/p>\n\n\n\n<p>Asimismo, el Consell ha desarrollado el plan de choque dise\u00f1ado para reducir los efectos de las inundaciones de octubre de 2024 en el Parque Natural de la Albufera y su entorno.<\/p>\n\n\n\n<p>Tambi\u00e9n en la Albufera la Generalitat ha realizado un diagn\u00f3stico del impacto de la riada en los ecosistemas del parque y un informe de la contaminaci\u00f3n del suelo en campos de cultivo. Mediante este estudio, se identificaron parcelas que requer\u00edan actuaciones de retirada de residuos.&nbsp;<\/p>\n\n\n\n<figure class=\"wp-block-image size-large\"><img loading=\"lazy\" decoding=\"async\" width=\"1024\" height=\"576\" src=\"https:\/\/www.tucomarca.com\/wordpress\/segunda\/wp-content\/uploads\/2026\/04\/DANAplaEndavant2-1024x576.jpeg\" alt=\"\" class=\"wp-image-299741\" srcset=\"https:\/\/www.tucomarca.com\/wordpress\/segunda\/wp-content\/uploads\/2026\/04\/DANAplaEndavant2-1024x576.jpeg 1024w, https:\/\/www.tucomarca.com\/wordpress\/segunda\/wp-content\/uploads\/2026\/04\/DANAplaEndavant2-300x169.jpeg 300w, https:\/\/www.tucomarca.com\/wordpress\/segunda\/wp-content\/uploads\/2026\/04\/DANAplaEndavant2-768x432.jpeg 768w, https:\/\/www.tucomarca.com\/wordpress\/segunda\/wp-content\/uploads\/2026\/04\/DANAplaEndavant2-1536x864.jpeg 1536w, https:\/\/www.tucomarca.com\/wordpress\/segunda\/wp-content\/uploads\/2026\/04\/DANAplaEndavant2-678x381.jpeg 678w, https:\/\/www.tucomarca.com\/wordpress\/segunda\/wp-content\/uploads\/2026\/04\/DANAplaEndavant2.jpeg 1600w\" sizes=\"auto, (max-width: 1024px) 100vw, 1024px\" \/><\/figure>\n\n\n\n<p><\/p>\n\n\n\n<p><strong>Retirada de residuos<\/strong><\/p>\n\n\n\n<p>En el \u00e1rea de residuos se ha desarrollado todo un programa que ha permitido la retirada y gesti\u00f3n de un mill\u00f3n de toneladas de lodos, desechos y enseres arrastrados por la riada, tras una inversi\u00f3n de la Generalitat de 250 millones de euros para ayudar a los ayuntamientos ante su imposibilidad de acometer una tarea que exced\u00eda su presupuesto y capacidad de gesti\u00f3n.<\/p>\n\n\n\n<p>Gran parte de estos residuos se han recogido en los parques naturales y en el entorno natural, especialmente en la Albufera, donde tambi\u00e9n se ha desarrollado una batimetr\u00eda.&nbsp;<\/p>\n\n\n\n<p>Asimismo, la Generalitat tambi\u00e9n ha retirado, en una veintena de municipios, los escombros derivados de las obras de recuperaci\u00f3n que se est\u00e1n llevando a cabo con una inversi\u00f3n de 40 millones de euros.&nbsp;<\/p>\n\n\n\n<p><strong>Otras iniciativas<\/strong><\/p>\n\n\n\n<p>Desde la Generalitat tambi\u00e9n se ha llevado a cabo la restauraci\u00f3n de observatorios forestales y de dep\u00f3sitos de agua, as\u00ed como la construcci\u00f3n de otros nuevos que servir\u00e1n de abastecimiento en caso de incendios forestales.&nbsp;<\/p>\n\n\n\n<p>En materia de animales, se han definido las zonas preparadas para acoger a animales de compa\u00f1\u00eda en casos de emergencia y se est\u00e1 trabajando en la reconstrucci\u00f3n de centros de animales afectados y en la puesta en marcha de una flota de veh\u00edculos habilitados para el transporte de animales.<\/p>\n\n\n\n<p>En material medioambiental, quedan pendientes de iniciarse 32 iniciativas del Pan Endavant, muchas de las cuales est\u00e1n planificadas para los pr\u00f3ximos meses. Es el caso de la reconstrucci\u00f3n de la pasarela accesible de la ribera del Cabriel, la mejora del sistema permanente de seguimiento ambiental de la Albufera, la restauraci\u00f3n de v\u00edas pecuarias para mejorar su resiliencia o el impulso del registro de animales de compa\u00f1\u00eda, entre otros proyectos.<\/p>\n","protected":false},"excerpt":{"rendered":"<div class=\"mh-excerpt\">El 71 % del total de 113 acciones medioambientales est\u00e1n ya iniciadas o completadas. El comisionado para la Recuperaci\u00f3n se\u00f1ala que el objetivo es \u00abreconstruir, restaurar el equilibrio ecol\u00f3gico y potenciar el entorno natural para <a class=\"mh-excerpt-more\" href=\"https:\/\/www.tucomarca.com\/wordpress\/segunda\/la-generalitat-tiene-en-marcha-81-iniciativas-de-recuperacion-postdana-relacionadas-con-el-medio-ambiente-en-el-marco-del-plan-endavant\/\" title=\"La Generalitat tiene en marcha 81 iniciativas de recuperaci\u00f3n postdana relacionadas con el medio ambiente en el marco del Plan Endavant\">[+] <\/a><\/div>\n","protected":false},"author":1,"featured_media":299743,"comment_status":"closed","ping_status":"open","sticky":false,"template":"","format":"standard","meta":{"footnotes":""},"categories":[186,21465,128,8,72,59,117,142,3,197,116,45],"tags":[10415,12831,3912,10400,10449],"class_list":{"0":"post-299728","1":"post","2":"type-post","3":"status-publish","4":"format-standard","5":"has-post-thumbnail","7":"category-chera-los-serranos","8":"category-dana","9":"category-infraestructuras","10":"category-la-comarca","11":"category-sin-categorizar","12":"category-los-serranos","13":"category-medio-ambiente-la-comarca","14":"category-politica-la-comarca","15":"category-seccion","16":"category-sot-de-chera","17":"category-sucesos-la-comarca","18":"category-ventana","19":"tag-chera","20":"tag-dana-2","21":"tag-la-serrania","22":"tag-los-serranos","23":"tag-sot-de-chera"},"_links":{"self":[{"href":"https:\/\/www.tucomarca.com\/wordpress\/segunda\/wp-json\/wp\/v2\/posts\/299728","targetHints":{"allow":["GET"]}}],"collection":[{"href":"https:\/\/www.tucomarca.com\/wordpress\/segunda\/wp-json\/wp\/v2\/posts"}],"about":[{"href":"https:\/\/www.tucomarca.com\/wordpress\/segunda\/wp-json\/wp\/v2\/types\/post"}],"author":[{"embeddable":true,"href":"https:\/\/www.tucomarca.com\/wordpress\/segunda\/wp-json\/wp\/v2\/users\/1"}],"replies":[{"embeddable":true,"href":"https:\/\/www.tucomarca.com\/wordpress\/segunda\/wp-json\/wp\/v2\/comments?post=299728"}],"version-history":[{"count":3,"href":"https:\/\/www.tucomarca.com\/wordpress\/segunda\/wp-json\/wp\/v2\/posts\/299728\/revisions"}],"predecessor-version":[{"id":299750,"href":"https:\/\/www.tucomarca.com\/wordpress\/segunda\/wp-json\/wp\/v2\/posts\/299728\/revisions\/299750"}],"wp:featuredmedia":[{"embeddable":true,"href":"https:\/\/www.tucomarca.com\/wordpress\/segunda\/wp-json\/wp\/v2\/media\/299743"}],"wp:attachment":[{"href":"https:\/\/www.tucomarca.com\/wordpress\/segunda\/wp-json\/wp\/v2\/media?parent=299728"}],"wp:term":[{"taxonomy":"category","embeddable":true,"href":"https:\/\/www.tucomarca.com\/wordpress\/segunda\/wp-json\/wp\/v2\/categories?post=299728"},{"taxonomy":"post_tag","embeddable":true,"href":"https:\/\/www.tucomarca.com\/wordpress\/segunda\/wp-json\/wp\/v2\/tags?post=299728"}],"curies":[{"name":"wp","href":"https:\/\/api.w.org\/{rel}","templated":true}]}}