{"id":299749,"date":"2026-04-23T09:00:00","date_gmt":"2026-04-23T07:00:00","guid":{"rendered":"https:\/\/www.tucomarca.com\/wordpress\/segunda\/?p=299749"},"modified":"2026-04-23T20:56:03","modified_gmt":"2026-04-23T18:56:03","slug":"cheste-arranca-un-proceso-participativo-para-disenar-un-refugio-climatico-en-la-escuela-de-adultos-afectada-por-la-dana","status":"publish","type":"post","link":"https:\/\/www.tucomarca.com\/wordpress\/segunda\/cheste-arranca-un-proceso-participativo-para-disenar-un-refugio-climatico-en-la-escuela-de-adultos-afectada-por-la-dana\/","title":{"rendered":"Cheste arranca un proceso participativo para dise\u00f1ar un refugio clim\u00e1tico en la Escuela de Adultos afectada por la DANA"},"content":{"rendered":"\n<p>El pr\u00f3ximo lunes 27 de abril dar\u00e1 comienzo en el Centro de Formaci\u00f3n de Personas Adultas (CFPA) Dori Carmen Rodrigo Ruiz de Cheste uno de los ejes fundamentales del proyecto \u201cDesarrollo psicocomunitario en clave de emergencia social y cat\u00e1strofes\u201d, impulsado por Entrepobles y financiado por la Generalitat Valenciana en el marco del programa Recuperem Val\u00e8ncia.&nbsp;<\/p>\n\n\n\n<p>El proceso consistir\u00e1 en el dise\u00f1o participativo de un refugio clim\u00e1tico en las instalaciones del centro educativo, que result\u00f3 afectado por la DANA del pasado 29 de octubre de 2024. Se trata de una iniciativa de innovaci\u00f3n educativa que busca transformar el patio del centro en un espacio m\u00e1s resiliente frente a futuros eventos clim\u00e1ticos extremos, como inundaciones u olas de calor.&nbsp;<\/p>\n\n\n\n<p>A lo largo de nueve sesiones, la comunidad educativa y otros agentes del entorno trabajar\u00e1n conjuntamente para imaginar, definir y prototipar este nuevo espacio. El proceso culminar\u00e1 con una jornada l\u00fadico- pedag\u00f3gica abierta, en la que se presentar\u00e1n los resultados alcanzados, incluido el anteproyecto que guiar\u00e1 la reforma de las instalaciones.&nbsp;<\/p>\n\n\n\n<p>El proyecto plantea convertir este espacio en un refugio clim\u00e1tico inclusivo, comunitario y adaptado al entorno, capaz de dar respuesta tanto a las necesidades educativas como a las de la ciudadan\u00eda. Se busca as\u00ed generar un lugar m\u00e1s accesible, respetuoso con la naturaleza y orientado al cuidado colectivo, que pueda ser utilizado m\u00e1s all\u00e1 del horario escolar.&nbsp;<\/p>\n\n\n\n<p>La iniciativa cuenta con el impulso de Entrepobles, organizaci\u00f3n con una amplia trayectoria en educaci\u00f3n para la transformaci\u00f3n social, la justicia, organizaci\u00f3n con una global y las transiciones ecosociales, que desde hace m\u00e1s de 35 a\u00f1os trabaja junto a comunidades, centros educativos y movimientos sociales para promover una ciudadan\u00eda cr\u00edtica, solidaria y comprometida con la defensa de los derechos humanos.<\/p>\n\n\n\n<p>Asimismo, el proceso ser\u00e1 desarrollado con el acompa\u00f1amiento t\u00e9cnico de Fent Estudi, cooperativa valenciana de arquitectura e innovaci\u00f3n social, especializada en innovaci\u00f3n educativa y dise\u00f1o de entornos centrados en la comunidad y la sostenibilidad.&nbsp;<\/p>\n\n\n\n<p>Este proyecto esta apoyado por el Ayuntamiento de Cheste y cuenta con el apoyo de las Concejal\u00edas de Educaci\u00f3n y Medio Ambiente. Se enmarca en una estrategia m\u00e1s amplia de fortalecimiento de la resiliencia comunitaria en territorios afectados por la DANA, apostando por soluciones locales, participadas y replicables ante los desaf\u00edos de la emergencia clim\u00e1tica.&nbsp;<\/p>\n","protected":false},"excerpt":{"rendered":"<div class=\"mh-excerpt\">El pr\u00f3ximo lunes 27 de abril dar\u00e1 comienzo en el Centro de Formaci\u00f3n de Personas Adultas (CFPA) Dori Carmen Rodrigo Ruiz de Cheste uno de los ejes fundamentales del proyecto \u201cDesarrollo psicocomunitario en clave de <a class=\"mh-excerpt-more\" href=\"https:\/\/www.tucomarca.com\/wordpress\/segunda\/cheste-arranca-un-proceso-participativo-para-disenar-un-refugio-climatico-en-la-escuela-de-adultos-afectada-por-la-dana\/\" title=\"Cheste arranca un proceso participativo para dise\u00f1ar un refugio clim\u00e1tico en la Escuela de Adultos afectada por la DANA\">[+] <\/a><\/div>\n","protected":false},"author":12,"featured_media":299754,"comment_status":"closed","ping_status":"open","sticky":false,"template":"","format":"standard","meta":{"footnotes":""},"categories":[17,128,8,10,117,142,3],"tags":[339,5952],"class_list":{"0":"post-299749","1":"post","2":"type-post","3":"status-publish","4":"format-standard","5":"has-post-thumbnail","7":"category-cheste","8":"category-infraestructuras","9":"category-la-comarca","10":"category-la-hoya","11":"category-medio-ambiente-la-comarca","12":"category-politica-la-comarca","13":"category-seccion","14":"tag-cheste-2","15":"tag-la-hoya-de-bunol-chiva"},"_links":{"self":[{"href":"https:\/\/www.tucomarca.com\/wordpress\/segunda\/wp-json\/wp\/v2\/posts\/299749","targetHints":{"allow":["GET"]}}],"collection":[{"href":"https:\/\/www.tucomarca.com\/wordpress\/segunda\/wp-json\/wp\/v2\/posts"}],"about":[{"href":"https:\/\/www.tucomarca.com\/wordpress\/segunda\/wp-json\/wp\/v2\/types\/post"}],"author":[{"embeddable":true,"href":"https:\/\/www.tucomarca.com\/wordpress\/segunda\/wp-json\/wp\/v2\/users\/12"}],"replies":[{"embeddable":true,"href":"https:\/\/www.tucomarca.com\/wordpress\/segunda\/wp-json\/wp\/v2\/comments?post=299749"}],"version-history":[{"count":1,"href":"https:\/\/www.tucomarca.com\/wordpress\/segunda\/wp-json\/wp\/v2\/posts\/299749\/revisions"}],"predecessor-version":[{"id":299753,"href":"https:\/\/www.tucomarca.com\/wordpress\/segunda\/wp-json\/wp\/v2\/posts\/299749\/revisions\/299753"}],"wp:featuredmedia":[{"embeddable":true,"href":"https:\/\/www.tucomarca.com\/wordpress\/segunda\/wp-json\/wp\/v2\/media\/299754"}],"wp:attachment":[{"href":"https:\/\/www.tucomarca.com\/wordpress\/segunda\/wp-json\/wp\/v2\/media?parent=299749"}],"wp:term":[{"taxonomy":"category","embeddable":true,"href":"https:\/\/www.tucomarca.com\/wordpress\/segunda\/wp-json\/wp\/v2\/categories?post=299749"},{"taxonomy":"post_tag","embeddable":true,"href":"https:\/\/www.tucomarca.com\/wordpress\/segunda\/wp-json\/wp\/v2\/tags?post=299749"}],"curies":[{"name":"wp","href":"https:\/\/api.w.org\/{rel}","templated":true}]}}