{"id":299761,"date":"2026-04-24T08:30:00","date_gmt":"2026-04-24T06:30:00","guid":{"rendered":"https:\/\/www.tucomarca.com\/wordpress\/segunda\/?p=299761"},"modified":"2026-04-24T19:50:50","modified_gmt":"2026-04-24T17:50:50","slug":"la-diputacio-lleva-el-teatro-infantil-de-la-beneficencia-a-siete-pueblos-de-la-provincia","status":"publish","type":"post","link":"https:\/\/www.tucomarca.com\/wordpress\/segunda\/la-diputacio-lleva-el-teatro-infantil-de-la-beneficencia-a-siete-pueblos-de-la-provincia\/","title":{"rendered":"La Diputaci\u00f3 lleva el teatro infantil de la Benefic\u00e8ncia a siete pueblos de la provincia"},"content":{"rendered":"\n<h3 class=\"wp-block-heading\">El nuevo programa Espai d\u2019Esplai, impulsado por el \u00e1rea de Cultura que dirige Paco Teruel, arranca este viernes en La Pobla Llarga y finaliza en C\u00e0rcer el 10 de junio, pasando antes por Barx, Corbera, Aielo de Malferit, Agullent y Albalat de la Ribera.<\/h3>\n\n\n\n<h3 class=\"wp-block-heading\">Los espect\u00e1culos est\u00e1n dirigidos a p\u00fablico escolar de entre 3 y 12 a\u00f1os y se ofrecer\u00e1n en horario lectivo.\u00a0<\/h3>\n\n\n\n<p>La Diputaci\u00f3 de Val\u00e8ncia contin\u00faa con su pol\u00edtica de acercar la cultura a los pueblos de la provincia. En esta ocasi\u00f3n, el Servicio de Asistencia y Recursos Culturales -SARC- del \u00e1rea de Cultura de la corporaci\u00f3n ha puesto en marcha un nuevo programa, Espai d\u2019Esplai, que nace con el objetivo de deslocalizar la programaci\u00f3n del teatro infantil que se viene ofreciendo los domingos en el Centre Cultural La Benefic\u00e8ncia de la capital valenciana. Desde este viernes 24 de abril, hasta el pr\u00f3ximo 10 de junio, la Diputaci\u00f3n va a llevar a siete municipios de menos de 5.000 habitantes diferentes espect\u00e1culos teatrales.&nbsp;<\/p>\n\n\n\n<p>Espai d\u2019Esplai arranca este viernes en la Casa de la Cultura de La Pobla Llarga con el espect\u00e1culo \u2018Voil\u00e0\u2019. Todos los pases del programa est\u00e1n dirigidos a p\u00fablico escolar de entre 3 y 12 a\u00f1os. De hecho, una de las caracter\u00edsticas fundamentales de este programa es que se ofrecer\u00e1 en horario lectivo, es decir, siempre ser\u00e1 de lunes a viernes entre las 9:00 y las 17:00, asegurando as\u00ed que todos los alumnos puedan disfrutar de las representaciones programadas.<\/p>\n\n\n\n<p>\u201cGracias al trabajo que se hace desde el SARC los habitantes de nuestros pueblos pueden disfrutar de una programaci\u00f3n cultural digna, diversa y de calidad. Con Espai d\u2019Esplai pretendemos que los ni\u00f1os de los municipios m\u00e1s peque\u00f1os de la provincia disfruten del teatro infantil que ya se ofrece en la capital, y al mismo tiempo cumplimos el objetivo de fomentar la producci\u00f3n esc\u00e9nica de nuestra tierra\u201d, ha subrayado el diputado de Cultura, Paco Teruel.<\/p>\n\n\n\n<p>En esta primera edici\u00f3n son siete los municipios de menos de 5.000 habitantes que forman parte del programa. El SARC se ha hecho cargo de la selecci\u00f3n y contrataci\u00f3n de la actividad o espect\u00e1culo programado, mientras que los ayuntamientos se encargan de la log\u00edstica necesaria para la realizaci\u00f3n del acto, desde la elecci\u00f3n del espacio a los requisitos t\u00e9cnicos, el personal o la publicidad que corresponda.<\/p>\n\n\n\n<p>Los espect\u00e1culos programados pertenecen a las modalidades incluidas en el Cat\u00e1logo de Actividades Culturales del SARC: tradiciones, m\u00fasica y artes esc\u00e9nicas, incluyendo diferentes variedades como la m\u00fasica folk, el circo, los cuentacuentos, la magia, los t\u00edteres\u2026 El \u00e1rea de Cultura ha elaborado la selecci\u00f3n m\u00e1s atractiva posible para los alumnos.<\/p>\n\n\n\n<p><strong>Programaci\u00f3n<\/strong><\/p>\n\n\n\n<p>Despu\u00e9s de que el programa se inicie este viernes con el espect\u00e1culo \u2018Voil\u00e0\u2019, de JM Gesti\u00f3n Teatral, en La Pobla Llarga, ser\u00e1 el municipio de Barx el que acoja, el d\u00eda 30 de abril en su Casa de la Cultura, \u2018Nilu\u2019, de la compa\u00f1\u00eda Cia Infinit. El 18 de mayo llega a Corbera \u2018En els n\u00favols\u2019, de Cia La Negra, que se representar\u00e1 en el Cinema Teatre Ricardo Cebolla de la localidad.<\/p>\n\n\n\n<p>El 22 de mayo ser\u00e1 el turno de Aielo de Malferit, cuyo Auditorio Municipal acoger\u00e1 \u2018La Bambolla de J\u00falia\u2019, un espect\u00e1culo de Maquinant Teatre; mientras que el d\u00eda 29 del mismo mes el proyecto aterriza en el Auditorio Municipal Jos\u00e9 Mar\u00eda Bru de Agullent, donde se representar\u00e1 \u2018Jagill\u00e9, el porquet verd blau\u2019, de La Carreta Teatre.<\/p>\n\n\n\n<p>Espai d\u2019Esplai 2026 concluye en junio con dos espect\u00e1culos. El primero de ellos, que tiene lugar el 3 de junio en la Casa de la Cultura de Albalat de la Ribera, es \u2018Plom! La veritable hist\u00f2ria del soldat de plom\u2019&nbsp;de la compa\u00f1\u00eda Combinats. Por \u00faltimo, el d\u00eda 10 de junio, la obra \u2018El ni\u00f1o que quer\u00eda ser pez\u2019, de Francis Zafrilla, podr\u00e1 disfrutarse en el Centre Cultural Antonio Rodr\u00edguez Castellano de C\u00e0rcer.<\/p>\n","protected":false},"excerpt":{"rendered":"<div class=\"mh-excerpt\">El nuevo programa Espai d\u2019Esplai, impulsado por el \u00e1rea de Cultura que dirige Paco Teruel, arranca este viernes en La Pobla Llarga y finaliza en C\u00e0rcer el 10 de junio, pasando antes por Barx, Corbera, <a class=\"mh-excerpt-more\" href=\"https:\/\/www.tucomarca.com\/wordpress\/segunda\/la-diputacio-lleva-el-teatro-infantil-de-la-beneficencia-a-siete-pueblos-de-la-provincia\/\" title=\"La Diputaci\u00f3 lleva el teatro infantil de la Benefic\u00e8ncia a siete pueblos de la provincia\">[+] <\/a><\/div>\n","protected":false},"author":12,"featured_media":299763,"comment_status":"closed","ping_status":"open","sticky":false,"template":"","format":"standard","meta":{"footnotes":""},"categories":[4,148,128,8,144,42,7,142,3],"tags":[21042,3677,10525,1407,2852],"class_list":{"0":"post-299761","1":"post","2":"type-post","3":"status-publish","4":"format-standard","5":"has-post-thumbnail","7":"category-agenda","8":"category-carcer","9":"category-infraestructuras","10":"category-la-comarca","11":"category-la-pobla-llarga","12":"category-la-ribera","13":"category-ocio-y-cultura","14":"category-politica-la-comarca","15":"category-seccion","16":"tag-carcer-2","17":"tag-diputacio-de-valencia","18":"tag-la-pobla-llarga","19":"tag-ribera-alta","20":"tag-teatro-infantil"},"_links":{"self":[{"href":"https:\/\/www.tucomarca.com\/wordpress\/segunda\/wp-json\/wp\/v2\/posts\/299761","targetHints":{"allow":["GET"]}}],"collection":[{"href":"https:\/\/www.tucomarca.com\/wordpress\/segunda\/wp-json\/wp\/v2\/posts"}],"about":[{"href":"https:\/\/www.tucomarca.com\/wordpress\/segunda\/wp-json\/wp\/v2\/types\/post"}],"author":[{"embeddable":true,"href":"https:\/\/www.tucomarca.com\/wordpress\/segunda\/wp-json\/wp\/v2\/users\/12"}],"replies":[{"embeddable":true,"href":"https:\/\/www.tucomarca.com\/wordpress\/segunda\/wp-json\/wp\/v2\/comments?post=299761"}],"version-history":[{"count":2,"href":"https:\/\/www.tucomarca.com\/wordpress\/segunda\/wp-json\/wp\/v2\/posts\/299761\/revisions"}],"predecessor-version":[{"id":299880,"href":"https:\/\/www.tucomarca.com\/wordpress\/segunda\/wp-json\/wp\/v2\/posts\/299761\/revisions\/299880"}],"wp:featuredmedia":[{"embeddable":true,"href":"https:\/\/www.tucomarca.com\/wordpress\/segunda\/wp-json\/wp\/v2\/media\/299763"}],"wp:attachment":[{"href":"https:\/\/www.tucomarca.com\/wordpress\/segunda\/wp-json\/wp\/v2\/media?parent=299761"}],"wp:term":[{"taxonomy":"category","embeddable":true,"href":"https:\/\/www.tucomarca.com\/wordpress\/segunda\/wp-json\/wp\/v2\/categories?post=299761"},{"taxonomy":"post_tag","embeddable":true,"href":"https:\/\/www.tucomarca.com\/wordpress\/segunda\/wp-json\/wp\/v2\/tags?post=299761"}],"curies":[{"name":"wp","href":"https:\/\/api.w.org\/{rel}","templated":true}]}}