{"id":299767,"date":"2026-04-23T11:20:00","date_gmt":"2026-04-23T09:20:00","guid":{"rendered":"https:\/\/www.tucomarca.com\/wordpress\/segunda\/?p=299767"},"modified":"2026-04-23T21:20:17","modified_gmt":"2026-04-23T19:20:17","slug":"la-diputacio-presenta-su-49o-certamen-de-bandas-con-una-participacion-masiva-y-el-palau-de-la-musica-como-escenario","status":"publish","type":"post","link":"https:\/\/www.tucomarca.com\/wordpress\/segunda\/la-diputacio-presenta-su-49o-certamen-de-bandas-con-una-participacion-masiva-y-el-palau-de-la-musica-como-escenario\/","title":{"rendered":"La Diputaci\u00f3 presenta su 49\u00ba Certamen de Bandas con una participaci\u00f3n masiva y el Palau de la M\u00fasica como escenario"},"content":{"rendered":"\n<h3 class=\"wp-block-heading\">El diputado de Bandas, Ricardo Gabald\u00f3n, considera que el certamen \u201ces el reflejo de la vitalidad de nuestras sociedades musicales y el potencial band\u00edstico de la provincia que debemos trasladar a todo el mundo\u201d.<\/h3>\n\n\n\n<h3 class=\"wp-block-heading\">El director del Palau, Vicent Llimer\u00e1, da la bienvenida a las bandas a la \u201ccatedral de la m\u00fasica\u201d. Bocairent, Carcaixent y Benaguasil compiten en Primera; Quartell, Benim\u00e0met y Ontinyent en Segunda; Ador, Moncada y Vilamarxant en Tercera; y Villargordo, San Isidro y Benimaclet en Cuarta.<\/h3>\n\n\n\n<h3 class=\"wp-block-heading\">El certamen podr\u00e1 seguirse en streaming en el canal Youtube de Diputaci\u00f3n.<\/h3>\n\n\n\n<p>La Diputaci\u00f3n demuestra un a\u00f1o m\u00e1s su implicaci\u00f3n con la m\u00fasica de banda, y van 49, lo que supone estar \u201cen v\u00edsperas de un 50 aniversario que ser\u00e1 muy exclusivo y al que llegamos con una respuesta masiva de las sociedades musicales\u201d, destaca el diputado de Bandas de m\u00fasica, Ricardo Gabald\u00f3n. \u00c9l ha sido el anfitri\u00f3n de la puesta en escena del Certamen de Bandas que se celebrar\u00e1 el 2 y 3 de mayo en el Palau de la M\u00fasica, el primero en tomar la palabra tras los acordes de \u2018La vida es bella\u2019 y \u2018Cinema Paradiso\u2019 interpretados por el cuarteto Elle Sax. \u201cQu\u00e9 mejor manera de presentar la m\u00fasica que disfrutando de ella\u2026\u201d<\/p>\n\n\n\n<figure class=\"wp-block-gallery has-nested-images columns-default is-cropped wp-block-gallery-1 is-layout-flex wp-block-gallery-is-layout-flex\">\n<figure class=\"wp-block-image size-large\"><img loading=\"lazy\" decoding=\"async\" width=\"945\" height=\"638\" data-id=\"299773\" src=\"https:\/\/www.tucomarca.com\/wordpress\/segunda\/wp-content\/uploads\/2026\/04\/DipuCertamen3.jpg\" alt=\"\" class=\"wp-image-299773\" srcset=\"https:\/\/www.tucomarca.com\/wordpress\/segunda\/wp-content\/uploads\/2026\/04\/DipuCertamen3.jpg 945w, https:\/\/www.tucomarca.com\/wordpress\/segunda\/wp-content\/uploads\/2026\/04\/DipuCertamen3-300x203.jpg 300w, https:\/\/www.tucomarca.com\/wordpress\/segunda\/wp-content\/uploads\/2026\/04\/DipuCertamen3-768x519.jpg 768w\" sizes=\"auto, (max-width: 945px) 100vw, 945px\" \/><\/figure>\n\n\n\n<figure class=\"wp-block-image size-large\"><img loading=\"lazy\" decoding=\"async\" width=\"945\" height=\"638\" data-id=\"299771\" src=\"https:\/\/www.tucomarca.com\/wordpress\/segunda\/wp-content\/uploads\/2026\/04\/DipuCertamen2.jpg\" alt=\"\" class=\"wp-image-299771\" srcset=\"https:\/\/www.tucomarca.com\/wordpress\/segunda\/wp-content\/uploads\/2026\/04\/DipuCertamen2.jpg 945w, https:\/\/www.tucomarca.com\/wordpress\/segunda\/wp-content\/uploads\/2026\/04\/DipuCertamen2-300x203.jpg 300w, https:\/\/www.tucomarca.com\/wordpress\/segunda\/wp-content\/uploads\/2026\/04\/DipuCertamen2-768x519.jpg 768w\" sizes=\"auto, (max-width: 945px) 100vw, 945px\" \/><\/figure>\n<\/figure>\n\n\n\n<p><\/p>\n\n\n\n<p>Gabald\u00f3n ha insistido en el \u00e9xito de la convocatoria, que deja \u201ctodas las categor\u00edas al completo y bandas en reserva, lo que supone un gran pre\u00e1mbulo para la edici\u00f3n en la que cumpliremos medio siglo de certamen\u201d. Acompa\u00f1ado por el diputado de Cultura, Paco Teruel, el diputado de Bandas ha puesto en valor \u201cel sacrificio que hay detr\u00e1s de cada actuaci\u00f3n, con un sinf\u00edn de ensayos y mucho trabajo que desde la Diputaci\u00f3n queremos recompensar ofreci\u00e9ndoles este escaparate para la m\u00fasica de banda\u201d. En su opini\u00f3n, el certamen provincial \u201ces el reflejo de la vitalidad de nuestras sociedades musicales y el potencial band\u00edstico que debemos trasladar a todo el mundo\u201d.<\/p>\n\n\n\n<p>Y qu\u00e9 mejor lugar para proyectar ese fen\u00f3meno tan valenciano que el ic\u00f3nico Palau de la M\u00fasica. Su director, Vicent Llimer\u00e1, ha participado en el acto organizado por la Diputaci\u00f3n en el patio del Palau dels Scala, donde ha aprovechado para dar la bienvenida a los concursantes a la \u201ccatedral de la m\u00fasica\u201d. En su opini\u00f3n, la iniciativa sirve para \u201cmotivar a las bandas en ese trabajo que realizan a diario con la m\u00e1xima intensidad\u201d. En este 49\u00ba certamen provincial, Bocairent, Carcaixent y Benaguasil competir\u00e1n en secci\u00f3n Primera; Quartell, Benim\u00e0met y Ontinyent en Segunda; Ador, Moncada y Vilamarxant en Tercera; y Villargordo del Cabriel, San Isidro y Benimaclet en Cuarta. A todas ellas ha deseado Ll\u00edmer\u00e1 \u201cuna sana competici\u00f3n\u201d.<\/p>\n\n\n\n<p><strong>Jurado y categor\u00edas<\/strong><\/p>\n\n\n\n<p>El jurado estar\u00e1 presidido por Mercedes Padilla, directora de orquesta y compositora, y lo formar\u00e1n el music\u00f3logo y director de orquesta Francisco Zacar\u00e9s; el director y compositor italiano Maurizio Colasanti; el carism\u00e1tico Crist\u00f3bal Soler, uno de los directores de orquesta m\u00e1s importantes de su generaci\u00f3n; y Salvador V\u00e1zquez, el actual director titular y art\u00edstico de la Orquesta de C\u00f3rdoba.<\/p>\n\n\n\n<p>El certamen tendr\u00e1 lugar el s\u00e1bado 2 y el domingo 3 de mayo en el Palau de la M\u00fasica con acceso gratuito hasta completar aforo. Para acceder a los conciertos de la secci\u00f3n Primera, es necesario recoger la entrada el mismo d\u00eda a partir de las 16:00 horas en taquilla o a trav\u00e9s de la p\u00e1gina web del Palau de la M\u00fasica de Val\u00e8ncia. El evento ser\u00e1 retransmitido en streaming por el canal Youtube de la Diputaci\u00f3n.&nbsp;<\/p>\n\n\n\n<p>La primera jornada arrancar\u00e1 a las 10.30 horas del s\u00e1bado con la secci\u00f3n Cuarta, para agrupaciones de hasta 40 m\u00fasicos. En ella participar\u00e1n la Uni\u00f3n Musical San Roque, de Villargordo del Cabriel; la Agrupaci\u00f3 Musical Sant Isidre de Valencia; y la Associaci\u00f3 \u2018M\u00fasica Jove\u2019 de Benimaclet, tambi\u00e9n de Valencia. Ya por la tarde, a partir de las 17.00 horas, entrar\u00e1 en escena la secci\u00f3n Primera, para bandas de m\u00e1s de 70 y hasta 90 m\u00fasicos. La competici\u00f3n la abrir\u00e1 la Associaci\u00f3 Uni\u00f3 Musical Bocairent, seguida de la Lira i Casino Carcaixent\u00ed Societat Musical i Recreativa, y la Uni\u00f3 Musical de Benaguasil.&nbsp;<\/p>\n\n\n\n<p>Para la matinal del domingo (10.00 horas) queda la secci\u00f3n Tercera, para bandas de m\u00e1s de 40 m\u00fasicos y hasta 50. Concursar\u00e1 en primer lugar la Agrupaci\u00f3 Musical Santa Cec\u00edlia d&#8217;Ador, seguida de la Uni\u00f3 Musical de Moncada y la Uni\u00f3 Art\u00edstica Musical de Vilamarxant. Y por \u00faltimo, por la tarde (17.00 horas), tendr\u00e1 lugar el concurso en secci\u00f3n Segunda, con asociaciones musicales de m\u00e1s de 50 m\u00fasicos y hasta 70 integrantes. La Societat Uni\u00f3 Musical de Quartell ser\u00e1 la primera en intervenir. A continuaci\u00f3n, lo har\u00e1n la Sociedad Instructiva del Obrero Agr\u00edcola Musical de Benim\u00e0met y la Associaci\u00f3 Cultural \u2018Tot per la M\u00fasica\u2019 d&#8217;Ontinyent.<\/p>\n\n\n\n<p><strong>Piezas obligadas y premios<\/strong><\/p>\n\n\n\n<p>En cuanto a los premios, la banda con la m\u00e1xima puntuaci\u00f3n en Primera puede recibir 5.500 euros, la de Segunda 4.500, la de Tercera 3.500 y la de Cuarta 2.500 euros, a los que habr\u00e1 que sumar mil euros si se consigue menci\u00f3n de honor. A su vez, las agrupaciones inscritas recibir\u00e1n una ayuda a la participaci\u00f3n que ser\u00e1 de 7.000 euros en la Secci\u00f3n Primera, y de 6.000, 5.000 y 4.000 euros respectivamente para el resto de secciones, con independencia de la decisi\u00f3n final del jurado integrado por profesionales de la m\u00fasica.&nbsp;<\/p>\n\n\n\n<p>Las piezas de obligada interpretaci\u00f3n por parte de las bandas participantes ser\u00e1n \u2018Reminiscencias\u2019, de Josep Vicent Egea, en secci\u00f3n Primera; \u2018Fantas\u00eda muladiana\u2019, de Jos\u00e9 Mar\u00eda Ferrero, en Segunda; \u2018Terra de somnis\u2019, de Rafael Dom\u00e9nech, en Tercera; y \u2018Xerebulta\u2019, de Gaspar Genov\u00e9s, en secci\u00f3n Cuarta. A estas composiciones se sumar\u00e1n las piezas elegidas por cada una de las agrupaciones que participan en el certamen.<\/p>\n\n\n\n<p>Al t\u00e9rmino de cada secci\u00f3n hay programada una actuaci\u00f3n musical, que se repartir\u00e1n Camerata la Stravaganza y el cuarteto Elle Sax, que ha dejado muestra de su destreza con la interpretaci\u00f3n de bandas sonoras cinematogr\u00e1ficas durante la presentaci\u00f3n del Certamen. Los acordes de \u2018Skyfall\u2019, \u2018Un americano en Par\u00eds\u2019 y \u2018La Pantera Rosa\u2019 han puesto el punto y final a un acto convocado en clave musical.<\/p>\n","protected":false},"excerpt":{"rendered":"<div class=\"mh-excerpt\">El diputado de Bandas, Ricardo Gabald\u00f3n, considera que el certamen \u201ces el reflejo de la vitalidad de nuestras sociedades musicales y el potencial band\u00edstico de la provincia que debemos trasladar a todo el mundo\u201d. El <a class=\"mh-excerpt-more\" href=\"https:\/\/www.tucomarca.com\/wordpress\/segunda\/la-diputacio-presenta-su-49o-certamen-de-bandas-con-una-participacion-masiva-y-el-palau-de-la-musica-como-escenario\/\" title=\"La Diputaci\u00f3 presenta su 49\u00ba Certamen de Bandas con una participaci\u00f3n masiva y el Palau de la M\u00fasica como escenario\">[+] <\/a><\/div>\n","protected":false},"author":12,"featured_media":299769,"comment_status":"closed","ping_status":"open","sticky":false,"template":"","format":"gallery","meta":{"footnotes":""},"categories":[66,8,72,7,142,3,45],"tags":[24204,3677],"class_list":{"0":"post-299767","1":"post","2":"type-post","3":"status-publish","4":"format-gallery","5":"has-post-thumbnail","7":"category-musica","8":"category-la-comarca","9":"category-sin-categorizar","10":"category-ocio-y-cultura","11":"category-politica-la-comarca","12":"category-seccion","13":"category-ventana","14":"tag-49-certamen-de-bandas","15":"tag-diputacio-de-valencia","16":"post_format-post-format-gallery"},"_links":{"self":[{"href":"https:\/\/www.tucomarca.com\/wordpress\/segunda\/wp-json\/wp\/v2\/posts\/299767","targetHints":{"allow":["GET"]}}],"collection":[{"href":"https:\/\/www.tucomarca.com\/wordpress\/segunda\/wp-json\/wp\/v2\/posts"}],"about":[{"href":"https:\/\/www.tucomarca.com\/wordpress\/segunda\/wp-json\/wp\/v2\/types\/post"}],"author":[{"embeddable":true,"href":"https:\/\/www.tucomarca.com\/wordpress\/segunda\/wp-json\/wp\/v2\/users\/12"}],"replies":[{"embeddable":true,"href":"https:\/\/www.tucomarca.com\/wordpress\/segunda\/wp-json\/wp\/v2\/comments?post=299767"}],"version-history":[{"count":3,"href":"https:\/\/www.tucomarca.com\/wordpress\/segunda\/wp-json\/wp\/v2\/posts\/299767\/revisions"}],"predecessor-version":[{"id":299787,"href":"https:\/\/www.tucomarca.com\/wordpress\/segunda\/wp-json\/wp\/v2\/posts\/299767\/revisions\/299787"}],"wp:featuredmedia":[{"embeddable":true,"href":"https:\/\/www.tucomarca.com\/wordpress\/segunda\/wp-json\/wp\/v2\/media\/299769"}],"wp:attachment":[{"href":"https:\/\/www.tucomarca.com\/wordpress\/segunda\/wp-json\/wp\/v2\/media?parent=299767"}],"wp:term":[{"taxonomy":"category","embeddable":true,"href":"https:\/\/www.tucomarca.com\/wordpress\/segunda\/wp-json\/wp\/v2\/categories?post=299767"},{"taxonomy":"post_tag","embeddable":true,"href":"https:\/\/www.tucomarca.com\/wordpress\/segunda\/wp-json\/wp\/v2\/tags?post=299767"}],"curies":[{"name":"wp","href":"https:\/\/api.w.org\/{rel}","templated":true}]}}