{"id":299777,"date":"2026-04-24T11:37:00","date_gmt":"2026-04-24T09:37:00","guid":{"rendered":"https:\/\/www.tucomarca.com\/wordpress\/segunda\/?p=299777"},"modified":"2026-04-24T20:05:18","modified_gmt":"2026-04-24T18:05:18","slug":"ma-jose-guillem-repite-como-presidenta-de-la-junta-local-fallera-de-benaguasil","status":"publish","type":"post","link":"https:\/\/www.tucomarca.com\/wordpress\/segunda\/ma-jose-guillem-repite-como-presidenta-de-la-junta-local-fallera-de-benaguasil\/","title":{"rendered":"M\u00aa Jos\u00e9 Guillem repite como Presidenta de la Junta Local Fallera de Benaguasil"},"content":{"rendered":"\n<h3 class=\"wp-block-heading\">Por unanimidad M\u00aa Jos\u00e9 sali\u00f3 de nuevo elegida Presidenta de JLF y repetir\u00e1 por segundo a\u00f1o consecutivo en el cargo.<\/h3>\n\n\n<div class=\"wp-block-image\">\n<figure class=\"alignleft size-large is-resized\"><img loading=\"lazy\" decoding=\"async\" width=\"819\" height=\"1024\" src=\"https:\/\/www.tucomarca.com\/wordpress\/segunda\/wp-content\/uploads\/2026\/04\/MariaJoseBenaguasil-819x1024.jpg\" alt=\"\" class=\"wp-image-299779\" style=\"width:352px;height:auto\" srcset=\"https:\/\/www.tucomarca.com\/wordpress\/segunda\/wp-content\/uploads\/2026\/04\/MariaJoseBenaguasil-819x1024.jpg 819w, https:\/\/www.tucomarca.com\/wordpress\/segunda\/wp-content\/uploads\/2026\/04\/MariaJoseBenaguasil-240x300.jpg 240w, https:\/\/www.tucomarca.com\/wordpress\/segunda\/wp-content\/uploads\/2026\/04\/MariaJoseBenaguasil-768x960.jpg 768w, https:\/\/www.tucomarca.com\/wordpress\/segunda\/wp-content\/uploads\/2026\/04\/MariaJoseBenaguasil-1229x1536.jpg 1229w, https:\/\/www.tucomarca.com\/wordpress\/segunda\/wp-content\/uploads\/2026\/04\/MariaJoseBenaguasil.jpg 1350w\" sizes=\"auto, (max-width: 819px) 100vw, 819px\" \/><\/figure>\n<\/div>\n\n\n<p>Las diez comisiones falleras de Benaguasil han acordado por unanimidad la reelecci\u00f3n de M\u00aa Jos\u00e9 Guillem Zarzo como presidenta de la Junta Local Fallera de Benaguasil para el ejercicio 2026-2027. La decisi\u00f3n se tom\u00f3 durante la reuni\u00f3n celebrada anoche en el sal\u00f3n de plenos del Ayuntamiento, donde el colectivo fallero volvi\u00f3 a mostrar su respaldo a la actual dirigente.<\/p>\n\n\n\n<p>Tras su reelecci\u00f3n, M\u00aa Jos\u00e9 Guillem Zarzo expres\u00f3 su agradecimiento a todas las comisiones y asistentes por depositar nuevamente su confianza en ella, destacando su compromiso de seguir trabajando por el crecimiento y la proyecci\u00f3n de las fiestas josefinas en la localidad.<\/p>\n\n\n\n<p>El encuentro estuvo presidido por la concejal de Fallas, Ana Aleixandre, y cont\u00f3 con la presencia del alcalde, Ximo Segarra, quien elogi\u00f3 la labor desempe\u00f1ada por la presidenta durante su mandato y mostr\u00f3 su satisfacci\u00f3n por su continuidad al frente de la Junta Local Fallera.<\/p>\n\n\n\n<p>Adem\u00e1s de la reelecci\u00f3n, la reuni\u00f3n sirvi\u00f3 para formalizar el nombramiento de los nuevos presidentes de las distintas comisiones falleras, as\u00ed como de los integrantes de la Junta Local Fallera. Todos ellos comienzan desde este momento a preparar el pr\u00f3ximo ejercicio con el objetivo de consolidar las Fallas de Benaguasil como un referente dentro de la Comunitat Valenciana.<\/p>\n\n\n\n<figure class=\"wp-block-image size-large\"><img loading=\"lazy\" decoding=\"async\" width=\"1024\" height=\"576\" src=\"https:\/\/www.tucomarca.com\/wordpress\/segunda\/wp-content\/uploads\/2026\/04\/BenaguasilPresidentaJLF-1024x576.jpg\" alt=\"\" class=\"wp-image-299781\" srcset=\"https:\/\/www.tucomarca.com\/wordpress\/segunda\/wp-content\/uploads\/2026\/04\/BenaguasilPresidentaJLF-1024x576.jpg 1024w, https:\/\/www.tucomarca.com\/wordpress\/segunda\/wp-content\/uploads\/2026\/04\/BenaguasilPresidentaJLF-300x169.jpg 300w, https:\/\/www.tucomarca.com\/wordpress\/segunda\/wp-content\/uploads\/2026\/04\/BenaguasilPresidentaJLF-768x432.jpg 768w, https:\/\/www.tucomarca.com\/wordpress\/segunda\/wp-content\/uploads\/2026\/04\/BenaguasilPresidentaJLF-1536x864.jpg 1536w, https:\/\/www.tucomarca.com\/wordpress\/segunda\/wp-content\/uploads\/2026\/04\/BenaguasilPresidentaJLF-678x381.jpg 678w, https:\/\/www.tucomarca.com\/wordpress\/segunda\/wp-content\/uploads\/2026\/04\/BenaguasilPresidentaJLF.jpg 2048w\" sizes=\"auto, (max-width: 1024px) 100vw, 1024px\" \/><\/figure>\n","protected":false},"excerpt":{"rendered":"<div class=\"mh-excerpt\">Por unanimidad M\u00aa Jos\u00e9 sali\u00f3 de nuevo elegida Presidenta de JLF y repetir\u00e1 por segundo a\u00f1o consecutivo en el cargo. Las diez comisiones falleras de Benaguasil han acordado por unanimidad la reelecci\u00f3n de M\u00aa Jos\u00e9 <a class=\"mh-excerpt-more\" href=\"https:\/\/www.tucomarca.com\/wordpress\/segunda\/ma-jose-guillem-repite-como-presidenta-de-la-junta-local-fallera-de-benaguasil\/\" title=\"M\u00aa Jos\u00e9 Guillem repite como Presidenta de la Junta Local Fallera de Benaguasil\">[+] <\/a><\/div>\n","protected":false},"author":1,"featured_media":299781,"comment_status":"closed","ping_status":"open","sticky":false,"template":"","format":"standard","meta":{"footnotes":""},"categories":[172,46,8,72,7,3],"tags":[10429,10395,3180],"class_list":{"0":"post-299777","1":"post","2":"type-post","3":"status-publish","4":"format-standard","5":"has-post-thumbnail","7":"category-benaguasil","8":"category-camp-de-turia","9":"category-la-comarca","10":"category-sin-categorizar","11":"category-ocio-y-cultura","12":"category-seccion","13":"tag-benaguasil","14":"tag-camp-de-turia","15":"tag-junta-local-fallera"},"_links":{"self":[{"href":"https:\/\/www.tucomarca.com\/wordpress\/segunda\/wp-json\/wp\/v2\/posts\/299777","targetHints":{"allow":["GET"]}}],"collection":[{"href":"https:\/\/www.tucomarca.com\/wordpress\/segunda\/wp-json\/wp\/v2\/posts"}],"about":[{"href":"https:\/\/www.tucomarca.com\/wordpress\/segunda\/wp-json\/wp\/v2\/types\/post"}],"author":[{"embeddable":true,"href":"https:\/\/www.tucomarca.com\/wordpress\/segunda\/wp-json\/wp\/v2\/users\/1"}],"replies":[{"embeddable":true,"href":"https:\/\/www.tucomarca.com\/wordpress\/segunda\/wp-json\/wp\/v2\/comments?post=299777"}],"version-history":[{"count":1,"href":"https:\/\/www.tucomarca.com\/wordpress\/segunda\/wp-json\/wp\/v2\/posts\/299777\/revisions"}],"predecessor-version":[{"id":299783,"href":"https:\/\/www.tucomarca.com\/wordpress\/segunda\/wp-json\/wp\/v2\/posts\/299777\/revisions\/299783"}],"wp:featuredmedia":[{"embeddable":true,"href":"https:\/\/www.tucomarca.com\/wordpress\/segunda\/wp-json\/wp\/v2\/media\/299781"}],"wp:attachment":[{"href":"https:\/\/www.tucomarca.com\/wordpress\/segunda\/wp-json\/wp\/v2\/media?parent=299777"}],"wp:term":[{"taxonomy":"category","embeddable":true,"href":"https:\/\/www.tucomarca.com\/wordpress\/segunda\/wp-json\/wp\/v2\/categories?post=299777"},{"taxonomy":"post_tag","embeddable":true,"href":"https:\/\/www.tucomarca.com\/wordpress\/segunda\/wp-json\/wp\/v2\/tags?post=299777"}],"curies":[{"name":"wp","href":"https:\/\/api.w.org\/{rel}","templated":true}]}}