{"id":299792,"date":"2026-04-24T11:35:00","date_gmt":"2026-04-24T09:35:00","guid":{"rendered":"https:\/\/www.tucomarca.com\/wordpress\/segunda\/?p=299792"},"modified":"2026-04-24T19:53:03","modified_gmt":"2026-04-24T17:53:03","slug":"anecoop-bodegas-recibe-en-proweinlos-premios-best-of-show-de-mundus-vini","status":"publish","type":"post","link":"https:\/\/www.tucomarca.com\/wordpress\/segunda\/anecoop-bodegas-recibe-en-proweinlos-premios-best-of-show-de-mundus-vini\/","title":{"rendered":"Anecoop Bodegas recibe en Proweinlos premios \u201cBest Of Show\u201d de Mundus Vini"},"content":{"rendered":"\n<h3 class=\"wp-block-heading\">Durante el certamen ha tenido lugar la entrega de los premios Mundus Vini, que han distinguido a Anecoop Bodegas como \u201cBest Cooperative Spain\u201d, un reconocimiento que ya ha obtenido en anteriores ediciones del concurso, y al tinto Venta del Puerto N\u00ba18, de Cooperativa La Vi\u00f1a, con el galard\u00f3n \u201cBest of Show Valencia\u201d.<\/h3>\n\n\n\n<h3 class=\"wp-block-heading\">Sus bodegas socias Cooperativa La Vi\u00f1a, Bodegas Reymos y Bodegas San Mart\u00edn y Proyecto Unsi participan en la 32 edici\u00f3n de esta feria internacional con sus referencias m\u00e1s emblem\u00e1ticas, sus novedades y sus \u00faltimos lanzamientos, con el foco en la categor\u00eda 0.0%.<\/h3>\n\n\n\n<p>Anecoop Bodegas proyecta la calidad y diversidad de sus vinos en ProWein 2026, punto de encuentro global del sector, que se est\u00e1 celebrando entre el 15 y el 17 de marzo en el recinto ferial Messe D\u00fcsseldorf. En un espacio expositivo propio, ubicado en el Hall 6, Stand A82, re\u00fane la oferta de sus bodegas socias: Cooperativa La Vi\u00f1a, de La Font de la Figuera, y Bodegas Reymos, de Cheste (ambas con DOP Valencia); y Bodegas San Mart\u00edn y Proyecto Unsi, de San Mart\u00edn de Unx (con DO Navarra).<\/p>\n\n\n\n<p><strong>Doble reconocimiento de Mundus Vini<\/strong><\/p>\n\n\n\n<p>En el marco de la celebraci\u00f3n de este certamen ha tenido lugar el acto de entrega de los premios otorgados en la reciente edici\u00f3n del concurso Mundus Vini. Estos reconocimientos, que suponen un impulso en clave internacional, han destacado una edici\u00f3n m\u00e1s a Anecoop Bodegas como \u201cBest Cooperative Spain\u201d y a Venta del Puerto N\u00ba 18, de Cooperativa La Vi\u00f1a, como \u201cBest of Show Valencia\u201d. El compromiso con la excelencia de sus tres bodegas socias ha sido reconocido tambi\u00e9n por este prestigioso concurso con 13 Medallas de Oro y 24 Medallas de Plata. Las referencias galardonadas est\u00e1n presentes en la zona de cata de Mundus Vini, visita obligada en ProWein.<\/p>\n\n\n\n<p><strong>Compromiso con la revoluci\u00f3n del consumo 0.0%<\/strong><\/p>\n\n\n\n<p>Anecoop Bodegas proyecta la singularidad y variedad de su oferta ante los miles de profesionales que se dan cita en esta feria l\u00edder en el calendario sectorial, a la que acude con referencias consolidadas, \u00faltimos lanzamientos y especial protagonismo para sus nuevas propuestas 0.0%\/low alcohol; categor\u00edas que crecen con fuerza impulsadas por nuevos h\u00e1bitos de consumo y por la demanda de alternativas m\u00e1s saludables. Dos referencias destacan entre sus vinos desalcoholizados en esta edici\u00f3n de ProWein: la de Cooperativa La Vi\u00f1a, con su rosado Juan de Juanes 0.0%; y la de Reymos, con su blanco Vida Vi\u00f1a Tendida 0.0%. Ambas estar\u00e1n presentes en Zero Tasting Bar, la zona de catas con presencia exclusiva de este tipo de vinos, que se ha consolidado como uno de los espacios m\u00e1s destacados del certamen.<\/p>\n\n\n\n<p>Por su parte, entre las propuestas con las que Bodegas San Mart\u00edn participa en el certamen alem\u00e1n destaca su vino blanco Bestiario de Unx Buttezard.<\/p>\n\n\n\n<p><strong>Anecoop Bodegas refuerza su impulso internacional en 2026<\/strong><\/p>\n\n\n\n<p>Tras m\u00e1s de tres d\u00e9cadas de trayectoria, ProWein se ha consolidado como la plataforma internacional m\u00e1s importante para el sector vin\u00edcola. Una oportunidad \u00fanica de negocio, de prospecci\u00f3n de mercados y de identificaci\u00f3n de tendencias de consumo. Una cita de gran relevancia para Anecoop Bodegas, que en 2026 refuerza su estrategia de promoci\u00f3n internacional para consolidar la presencia exterior de sus vinos y su introducci\u00f3n en nuevos destinos. Y lo hace con una oferta diversa, que a\u00fana tradici\u00f3n e innovaci\u00f3n; con referencias emblem\u00e1ticas y nuevas propuestas adaptadas a la evoluci\u00f3n de los gustos y preferencias de los consumidores, entre las que destacan sus etiquetas 0.0%. Con un denominador com\u00fan: la identidad territorial, que proyecta a su oferta autenticidad. Porque cada vino de Anecoop Bodegas es una experiencia \u00fanica.<\/p>\n\n\n\n<p><strong>Acerca de Anecoop Bodegas<\/strong><\/p>\n\n\n\n<p>Desde su creaci\u00f3n en 1986, Anecoop Bodegas ha logrado consolidar una oferta que a\u00fana calidad, imagen, diversidad, personalidad y precio. Sus bodegas socias, Bodega La Vi\u00f1a y Bodegas Reymos, ambas con D.O.P. Valencia, y Bodegas San Mart\u00edn y Proyecto Unsi S. L., con D.O. Navarra, as\u00ed como la colaboradora Bodegas Marqu\u00e9s de Reinosa, con D.O. La Rioja, han logrado numerosos reconocimientos internacionales que avalan el continuo esfuerzo que realiza Anecoop Bodegas por adaptar su oferta vin\u00edcola a los gustos del mercado. En la actualidad, sus vinos est\u00e1n presentes en m\u00e1s de 40 pa\u00edses.<\/p>\n\n\n\n<p><\/p>\n","protected":false},"excerpt":{"rendered":"<div class=\"mh-excerpt\">Durante el certamen ha tenido lugar la entrega de los premios Mundus Vini, que han distinguido a Anecoop Bodegas como \u201cBest Cooperative Spain\u201d, un reconocimiento que ya ha obtenido en anteriores ediciones del concurso, y <a class=\"mh-excerpt-more\" href=\"https:\/\/www.tucomarca.com\/wordpress\/segunda\/anecoop-bodegas-recibe-en-proweinlos-premios-best-of-show-de-mundus-vini\/\" title=\"Anecoop Bodegas recibe en Proweinlos premios \u201cBest Of Show\u201d de Mundus Vini\">[+] <\/a><\/div>\n","protected":false},"author":12,"featured_media":299793,"comment_status":"closed","ping_status":"open","sticky":false,"template":"","format":"standard","meta":{"footnotes":""},"categories":[113,17,8,72,10,7,3],"tags":[6318,12654,339,5952],"class_list":{"0":"post-299792","1":"post","2":"type-post","3":"status-publish","4":"format-standard","5":"has-post-thumbnail","7":"category-vinos","8":"category-cheste","9":"category-la-comarca","10":"category-sin-categorizar","11":"category-la-hoya","12":"category-ocio-y-cultura","13":"category-seccion","14":"tag-anecoop-bodegas","15":"tag-bodegas-reymos","16":"tag-cheste-2","17":"tag-la-hoya-de-bunol-chiva"},"_links":{"self":[{"href":"https:\/\/www.tucomarca.com\/wordpress\/segunda\/wp-json\/wp\/v2\/posts\/299792","targetHints":{"allow":["GET"]}}],"collection":[{"href":"https:\/\/www.tucomarca.com\/wordpress\/segunda\/wp-json\/wp\/v2\/posts"}],"about":[{"href":"https:\/\/www.tucomarca.com\/wordpress\/segunda\/wp-json\/wp\/v2\/types\/post"}],"author":[{"embeddable":true,"href":"https:\/\/www.tucomarca.com\/wordpress\/segunda\/wp-json\/wp\/v2\/users\/12"}],"replies":[{"embeddable":true,"href":"https:\/\/www.tucomarca.com\/wordpress\/segunda\/wp-json\/wp\/v2\/comments?post=299792"}],"version-history":[{"count":3,"href":"https:\/\/www.tucomarca.com\/wordpress\/segunda\/wp-json\/wp\/v2\/posts\/299792\/revisions"}],"predecessor-version":[{"id":299886,"href":"https:\/\/www.tucomarca.com\/wordpress\/segunda\/wp-json\/wp\/v2\/posts\/299792\/revisions\/299886"}],"wp:featuredmedia":[{"embeddable":true,"href":"https:\/\/www.tucomarca.com\/wordpress\/segunda\/wp-json\/wp\/v2\/media\/299793"}],"wp:attachment":[{"href":"https:\/\/www.tucomarca.com\/wordpress\/segunda\/wp-json\/wp\/v2\/media?parent=299792"}],"wp:term":[{"taxonomy":"category","embeddable":true,"href":"https:\/\/www.tucomarca.com\/wordpress\/segunda\/wp-json\/wp\/v2\/categories?post=299792"},{"taxonomy":"post_tag","embeddable":true,"href":"https:\/\/www.tucomarca.com\/wordpress\/segunda\/wp-json\/wp\/v2\/tags?post=299792"}],"curies":[{"name":"wp","href":"https:\/\/api.w.org\/{rel}","templated":true}]}}