{"id":2998,"date":"2012-06-05T14:19:23","date_gmt":"2012-06-05T12:19:23","guid":{"rendered":"http:\/\/www.tucomarca.com\/wordpress\/segunda\/?p=2998"},"modified":"2012-06-05T14:39:19","modified_gmt":"2012-06-05T12:39:19","slug":"el-curso-2012-2013-comenzara-el-7-de-septiembre-en-infantil-y-primaria-y-el-14-del-mismo-mes-en-secundaria","status":"publish","type":"post","link":"https:\/\/www.tucomarca.com\/wordpress\/segunda\/el-curso-2012-2013-comenzara-el-7-de-septiembre-en-infantil-y-primaria-y-el-14-del-mismo-mes-en-secundaria\/","title":{"rendered":"El curso 2012-2013 comenzar\u00e1 el 7 de septiembre en Infantil y Primaria y el 14 del mismo mes en Secundaria"},"content":{"rendered":"<p>La  Conselleria de Educaci\u00f3n, Formaci\u00f3n y Empleo ha publicado ya el  calendario escolar del curso 2012-2013. Los alumnos de Educaci\u00f3n  Infantil y Primaria comenzar\u00e1n las clases el pr\u00f3ximo 7 de septiembre y  las finalizar\u00e1n el 21 de junio. Los estudiantes de Educaci\u00f3n Secundaria  comenzar\u00e1n el 14 de septiembre y finalizar\u00e1n tambi\u00e9n el 21 de junio.<\/p>\n<p>El primer curso de los ciclos de Formaci\u00f3n Profesional  comenzar\u00e1 el 26 de septiembre y acabar\u00e1 el 21 de junio. As\u00ed mismo, el  segundo curso se desarrollar\u00e1 desde el 14 de septiembre hasta el 7 de  junio. El calendario escolar para el curso acad\u00e9mico 2012-13, tambi\u00e9n  regula las actividades escolares en Ense\u00f1anzas Art\u00edsticas, de Idiomas y  de Formaci\u00f3n de Personas Adultas, que arrancar\u00e1n el 24 de septiembre y  finalizar\u00e1n el 20 de junio.<\/p>\n<p>Las actividades escolares lectivas del curso 2012-2013 tendr\u00e1n  un total de entre 864 y 874 horas en Infantil y Primaria. En Secundaria  y Bachillerato, tendr\u00e1n entre 1018 y 1030 horas lectivas. La diferencia  de la horquilla se establecer\u00e1 previo acuerdo del consejo escolar  municipal, que podr\u00e1 proponer un m\u00e1ximo de 3 como festivos.<br \/>\nLos centros que impartan Bachillerato y ciclos formativos de  Formaci\u00f3n Profesional ajustar\u00e1n sus horas lectivas a lo establecido en  los correspondientes reales decretos por los que se aprueban los  respectivos t\u00edtulos y se establecen los curr\u00edculos actualmente vigentes.<\/p>\n<p>Las actividades de evaluaci\u00f3n del alumnado del segundo  curso del Bachillerato se programar\u00e1n en los centros, seg\u00fan las  necesidades derivadas de su inscripci\u00f3n en las pruebas de acceso a los  estudios universitarios.<\/p>\n<p>Los conservatorios de M\u00fasica y de Danza, la Escuela Superior de  Arte Dram\u00e1tico, las escuelas de Artes y Superiores de Dise\u00f1o, las  escuelas oficiales de Idiomas y las escuelas Superiores de Cer\u00e1mica se  ajustar\u00e1n a lo establecido en la normativa que regula los planes de  estudio que se encuentren en vigor.<\/p>\n<p><strong>Periodos de vacaciones <\/strong><\/p>\n<p>Las vacaciones de Navidad ser\u00e1n del 23 de diciembre al 6 de  enero, ambos inclusive, y las vacaciones de Pascua, desde el 28 de marzo  al 8 de abril, ambos inclusive.<\/p>\n<p>Por otro lado, durante el curso escolar, ser\u00e1n festivos y no  lectivos los siguientes d\u00edas: 9 de octubre, d\u00eda de la Comunitat  Valenciana, 12 de octubre, D\u00eda de la Hispanidad; 1 de noviembre, D\u00eda de  Todos los Santos; 6 de diciembre, D\u00eda de la Constituci\u00f3n; 19 de marzo,  San Jos\u00e9 y 1 de mayo, Fiesta del Trabajo.<\/p>\n<p>Las pruebas extraordinarias del curso 2012\/2013 del mes de  septiembre, deber\u00e1n estar finalizadas con anterioridad al d\u00eda 7 de  septiembre de 2012, fecha en que se entregar\u00e1n las calificaciones de las  mismas.<\/p>\n","protected":false},"excerpt":{"rendered":"<div class=\"mh-excerpt\">La Conselleria de Educaci\u00f3n, Formaci\u00f3n y Empleo ha publicado ya el calendario escolar del curso 2012-2013. Los alumnos de Educaci\u00f3n Infantil y Primaria comenzar\u00e1n las clases el pr\u00f3ximo 7 de septiembre y las finalizar\u00e1n el <a class=\"mh-excerpt-more\" href=\"https:\/\/www.tucomarca.com\/wordpress\/segunda\/el-curso-2012-2013-comenzara-el-7-de-septiembre-en-infantil-y-primaria-y-el-14-del-mismo-mes-en-secundaria\/\" title=\"El curso 2012-2013 comenzar\u00e1 el 7 de septiembre en Infantil y Primaria y el 14 del mismo mes en Secundaria\">[+] <\/a><\/div>\n","protected":false},"author":1,"featured_media":0,"comment_status":"open","ping_status":"open","sticky":false,"template":"","format":"standard","meta":{"footnotes":""},"categories":[8,72,3],"tags":[],"class_list":{"0":"post-2998","1":"post","2":"type-post","3":"status-publish","4":"format-standard","6":"category-la-comarca","7":"category-sin-categorizar","8":"category-seccion"},"_links":{"self":[{"href":"https:\/\/www.tucomarca.com\/wordpress\/segunda\/wp-json\/wp\/v2\/posts\/2998","targetHints":{"allow":["GET"]}}],"collection":[{"href":"https:\/\/www.tucomarca.com\/wordpress\/segunda\/wp-json\/wp\/v2\/posts"}],"about":[{"href":"https:\/\/www.tucomarca.com\/wordpress\/segunda\/wp-json\/wp\/v2\/types\/post"}],"author":[{"embeddable":true,"href":"https:\/\/www.tucomarca.com\/wordpress\/segunda\/wp-json\/wp\/v2\/users\/1"}],"replies":[{"embeddable":true,"href":"https:\/\/www.tucomarca.com\/wordpress\/segunda\/wp-json\/wp\/v2\/comments?post=2998"}],"version-history":[{"count":0,"href":"https:\/\/www.tucomarca.com\/wordpress\/segunda\/wp-json\/wp\/v2\/posts\/2998\/revisions"}],"wp:attachment":[{"href":"https:\/\/www.tucomarca.com\/wordpress\/segunda\/wp-json\/wp\/v2\/media?parent=2998"}],"wp:term":[{"taxonomy":"category","embeddable":true,"href":"https:\/\/www.tucomarca.com\/wordpress\/segunda\/wp-json\/wp\/v2\/categories?post=2998"},{"taxonomy":"post_tag","embeddable":true,"href":"https:\/\/www.tucomarca.com\/wordpress\/segunda\/wp-json\/wp\/v2\/tags?post=2998"}],"curies":[{"name":"wp","href":"https:\/\/api.w.org\/{rel}","templated":true}]}}