{"id":29980,"date":"2014-08-11T13:54:14","date_gmt":"2014-08-11T10:54:14","guid":{"rendered":"http:\/\/www.tucomarca.com\/wordpress\/segunda\/?p=29980"},"modified":"2014-08-11T13:54:19","modified_gmt":"2014-08-11T10:54:19","slug":"paloma-boluda-jura-su-cargo-como-juez-de-paz-de-turis","status":"publish","type":"post","link":"https:\/\/www.tucomarca.com\/wordpress\/segunda\/paloma-boluda-jura-su-cargo-como-juez-de-paz-de-turis\/","title":{"rendered":"Paloma Boluda jura su cargo como Juez de Paz de Tur\u00eds"},"content":{"rendered":"<p><figure id=\"attachment_29981\" aria-describedby=\"caption-attachment-29981\" style=\"width: 300px\" class=\"wp-caption alignleft\"><a href=\"https:\/\/www.tucomarca.com\/wordpress\/segunda\/2014\/08\/paloma-boluda-jura-su-cargo-como-juez-de-paz-de-turis\/img_9692\/\" rel=\"attachment wp-att-29981\"><img loading=\"lazy\" decoding=\"async\" src=\"https:\/\/www.tucomarca.com\/wordpress\/segunda\/wp-content\/uploads\/2014\/08\/IMG_9692-300x200.jpg\" alt=\"\" title=\"IMG_9692\" width=\"300\" height=\"200\" class=\"size-medium wp-image-29981\" srcset=\"https:\/\/www.tucomarca.com\/wordpress\/segunda\/wp-content\/uploads\/2014\/08\/IMG_9692-300x200.jpg 300w, https:\/\/www.tucomarca.com\/wordpress\/segunda\/wp-content\/uploads\/2014\/08\/IMG_9692-1024x682.jpg 1024w\" sizes=\"auto, (max-width: 300px) 100vw, 300px\" \/><\/a><figcaption id=\"caption-attachment-29981\" class=\"wp-caption-text\">Incorporaci\u00f3n de la nueva juez de paz de Tur\u00eds. tc.c<\/figcaption><\/figure>Coincidiendo con el primer d\u00eda oficial de las fiestas de Tur\u00eds, como un acto que bien podr\u00eda haberse incluido en el calendario por su importancia civil e institucional, se ha producido el relevo en el Juzgado de Paz de Tur\u00eds tras doce a\u00f1os como Juez de M\u00aa Isabel Albi\u00f1ana.<br \/>\nPaloma Boluda Sanambrosio, acompa\u00f1ada por familiares, amigos y las autoridades locales con la alcaldesa Pilar Lozano al frente, jur\u00f3 su cargo sobre la Constituci\u00f3n Espa\u00f1ola en el despacho de alcald\u00eda.<br \/>\nBoluda asume el cargo \u201ccon gran respeto aunque es una responsabilidad asumir el ser mediador cuando se crea una situaci\u00f3n de conflicto entre vecinos. Tengo la esperanza de poder desarrollarlo con \u00e9xito\u201d.<br \/>\n Sobre su antecesora asegura que no dudar\u00e1 en pedirle consejo, \u201cvaloro much\u00edsimo la experiencia de los mayores, me parece que es una riqueza que tenemos y que no solemos aprovechar, y m\u00e1s si viene de mano de Maruja Albi\u00f1ana, persona a la que admiro desde siempre por su forma de afrontar la vida\u201d.<br \/>\n\u201cMe ha aconsejado serenidad, paciencia y equidad\u201d, contin\u00faa explicando la nueva Juez de Paz, \u201cy que tenga en cuenta en todo momento que estoy para poner paz y para facilitar la convivencia, consejos que tratar\u00e9 de asumir como un verdadero tesoro. Me parece que su experiencia de doce a\u00f1os al frente de este cargo no tiene precio. De hecho tenemos pendiente una conversaci\u00f3n, porque quiero empaparme de todo lo que me pueda decir ya que creo que me va  a ser muy \u00fatil\u201d.<br \/>\nPaloma Boluda tambi\u00e9n se ha referido a la secretaria del juzgado, M\u00aa Dolores Pic\u00f3, \u201cde la que tengo en cuenta todas las indicaciones. Es una persona muy diligente y con dilatada experiencia en la Secretar\u00eda Judicial. De hecho, conf\u00edo mucho en ella para empezar a desarrollar mi cargo, porque soy nueva en este mundo\u201d.<br \/>\nUna vez superados los nervios por su elecci\u00f3n \u201clo primero que pens\u00e9 es si ser\u00eda capaz de llevar a cabo esta faceta con \u00e9xito\u201d, pero teniendo presentes a sus padres y al \u201cejemplo que me dieron con su vida pienso que es un bagaje que me permite afrontar el reto con cierta seguridad, aunque tambi\u00e9n con much\u00edsimo respeto\u201d.<br \/>\n El hecho de conocer bien a la sociedad turisana como miembro de diferentes asociaciones le ayudar\u00e1, sin duda, en el desempe\u00f1o de su labor si bien \u201cpienso con sinceridad que cada caso va a ser diferente y, como tal, requerir\u00e1 su soluci\u00f3n particular. Siempre, claro est\u00e1, dentro de los l\u00edmites que la ley impone\u201d. Informa Enrique Mora.<\/p>\n","protected":false},"excerpt":{"rendered":"<div class=\"mh-excerpt\">Coincidiendo con el primer d\u00eda oficial de las fiestas de Tur\u00eds, como un acto que bien podr\u00eda haberse incluido en el calendario por su importancia civil e institucional, se ha producido el relevo en el <a class=\"mh-excerpt-more\" href=\"https:\/\/www.tucomarca.com\/wordpress\/segunda\/paloma-boluda-jura-su-cargo-como-juez-de-paz-de-turis\/\" title=\"Paloma Boluda jura su cargo como Juez de Paz de Tur\u00eds\">[+] <\/a><\/div>\n","protected":false},"author":2,"featured_media":29981,"comment_status":"open","ping_status":"open","sticky":false,"template":"","format":"standard","meta":{"footnotes":""},"categories":[8,42,3,43],"tags":[5508,5220,5507,5506],"class_list":{"0":"post-29980","1":"post","2":"type-post","3":"status-publish","4":"format-standard","5":"has-post-thumbnail","7":"category-la-comarca","8":"category-la-ribera","9":"category-seccion","10":"category-turis","11":"tag-cargo","12":"tag-juez-de-paz","13":"tag-jura","14":"tag-paloma-boluda"},"_links":{"self":[{"href":"https:\/\/www.tucomarca.com\/wordpress\/segunda\/wp-json\/wp\/v2\/posts\/29980","targetHints":{"allow":["GET"]}}],"collection":[{"href":"https:\/\/www.tucomarca.com\/wordpress\/segunda\/wp-json\/wp\/v2\/posts"}],"about":[{"href":"https:\/\/www.tucomarca.com\/wordpress\/segunda\/wp-json\/wp\/v2\/types\/post"}],"author":[{"embeddable":true,"href":"https:\/\/www.tucomarca.com\/wordpress\/segunda\/wp-json\/wp\/v2\/users\/2"}],"replies":[{"embeddable":true,"href":"https:\/\/www.tucomarca.com\/wordpress\/segunda\/wp-json\/wp\/v2\/comments?post=29980"}],"version-history":[{"count":0,"href":"https:\/\/www.tucomarca.com\/wordpress\/segunda\/wp-json\/wp\/v2\/posts\/29980\/revisions"}],"wp:featuredmedia":[{"embeddable":true,"href":"https:\/\/www.tucomarca.com\/wordpress\/segunda\/wp-json\/wp\/v2\/media\/29981"}],"wp:attachment":[{"href":"https:\/\/www.tucomarca.com\/wordpress\/segunda\/wp-json\/wp\/v2\/media?parent=29980"}],"wp:term":[{"taxonomy":"category","embeddable":true,"href":"https:\/\/www.tucomarca.com\/wordpress\/segunda\/wp-json\/wp\/v2\/categories?post=29980"},{"taxonomy":"post_tag","embeddable":true,"href":"https:\/\/www.tucomarca.com\/wordpress\/segunda\/wp-json\/wp\/v2\/tags?post=29980"}],"curies":[{"name":"wp","href":"https:\/\/api.w.org\/{rel}","templated":true}]}}