{"id":299831,"date":"2026-04-24T12:00:00","date_gmt":"2026-04-24T10:00:00","guid":{"rendered":"https:\/\/www.tucomarca.com\/wordpress\/segunda\/?p=299831"},"modified":"2026-04-24T19:02:09","modified_gmt":"2026-04-24T17:02:09","slug":"la-generalitat-finaliza-la-primera-fase-de-la-reconstruccion-en-chiva-tras-invertir-mas-de-40-millones-en-infraestructuras-y-ayudas","status":"publish","type":"post","link":"https:\/\/www.tucomarca.com\/wordpress\/segunda\/la-generalitat-finaliza-la-primera-fase-de-la-reconstruccion-en-chiva-tras-invertir-mas-de-40-millones-en-infraestructuras-y-ayudas\/","title":{"rendered":"La Generalitat finaliza la primera fase de la reconstrucci\u00f3n en Chiva tras invertir m\u00e1s de 40 millones en infraestructuras y ayudas"},"content":{"rendered":"\n<h3 class=\"wp-block-heading\">Entre otras actuaciones, se&nbsp;han repuesto dos&nbsp;pasarelas y dos&nbsp;puentes, se han retirado 15.000 toneladas de residuos y se han reparado 22 caminos rurales y 19 diques forestales.<\/h3>\n\n\n\n<h3 class=\"wp-block-heading\">Mart\u00ednez Mus resalta que \u00abdel total invertido, 29 millones se han destinado a ayudas directas a la poblaci\u00f3n, para facilitarles la vuelta a la normalidad tras la riada\u201d.<\/h3>\n\n\n\n<p>La Generalitat ha finalizado la primera fase de la reconstrucci\u00f3n en Chiva tras invertir m\u00e1s de 40 millones en el municipio, por una parte, con un programa de reconstrucci\u00f3n de infraestructuras e instalaciones al que se han destinado 31 millones y, por otra, con la concesi\u00f3n de ayudas a la ciudadan\u00eda por valor, hasta el momento, de 29 millones.<\/p>\n\n\n\n<p>As\u00ed lo ha manifestado el vicepresidente tercero y conseller de Medio Ambiente, Infraestructuras, Territorio y de la Recuperaci\u00f3n, Vicente Mart\u00ednez Mus, qui\u00e9n ha visitado el municipio tras la finalizaci\u00f3n de la reconstrucci\u00f3n de la pasarela que conecta la calle Ram\u00f3n y Cajal con la calle Cruz de Piedra, una reposici\u00f3n que se ha realizado con criterios m\u00e1s resilientes. As\u00ed, la nueva estructura se ha elevado un metro respecto a la anterior para aumentar el paso del agua.&nbsp;<\/p>\n\n\n\n<p>El vicepresidente ha aprovechado su visita para hacer balance de las iniciativas desarrolladas por el Consell en el municipio y ha se\u00f1alado que \u201clas actuaciones llevadas a cabo permiten dar por finalizada la primera fase de la recuperaci\u00f3n en la que se ha limpiado el pueblo de todos los residuos arrastrados por la riada, se han repuesto las infraestructuras m\u00e1s urgentes y se ha atendido, a trav\u00e9s de las ayudas, las necesidades m\u00e1s perentorias de la poblaci\u00f3n\u201d.&nbsp;<\/p>\n\n\n\n<p>\u201cSomos conscientes de que queda trabajo por hacer, por eso a partir de ahora iniciamos una segunda fase de la recuperaci\u00f3n en la que actuaremos sobre otras infraestructuras pendientes y, sobre todo, trabajaremos por impulsar la reactivaci\u00f3n econ\u00f3mica y social de todo el municipio, para que vuelva a ser un n\u00facleo de creaci\u00f3n de empleo y oportunidades para sus vecinos\u201d, ha se\u00f1alado Mart\u00ednez Mus.&nbsp;<\/p>\n\n\n\n<figure class=\"wp-block-image size-large\"><img loading=\"lazy\" decoding=\"async\" width=\"1024\" height=\"768\" src=\"https:\/\/www.tucomarca.com\/wordpress\/segunda\/wp-content\/uploads\/2026\/04\/ChivaMusDanaPasarela2-1024x768.jpeg\" alt=\"\" class=\"wp-image-299836\" srcset=\"https:\/\/www.tucomarca.com\/wordpress\/segunda\/wp-content\/uploads\/2026\/04\/ChivaMusDanaPasarela2-1024x768.jpeg 1024w, https:\/\/www.tucomarca.com\/wordpress\/segunda\/wp-content\/uploads\/2026\/04\/ChivaMusDanaPasarela2-300x225.jpeg 300w, https:\/\/www.tucomarca.com\/wordpress\/segunda\/wp-content\/uploads\/2026\/04\/ChivaMusDanaPasarela2-768x576.jpeg 768w, https:\/\/www.tucomarca.com\/wordpress\/segunda\/wp-content\/uploads\/2026\/04\/ChivaMusDanaPasarela2-1536x1152.jpeg 1536w, https:\/\/www.tucomarca.com\/wordpress\/segunda\/wp-content\/uploads\/2026\/04\/ChivaMusDanaPasarela2-678x509.jpeg 678w, https:\/\/www.tucomarca.com\/wordpress\/segunda\/wp-content\/uploads\/2026\/04\/ChivaMusDanaPasarela2-326x245.jpeg 326w, https:\/\/www.tucomarca.com\/wordpress\/segunda\/wp-content\/uploads\/2026\/04\/ChivaMusDanaPasarela2-80x60.jpeg 80w, https:\/\/www.tucomarca.com\/wordpress\/segunda\/wp-content\/uploads\/2026\/04\/ChivaMusDanaPasarela2.jpeg 1600w\" sizes=\"auto, (max-width: 1024px) 100vw, 1024px\" \/><\/figure>\n\n\n\n<p><\/p>\n\n\n\n<p><strong>Infraestructuras repuestas<\/strong><\/p>\n\n\n\n<p>El vicepresidente tercero ha detallado algunas de las obras en infraestructuras da\u00f1adas por las riadas que ha llevado a cabo la Generalitat, que ascienden a 3,1 millones e incluyen la reposici\u00f3n de dos pasarelas, la mencionada de la calle Ram\u00f3n y Cajal y la de la calle Pintor Mora Yuste, y la reconstrucci\u00f3n de dos puentes, el de la calle Enrique Ponce y el del camino Perenchiza.<\/p>\n\n\n\n<p>\u201cDesde el Consell hemos sido capaces de ejecutar estas infraestructuras en poco m\u00e1s de a\u00f1o y medio, en lugar de los m\u00e1s de tres a\u00f1os de planificaci\u00f3n, dise\u00f1o y ejecuci\u00f3n que suele tener este tipo de obras, conscientes de su importancia para que la ciudadan\u00eda pudiera retomar su d\u00eda a d\u00eda\u201d, ha se\u00f1alado Mart\u00ednez Mus.<\/p>\n\n\n\n<p>Asimismo, el Consell tambi\u00e9n ha asistido al Ayuntamiento de Chiva en la retirada y gesti\u00f3n de 15.000 toneladas de residuos generados por la riada y de escombros derivados de las obras de reconstrucci\u00f3n, ante la imposibilidad del consistorio de llevar a cabo esta tarea con sus propios medios. La Generalitat ha invertido en esta acci\u00f3n, de competencia municipal, 3,3 millones.&nbsp;<\/p>\n\n\n\n<p>Por otro lado, desde el Gobierno valenciano tambi\u00e9n se han reparado, con un presupuesto de 1,5 millones, un total de 22 caminos caminos rurales en el t\u00e9rmino municipal y el barranco de Chiva, se han destinado cerca de 900.000 euros a restaurar 19 diques hidrol\u00f3gico-forestales y se han estabilizado las murallas del Castillo (400.000 euros).<\/p>\n\n\n\n<p>Por su parte, la directora general de Recuperaci\u00f3n y Reconstrucci\u00f3n, Sandra Castillo, qui\u00e9n tambi\u00e9n ha asistido al acto, ha puesto en valor las actuaciones que ha llevado a cabo la Generalitat en el Espai Labora de Chiva por importe de 300.000 euros y en cuatro centros educativos (CEIP La Murta, CEIP Franciso Mart\u00ednez Culla, IES Mariana y la Escuela de Adultos) por 92.000 euros.&nbsp;<\/p>\n\n\n\n<p>Todas estas actuaciones se engloban en el Plan Endavant de Recuperaci\u00f3n que prev\u00e9 un total de 343 actuaciones para la recuperaci\u00f3n econ\u00f3mico social de la Comunitat Valenciana tras la riada del 29 de octubre de 2024.<\/p>\n\n\n\n<figure class=\"wp-block-image size-large\"><img loading=\"lazy\" decoding=\"async\" width=\"1024\" height=\"576\" src=\"https:\/\/www.tucomarca.com\/wordpress\/segunda\/wp-content\/uploads\/2026\/04\/ChivaMusDanaPasarela3-1024x576.jpeg\" alt=\"\" class=\"wp-image-299838\" srcset=\"https:\/\/www.tucomarca.com\/wordpress\/segunda\/wp-content\/uploads\/2026\/04\/ChivaMusDanaPasarela3-1024x576.jpeg 1024w, https:\/\/www.tucomarca.com\/wordpress\/segunda\/wp-content\/uploads\/2026\/04\/ChivaMusDanaPasarela3-300x169.jpeg 300w, https:\/\/www.tucomarca.com\/wordpress\/segunda\/wp-content\/uploads\/2026\/04\/ChivaMusDanaPasarela3-768x432.jpeg 768w, https:\/\/www.tucomarca.com\/wordpress\/segunda\/wp-content\/uploads\/2026\/04\/ChivaMusDanaPasarela3-1536x864.jpeg 1536w, https:\/\/www.tucomarca.com\/wordpress\/segunda\/wp-content\/uploads\/2026\/04\/ChivaMusDanaPasarela3-2048x1152.jpeg 2048w, https:\/\/www.tucomarca.com\/wordpress\/segunda\/wp-content\/uploads\/2026\/04\/ChivaMusDanaPasarela3-678x381.jpeg 678w\" sizes=\"auto, (max-width: 1024px) 100vw, 1024px\" \/><\/figure>\n","protected":false},"excerpt":{"rendered":"<div class=\"mh-excerpt\">Entre otras actuaciones, se&nbsp;han repuesto dos&nbsp;pasarelas y dos&nbsp;puentes, se han retirado 15.000 toneladas de residuos y se han reparado 22 caminos rurales y 19 diques forestales. Mart\u00ednez Mus resalta que \u00abdel total invertido, 29 millones <a class=\"mh-excerpt-more\" href=\"https:\/\/www.tucomarca.com\/wordpress\/segunda\/la-generalitat-finaliza-la-primera-fase-de-la-reconstruccion-en-chiva-tras-invertir-mas-de-40-millones-en-infraestructuras-y-ayudas\/\" title=\"La Generalitat finaliza la primera fase de la reconstrucci\u00f3n en Chiva tras invertir m\u00e1s de 40 millones en infraestructuras y ayudas\">[+] <\/a><\/div>\n","protected":false},"author":1,"featured_media":299834,"comment_status":"closed","ping_status":"open","sticky":false,"template":"","format":"gallery","meta":{"footnotes":""},"categories":[16,21465,128,8,72,10,117,142,3,116,45],"tags":[10384,12831,5952],"class_list":{"0":"post-299831","1":"post","2":"type-post","3":"status-publish","4":"format-gallery","5":"has-post-thumbnail","7":"category-chiva","8":"category-dana","9":"category-infraestructuras","10":"category-la-comarca","11":"category-sin-categorizar","12":"category-la-hoya","13":"category-medio-ambiente-la-comarca","14":"category-politica-la-comarca","15":"category-seccion","16":"category-sucesos-la-comarca","17":"category-ventana","18":"tag-chiva","19":"tag-dana-2","20":"tag-la-hoya-de-bunol-chiva","21":"post_format-post-format-gallery"},"_links":{"self":[{"href":"https:\/\/www.tucomarca.com\/wordpress\/segunda\/wp-json\/wp\/v2\/posts\/299831","targetHints":{"allow":["GET"]}}],"collection":[{"href":"https:\/\/www.tucomarca.com\/wordpress\/segunda\/wp-json\/wp\/v2\/posts"}],"about":[{"href":"https:\/\/www.tucomarca.com\/wordpress\/segunda\/wp-json\/wp\/v2\/types\/post"}],"author":[{"embeddable":true,"href":"https:\/\/www.tucomarca.com\/wordpress\/segunda\/wp-json\/wp\/v2\/users\/1"}],"replies":[{"embeddable":true,"href":"https:\/\/www.tucomarca.com\/wordpress\/segunda\/wp-json\/wp\/v2\/comments?post=299831"}],"version-history":[{"count":2,"href":"https:\/\/www.tucomarca.com\/wordpress\/segunda\/wp-json\/wp\/v2\/posts\/299831\/revisions"}],"predecessor-version":[{"id":299850,"href":"https:\/\/www.tucomarca.com\/wordpress\/segunda\/wp-json\/wp\/v2\/posts\/299831\/revisions\/299850"}],"wp:featuredmedia":[{"embeddable":true,"href":"https:\/\/www.tucomarca.com\/wordpress\/segunda\/wp-json\/wp\/v2\/media\/299834"}],"wp:attachment":[{"href":"https:\/\/www.tucomarca.com\/wordpress\/segunda\/wp-json\/wp\/v2\/media?parent=299831"}],"wp:term":[{"taxonomy":"category","embeddable":true,"href":"https:\/\/www.tucomarca.com\/wordpress\/segunda\/wp-json\/wp\/v2\/categories?post=299831"},{"taxonomy":"post_tag","embeddable":true,"href":"https:\/\/www.tucomarca.com\/wordpress\/segunda\/wp-json\/wp\/v2\/tags?post=299831"}],"curies":[{"name":"wp","href":"https:\/\/api.w.org\/{rel}","templated":true}]}}