{"id":299844,"date":"2026-04-24T08:45:00","date_gmt":"2026-04-24T06:45:00","guid":{"rendered":"https:\/\/www.tucomarca.com\/wordpress\/segunda\/?p=299844"},"modified":"2026-04-24T19:56:38","modified_gmt":"2026-04-24T17:56:38","slug":"turis-celebra-este-domingo-la-xi-cabalgata-del-foc-organizada-por-la-falla-placa-del-mercat","status":"publish","type":"post","link":"https:\/\/www.tucomarca.com\/wordpress\/segunda\/turis-celebra-este-domingo-la-xi-cabalgata-del-foc-organizada-por-la-falla-placa-del-mercat\/","title":{"rendered":"Tur\u00eds celebra este domingo la XI Cabalgata del Foc, organizada por la Falla Pla\u00e7a del Mercat"},"content":{"rendered":"\n<p>La XI Cabalgata del Foc de Tur\u00eds, organizada por la Falla Pla\u00e7a del Mercat de Tur\u00eds, se celebrar\u00e1 finalmente este domingo 26 de abril despu\u00e9s de haber sido aplazada el pasado domingo de Fallas a causa de la activaci\u00f3n del nivel 3 del dispositivo Previfoc.<\/p>\n\n\n\n<p>Este acontecimiento, ya consolidado como uno de los actos m\u00e1s simb\u00f3licos de las fiestas falleras en Tur\u00eds, pone el punto final a las celebraciones con un espect\u00e1culo lleno de m\u00fasica, luz, fuego y emoci\u00f3n. La Cabalgata del Foc representa un momento especialmente significativo, puesto que es el acto en que las Falleras Mayores salientes transmiten el testigo del fuego a las actuales representantes, simbolizando la continuidad de la fiesta y el relevo dentro del mundo fallero.<\/p>\n\n\n\n<p>Este a\u00f1o, la cabalgata estar\u00e1 inspirada en los Carnavales del mundo: Venecia, R\u00edo de Janeiro, M\u00e9xico e India. Estos cuatro escenarios llenar\u00e1n las calles y la plaza, transportando el p\u00fablico a un universo m\u00e1gico de ilusi\u00f3n y fantas\u00eda, con toda la espectacularidad y elegancia que caracteriza esta fiesta en todo el mundo.<\/p>\n\n\n\n<p>Con el testigo del fuego ya en manos de las las Falleras Mayores, Valentina y Elena encender\u00e1n el final de fiesta con un magn\u00edfico espect\u00e1culo pirodigital en la Plaza Vicent Ribes, a cargo de Pirotecnia Tur\u00eds, que pondr\u00e1 el broche de oro a una jornada llena de emoci\u00f3n y tradici\u00f3n.<\/p>\n\n\n\n<p>Desde la organizaci\u00f3n se anima a vecinos, vecinas y visitantes a participar en este acto tan especial, que combina cultura, tradici\u00f3n y sentimiento fallero en una cita imprescindible del calendario festivo local.<\/p>\n\n\n\n<p><\/p>\n","protected":false},"excerpt":{"rendered":"<div class=\"mh-excerpt\">La XI Cabalgata del Foc de Tur\u00eds, organizada por la Falla Pla\u00e7a del Mercat de Tur\u00eds, se celebrar\u00e1 finalmente este domingo 26 de abril despu\u00e9s de haber sido aplazada el pasado domingo de Fallas a <a class=\"mh-excerpt-more\" href=\"https:\/\/www.tucomarca.com\/wordpress\/segunda\/turis-celebra-este-domingo-la-xi-cabalgata-del-foc-organizada-por-la-falla-placa-del-mercat\/\" title=\"Tur\u00eds celebra este domingo la XI Cabalgata del Foc, organizada por la Falla Pla\u00e7a del Mercat\">[+] <\/a><\/div>\n","protected":false},"author":12,"featured_media":299851,"comment_status":"closed","ping_status":"open","sticky":false,"template":"","format":"standard","meta":{"footnotes":""},"categories":[4,8,42,7,3,43],"tags":[2769,3640,10394],"class_list":{"0":"post-299844","1":"post","2":"type-post","3":"status-publish","4":"format-standard","5":"has-post-thumbnail","7":"category-agenda","8":"category-la-comarca","9":"category-la-ribera","10":"category-ocio-y-cultura","11":"category-seccion","12":"category-turis","13":"tag-falla","14":"tag-la-ribera-alta","15":"tag-turis"},"_links":{"self":[{"href":"https:\/\/www.tucomarca.com\/wordpress\/segunda\/wp-json\/wp\/v2\/posts\/299844","targetHints":{"allow":["GET"]}}],"collection":[{"href":"https:\/\/www.tucomarca.com\/wordpress\/segunda\/wp-json\/wp\/v2\/posts"}],"about":[{"href":"https:\/\/www.tucomarca.com\/wordpress\/segunda\/wp-json\/wp\/v2\/types\/post"}],"author":[{"embeddable":true,"href":"https:\/\/www.tucomarca.com\/wordpress\/segunda\/wp-json\/wp\/v2\/users\/12"}],"replies":[{"embeddable":true,"href":"https:\/\/www.tucomarca.com\/wordpress\/segunda\/wp-json\/wp\/v2\/comments?post=299844"}],"version-history":[{"count":3,"href":"https:\/\/www.tucomarca.com\/wordpress\/segunda\/wp-json\/wp\/v2\/posts\/299844\/revisions"}],"predecessor-version":[{"id":299890,"href":"https:\/\/www.tucomarca.com\/wordpress\/segunda\/wp-json\/wp\/v2\/posts\/299844\/revisions\/299890"}],"wp:featuredmedia":[{"embeddable":true,"href":"https:\/\/www.tucomarca.com\/wordpress\/segunda\/wp-json\/wp\/v2\/media\/299851"}],"wp:attachment":[{"href":"https:\/\/www.tucomarca.com\/wordpress\/segunda\/wp-json\/wp\/v2\/media?parent=299844"}],"wp:term":[{"taxonomy":"category","embeddable":true,"href":"https:\/\/www.tucomarca.com\/wordpress\/segunda\/wp-json\/wp\/v2\/categories?post=299844"},{"taxonomy":"post_tag","embeddable":true,"href":"https:\/\/www.tucomarca.com\/wordpress\/segunda\/wp-json\/wp\/v2\/tags?post=299844"}],"curies":[{"name":"wp","href":"https:\/\/api.w.org\/{rel}","templated":true}]}}