{"id":299853,"date":"2026-04-24T11:30:00","date_gmt":"2026-04-24T09:30:00","guid":{"rendered":"https:\/\/www.tucomarca.com\/wordpress\/segunda\/?p=299853"},"modified":"2026-04-24T19:25:44","modified_gmt":"2026-04-24T17:25:44","slug":"digital-ia-amplia-su-alcance-para-impulsar-la-recuperacion-digital-de-los-municipios-afectados-por-la-dana","status":"publish","type":"post","link":"https:\/\/www.tucomarca.com\/wordpress\/segunda\/digital-ia-amplia-su-alcance-para-impulsar-la-recuperacion-digital-de-los-municipios-afectados-por-la-dana\/","title":{"rendered":"Digital-IA ampl\u00eda su alcance para impulsar la recuperaci\u00f3n digital de los municipios afectados por la DANA"},"content":{"rendered":"\n<h3 class=\"wp-block-heading\">M\u00e1s de 40 localidades valencianas, acceden ya a la \u00a0formaci\u00f3n gratuita en inteligencia artificial impulsada por la Fundaci\u00f3n ValgrAI.<\/h3>\n\n\n\n<p>El programa de formaci\u00f3n de Inteligencia Artificial para la ciudadan\u00eda\u00a0<strong>Digital-IA<\/strong>, impulsado por la Fundaci\u00f3n ValgrAI da un paso decisivo en su compromiso con la transformaci\u00f3n digital inclusiva al ampliar el n\u00famero de municipios beneficiarios, incorporando a m\u00e1s de 40 nuevas localidades de la Comunitat Valenciana, muchas de ellas gravemente afectadas por la reciente DANA.<\/p>\n\n\n\n<p>Esta ampliaci\u00f3n marca un hito relevante en la evoluci\u00f3n del programa, ya que, por primera vez, los municipios se incorporan con independencia de su tama\u00f1o poblacional, atendiendo a su especial situaci\u00f3n de vulnerabilidad territorial y social. En la fase anterior, Digital-IA ya inclu\u00eda municipios afectados por la DANA, pero \u00fanicamente aquellos con menos de 20.000 habitantes de la Comunitat Valenciana que no formaban parte de un \u00e1rea urbana funcional. Ahora, el criterio se ampl\u00eda para garantizar que ning\u00fan territorio quede atr\u00e1s en el acceso a la formaci\u00f3n en inteligencia artificial.<\/p>\n\n\n\n<p>Entre los nuevos municipios incorporados se encuentran&nbsp;<strong>Alaqu\u00e0s, Albal, Alc\u00e0sser, l&#8217;Alc\u00fadia, Aldaia, Alfafar, Alfarb, Algemes\u00ed, Alginet, Almussafes, Alzira, Benet\u00fasser, Benifai\u00f3, Beniparrell, B\u00e9tera, Bu\u00f1ol, Catarroja, Cheste, Cullera, Loriguilla, Manises, Massanassa, Mislata, Montroi\/Montroy, Montserrat, Paiporta, Paterna, Picanya, Picassent, Quart de Poblet, Requena, Riba-roja de T\u00faria, Sedav\u00ed, Silla, Sollana, Sueca, Torrent, Chiva, Godelleta, Ll\u00edria y Llocnou de la Corona<\/strong>, as\u00ed como las pedan\u00edas del sur de Valencia:&nbsp;<strong>Faitanar, La Torre, Forn d&#8217;Alcedo, Castellar-Oliveral, Pinedo, El Saler, El Perellonet y El Palmar<\/strong>.<\/p>\n\n\n\n<p>Todos estos territorios pueden acceder desde este momento a la oferta formativa gratuita disponible en la plataforma Digital-IA, orientada a mejorar las competencias digitales y el conocimiento en inteligencia artificial de ciudadanos, profesionales y tejido empresarial.<\/p>\n\n\n\n<p>La inclusi\u00f3n de estos municipios no solo responde a criterios de equidad territorial, sino tambi\u00e9n a una estrategia clara de recuperaci\u00f3n y resiliencia. La DANA dej\u00f3 importantes impactos econ\u00f3micos y sociales en estas zonas, y la capacitaci\u00f3n en tecnolog\u00edas emergentes se presenta como una herramienta clave para reactivar la actividad, fomentar la empleabilidad y fortalecer el tejido productivo local.<\/p>\n\n\n\n<p>Digital-IA (<a href=\"https:\/\/digitalia.valgrai.eu\/\" target=\"_blank\" rel=\"noreferrer noopener\"><u>https:\/\/digitalia.valgrai.eu<\/u><\/a>) refuerza as\u00ed su papel como palanca de transformaci\u00f3n, apostando por una digitalizaci\u00f3n que no entiende de l\u00edmites geogr\u00e1ficos ni demogr\u00e1ficos, y que sit\u00faa a las personas en el centro del cambio. Esta nueva fase del programa consolida un modelo m\u00e1s inclusivo, adaptado a las necesidades reales del territorio y alineado con los retos actuales de la sociedad.<\/p>\n\n\n\n<p>Con esta ampliaci\u00f3n, la Comunitat Valenciana avanza hacia un ecosistema m\u00e1s preparado, resiliente y competitivo, donde la inteligencia artificial se convierte en una oportunidad real para todos.<\/p>\n","protected":false},"excerpt":{"rendered":"<div class=\"mh-excerpt\">M\u00e1s de 40 localidades valencianas, acceden ya a la \u00a0formaci\u00f3n gratuita en inteligencia artificial impulsada por la Fundaci\u00f3n ValgrAI. El programa de formaci\u00f3n de Inteligencia Artificial para la ciudadan\u00eda\u00a0Digital-IA, impulsado por la Fundaci\u00f3n ValgrAI da <a class=\"mh-excerpt-more\" href=\"https:\/\/www.tucomarca.com\/wordpress\/segunda\/digital-ia-amplia-su-alcance-para-impulsar-la-recuperacion-digital-de-los-municipios-afectados-por-la-dana\/\" title=\"Digital-IA ampl\u00eda su alcance para impulsar la recuperaci\u00f3n digital de los municipios afectados por la DANA\">[+] <\/a><\/div>\n","protected":false},"author":1,"featured_media":296765,"comment_status":"closed","ping_status":"open","sticky":false,"template":"","format":"standard","meta":{"footnotes":""},"categories":[154,99,69,267,51,18,46,17,16,21465,14,128,8,72,10,42,47,162,160,7,28,27,3,45],"tags":[10395,12831,5952,3640,10387],"class_list":{"0":"post-299853","1":"post","2":"type-post","3":"status-publish","4":"format-standard","5":"has-post-thumbnail","7":"category-alfarp","8":"category-algemesi","9":"category-alzira","10":"category-benifaio","11":"category-betera","12":"category-bunol","13":"category-camp-de-turia","14":"category-cheste","15":"category-chiva","16":"category-dana","17":"category-godelleta","18":"category-infraestructuras","19":"category-la-comarca","20":"category-sin-categorizar","21":"category-la-hoya","22":"category-la-ribera","23":"category-lliria","24":"category-monserrat","25":"category-montroi","26":"category-ocio-y-cultura","27":"category-requena","28":"category-requena-utiel","29":"category-seccion","30":"category-ventana","31":"tag-camp-de-turia","32":"tag-dana-2","33":"tag-la-hoya-de-bunol-chiva","34":"tag-la-ribera-alta","35":"tag-requena-utiel"},"_links":{"self":[{"href":"https:\/\/www.tucomarca.com\/wordpress\/segunda\/wp-json\/wp\/v2\/posts\/299853","targetHints":{"allow":["GET"]}}],"collection":[{"href":"https:\/\/www.tucomarca.com\/wordpress\/segunda\/wp-json\/wp\/v2\/posts"}],"about":[{"href":"https:\/\/www.tucomarca.com\/wordpress\/segunda\/wp-json\/wp\/v2\/types\/post"}],"author":[{"embeddable":true,"href":"https:\/\/www.tucomarca.com\/wordpress\/segunda\/wp-json\/wp\/v2\/users\/1"}],"replies":[{"embeddable":true,"href":"https:\/\/www.tucomarca.com\/wordpress\/segunda\/wp-json\/wp\/v2\/comments?post=299853"}],"version-history":[{"count":1,"href":"https:\/\/www.tucomarca.com\/wordpress\/segunda\/wp-json\/wp\/v2\/posts\/299853\/revisions"}],"predecessor-version":[{"id":299856,"href":"https:\/\/www.tucomarca.com\/wordpress\/segunda\/wp-json\/wp\/v2\/posts\/299853\/revisions\/299856"}],"wp:featuredmedia":[{"embeddable":true,"href":"https:\/\/www.tucomarca.com\/wordpress\/segunda\/wp-json\/wp\/v2\/media\/296765"}],"wp:attachment":[{"href":"https:\/\/www.tucomarca.com\/wordpress\/segunda\/wp-json\/wp\/v2\/media?parent=299853"}],"wp:term":[{"taxonomy":"category","embeddable":true,"href":"https:\/\/www.tucomarca.com\/wordpress\/segunda\/wp-json\/wp\/v2\/categories?post=299853"},{"taxonomy":"post_tag","embeddable":true,"href":"https:\/\/www.tucomarca.com\/wordpress\/segunda\/wp-json\/wp\/v2\/tags?post=299853"}],"curies":[{"name":"wp","href":"https:\/\/api.w.org\/{rel}","templated":true}]}}