{"id":299861,"date":"2026-04-24T11:31:00","date_gmt":"2026-04-24T09:31:00","guid":{"rendered":"https:\/\/www.tucomarca.com\/wordpress\/segunda\/?p=299861"},"modified":"2026-04-24T20:20:35","modified_gmt":"2026-04-24T18:20:35","slug":"la-diputacio-impulsa-la-formacion-en-gestion-del-agua-para-municipios-de-menor-poblacion-con-un-curso-en-la-upv","status":"publish","type":"post","link":"https:\/\/www.tucomarca.com\/wordpress\/segunda\/la-diputacio-impulsa-la-formacion-en-gestion-del-agua-para-municipios-de-menor-poblacion-con-un-curso-en-la-upv\/","title":{"rendered":"La Diputaci\u00f3 impulsa la formaci\u00f3n en gesti\u00f3n del agua para municipios de menor poblaci\u00f3n con un curso en la UPV"},"content":{"rendered":"\n<h3 class=\"wp-block-heading\">El diputado de Ciclo Integral del Agua, Paco Comes, participa en la jornada apelando a \u00abla formaci\u00f3n como mejor herramienta para los responsables municipales puedan tomar decisiones fundamentadas y mejorar as\u00ed la eficiencia del servicio\u00bb.<\/h3>\n\n\n\n<p>La Diputaci\u00f3 de Val\u00e8ncia ha inaugurado hoy en la Universitat Polit\u00e8cnica de Val\u00e8ncia el curso Gesti\u00f3n del ciclo integral del agua en municipios menores de 20.000 habitantes, una acci\u00f3n formativa dirigida a t\u00e9cnicos y responsables municipales de la provincia.<\/p>\n\n\n\n<p>El curso, de modalidad presencial y con una duraci\u00f3n de 40 horas, se desarrolla en el Sal\u00f3n de Grados de la Escuela T\u00e9cnica Superior de Ingenieros Industriales y est\u00e1 organizado por el Servicio de Aguas, Residuos y Empresas P\u00fablicas de la Diputaci\u00f3n, en colaboraci\u00f3n con el ITA de la UPV, dirigido por el Catedr\u00e1tico Dr. Enrique Cabrera Rochera.<\/p>\n\n\n\n<p>Durante la inauguraci\u00f3n, el diputado del Ciclo Integral del Agua, Paco Comes, ha destacado que la gesti\u00f3n del ciclo integral del agua es \u201cuno de los servicios p\u00fablicos esenciales que deben garantizar los ayuntamientos, especialmente en los municipios de menor poblaci\u00f3n, donde las dificultades t\u00e9cnicas y econ\u00f3micas son mayores\u201d. En este sentido, ha subrayado la importancia de \u201cdotar a los responsables municipales de conocimientos actualizados que les permitan tomar decisiones fundamentadas y mejorar la eficiencia del servicio\u201d.<\/p>\n\n\n\n<p>La acci\u00f3n formativa aborda aspectos clave como la gesti\u00f3n eficiente del servicio, la modelaci\u00f3n hidr\u00e1ulica de redes, el control de consumos y p\u00e9rdidas, la gesti\u00f3n de activos, la optimizaci\u00f3n energ\u00e9tica, el saneamiento y la sostenibilidad econ\u00f3mica del ciclo integral del agua; combinando contenidos te\u00f3ricos con casos pr\u00e1cticos y atenci\u00f3n individualizada a los municipios participantes.<br>Comes ha puesto en valor que este curso forma parte de una nueva l\u00ednea de formaci\u00f3n impulsada en esta legislatura, centrada en la gesti\u00f3n de los servicios de agua y residuos, desarrollada desde el \u00e1rea responsable y en coordinaci\u00f3n con el Servicio de Formaci\u00f3n de la Diputaci\u00f3n: \u201cse trata de una apuesta clara por la formaci\u00f3n como herramienta de apoyo directo a los ayuntamientos\u201d, ha se\u00f1alado.<\/p>\n\n\n\n<p>\u00abCon esta iniciativa, -ha concluido el diputado- la Diputaci\u00f3n reafirma su compromiso con el fortalecimiento de la capacidad t\u00e9cnica de los municipios y con la mejora continua de los servicios p\u00fablicos locales\u00bb.<\/p>\n","protected":false},"excerpt":{"rendered":"<div class=\"mh-excerpt\">El diputado de Ciclo Integral del Agua, Paco Comes, participa en la jornada apelando a \u00abla formaci\u00f3n como mejor herramienta para los responsables municipales puedan tomar decisiones fundamentadas y mejorar as\u00ed la eficiencia del servicio\u00bb. <a class=\"mh-excerpt-more\" href=\"https:\/\/www.tucomarca.com\/wordpress\/segunda\/la-diputacio-impulsa-la-formacion-en-gestion-del-agua-para-municipios-de-menor-poblacion-con-un-curso-en-la-upv\/\" title=\"La Diputaci\u00f3 impulsa la formaci\u00f3n en gesti\u00f3n del agua para municipios de menor poblaci\u00f3n con un curso en la UPV\">[+] <\/a><\/div>\n","protected":false},"author":12,"featured_media":299863,"comment_status":"closed","ping_status":"open","sticky":false,"template":"","format":"standard","meta":{"footnotes":""},"categories":[128,8,72,117,142,3,45],"tags":[24206,3677,12690],"class_list":{"0":"post-299861","1":"post","2":"type-post","3":"status-publish","4":"format-standard","5":"has-post-thumbnail","7":"category-infraestructuras","8":"category-la-comarca","9":"category-sin-categorizar","10":"category-medio-ambiente-la-comarca","11":"category-politica-la-comarca","12":"category-seccion","13":"category-ventana","14":"tag-ciclo-integral-del-agua","15":"tag-diputacio-de-valencia","16":"tag-upv"},"_links":{"self":[{"href":"https:\/\/www.tucomarca.com\/wordpress\/segunda\/wp-json\/wp\/v2\/posts\/299861","targetHints":{"allow":["GET"]}}],"collection":[{"href":"https:\/\/www.tucomarca.com\/wordpress\/segunda\/wp-json\/wp\/v2\/posts"}],"about":[{"href":"https:\/\/www.tucomarca.com\/wordpress\/segunda\/wp-json\/wp\/v2\/types\/post"}],"author":[{"embeddable":true,"href":"https:\/\/www.tucomarca.com\/wordpress\/segunda\/wp-json\/wp\/v2\/users\/12"}],"replies":[{"embeddable":true,"href":"https:\/\/www.tucomarca.com\/wordpress\/segunda\/wp-json\/wp\/v2\/comments?post=299861"}],"version-history":[{"count":2,"href":"https:\/\/www.tucomarca.com\/wordpress\/segunda\/wp-json\/wp\/v2\/posts\/299861\/revisions"}],"predecessor-version":[{"id":299893,"href":"https:\/\/www.tucomarca.com\/wordpress\/segunda\/wp-json\/wp\/v2\/posts\/299861\/revisions\/299893"}],"wp:featuredmedia":[{"embeddable":true,"href":"https:\/\/www.tucomarca.com\/wordpress\/segunda\/wp-json\/wp\/v2\/media\/299863"}],"wp:attachment":[{"href":"https:\/\/www.tucomarca.com\/wordpress\/segunda\/wp-json\/wp\/v2\/media?parent=299861"}],"wp:term":[{"taxonomy":"category","embeddable":true,"href":"https:\/\/www.tucomarca.com\/wordpress\/segunda\/wp-json\/wp\/v2\/categories?post=299861"},{"taxonomy":"post_tag","embeddable":true,"href":"https:\/\/www.tucomarca.com\/wordpress\/segunda\/wp-json\/wp\/v2\/tags?post=299861"}],"curies":[{"name":"wp","href":"https:\/\/api.w.org\/{rel}","templated":true}]}}