{"id":299868,"date":"2026-04-24T11:50:00","date_gmt":"2026-04-24T09:50:00","guid":{"rendered":"https:\/\/www.tucomarca.com\/wordpress\/segunda\/?p=299868"},"modified":"2026-04-24T20:15:56","modified_gmt":"2026-04-24T18:15:56","slug":"mompo-apela-a-la-unidad-de-la-ciudadania-valenciana-hay-que-defender-lo-que-nos-corresponde-sin-complejos","status":"publish","type":"post","link":"https:\/\/www.tucomarca.com\/wordpress\/segunda\/mompo-apela-a-la-unidad-de-la-ciudadania-valenciana-hay-que-defender-lo-que-nos-corresponde-sin-complejos\/","title":{"rendered":"Momp\u00f3 apela a la unidad de la ciudadan\u00eda valenciana: \u201cHay que defender lo que nos corresponde sin complejos\u201d"},"content":{"rendered":"\n<h3 class=\"wp-block-heading\">La Diputaci\u00f3 de Val\u00e8ncia acoge la presentaci\u00f3n del Ciclo de Jornadas Jaume I organizado por el F\u00f2rum Jaume I 2038.<\/h3>\n\n\n\n<h3 class=\"wp-block-heading\">El presidente, Vicent Momp\u00f3, se\u00f1ala la defensa de la identidad valenciana y la lengua propia, y la reivindicaci\u00f3n de una mayor financiaci\u00f3n y del Derecho Civil Valenciano como ejes sobre los que actuar conjuntamente.<\/h3>\n\n\n\n<p>La Diputaci\u00f3 de Val\u00e8ncia ha acogido esta ma\u00f1ana la presentaci\u00f3n del Ciclo de Jornadas Jaume I organizado por el F\u00f2rum Jaume I 2038 para ahondar en la figura del Conquistador y su legado en la sociedad valenciana cuando se cumple el 750 aniversario de su muerte. \u201cUnas jornadas para reflexionar porque saber de d\u00f3nde venimos es cultura, pero decidir d\u00f3nde vamos es libertad\u201d, ha destacado el presidente de la Diputaci\u00f3 de Val\u00e8ncia, Vicent Momp\u00f3, quien ha advertido que \u201cno basta con recordar, hay que tomar posici\u00f3n para defender lo que somos\u201d.<\/p>\n\n\n\n<p>As\u00ed, bajo la herencia de Jaume I, que \u201cconstruy\u00f3 integrando, sumando, articulando una sociedad diversa bajo un mismo marco de derechos y deberes\u201d, Momp\u00f3 ha apelado a la unidad de la ciudadan\u00eda valenciana porque \u201cnadie vendr\u00e1 a resolver lo que no seamos capaces de defender\u201d: \u201cTenemos que estar unidos cuando se trata de lo importante, en la defensa de nuestras tradiciones, del valenciano y de todo aquello que nos hace \u00fanicos como pueblo. Unidos en la denuncia de la infrafinanciaci\u00f3n que sufrimos y en la recuperaci\u00f3n del Derecho Civil Valenciano\u201d.<\/p>\n\n\n\n<p>Del mismo modo, ha argumentado Momp\u00f3, \u201cla Comunidad Valenciana, que merece m\u00e1s respeto y reconocimiento, ser\u00e1 fuerte si tenemos la capacidad de estar unidos. Ser\u00e1 respetada si tenemos la capacidad de hacernos respetar. Y ser\u00e1 influyente si tenemos la capacidad de defender lo que somos sin complejos\u201d.<\/p>\n\n\n\n<figure class=\"wp-block-gallery has-nested-images columns-2 is-cropped wp-block-gallery-1 is-layout-flex wp-block-gallery-is-layout-flex\">\n<figure class=\"wp-block-image size-large\"><img loading=\"lazy\" decoding=\"async\" width=\"945\" height=\"614\" data-id=\"299871\" src=\"https:\/\/www.tucomarca.com\/wordpress\/segunda\/wp-content\/uploads\/2026\/04\/Dipu24Abril26_1.jpg\" alt=\"\" class=\"wp-image-299871\" srcset=\"https:\/\/www.tucomarca.com\/wordpress\/segunda\/wp-content\/uploads\/2026\/04\/Dipu24Abril26_1.jpg 945w, https:\/\/www.tucomarca.com\/wordpress\/segunda\/wp-content\/uploads\/2026\/04\/Dipu24Abril26_1-300x195.jpg 300w, https:\/\/www.tucomarca.com\/wordpress\/segunda\/wp-content\/uploads\/2026\/04\/Dipu24Abril26_1-768x499.jpg 768w\" sizes=\"auto, (max-width: 945px) 100vw, 945px\" \/><\/figure>\n\n\n\n<figure class=\"wp-block-image size-large\"><img loading=\"lazy\" decoding=\"async\" width=\"945\" height=\"614\" data-id=\"299875\" src=\"https:\/\/www.tucomarca.com\/wordpress\/segunda\/wp-content\/uploads\/2026\/04\/Dipu24Abril26.jpg\" alt=\"\" class=\"wp-image-299875\" srcset=\"https:\/\/www.tucomarca.com\/wordpress\/segunda\/wp-content\/uploads\/2026\/04\/Dipu24Abril26.jpg 945w, https:\/\/www.tucomarca.com\/wordpress\/segunda\/wp-content\/uploads\/2026\/04\/Dipu24Abril26-300x195.jpg 300w, https:\/\/www.tucomarca.com\/wordpress\/segunda\/wp-content\/uploads\/2026\/04\/Dipu24Abril26-768x499.jpg 768w\" sizes=\"auto, (max-width: 945px) 100vw, 945px\" \/><\/figure>\n\n\n\n<figure class=\"wp-block-image size-large\"><img loading=\"lazy\" decoding=\"async\" width=\"945\" height=\"614\" data-id=\"299877\" src=\"https:\/\/www.tucomarca.com\/wordpress\/segunda\/wp-content\/uploads\/2026\/04\/DipuJaumeI.jpg\" alt=\"\" class=\"wp-image-299877\" srcset=\"https:\/\/www.tucomarca.com\/wordpress\/segunda\/wp-content\/uploads\/2026\/04\/DipuJaumeI.jpg 945w, https:\/\/www.tucomarca.com\/wordpress\/segunda\/wp-content\/uploads\/2026\/04\/DipuJaumeI-300x195.jpg 300w, https:\/\/www.tucomarca.com\/wordpress\/segunda\/wp-content\/uploads\/2026\/04\/DipuJaumeI-768x499.jpg 768w\" sizes=\"auto, (max-width: 945px) 100vw, 945px\" \/><\/figure>\n<\/figure>\n\n\n\n<p>Por eso, el presidente de la Diputaci\u00f3n ha subrayado que no se puede esperar \u201cindefinidamente\u201d y que \u201cnadie nos regalar\u00e1 nada\u201d, sino que \u201chay que avanzar y activar todas las v\u00edas necesarias para defender lo que nos corresponde\u201d. \u201cLo tenemos que ganar nosotros, codo a codo, instituciones y sociedad civil, como un bloque impenetrable. Hay que activar una unidad estrat\u00e9gica para pensar en grande y entender que lo que est\u00e1 en juego es nuestra identidad, nuestra capacidad de decidir y nuestro futuro\u201d, ha esgrimido.<\/p>\n\n\n\n<p>La presentaci\u00f3n de la jornada, que ha hecho las veces de acto de celebraci\u00f3n del 25 d\u2019Abril para reivindicar el autogobierno, ha reunido alrededor de medio centenar de juristas, historiadores, polit\u00f3logos y periodistas, entre otros. Tambi\u00e9n han participado en la presentaci\u00f3n de la jornadas la consellera de Justicia, Nuria Mart\u00ednez; la presidenta del F\u00f2rum Jaume I, Susi Boix; el presidente de la Asociaci\u00f3n Valenciana de Medios de Comunicaci\u00f3n, Santiago Calaforra; y el historiador y cronista oficial de Llombai, Vicente Sanz.<\/p>\n","protected":false},"excerpt":{"rendered":"<div class=\"mh-excerpt\">La Diputaci\u00f3 de Val\u00e8ncia acoge la presentaci\u00f3n del Ciclo de Jornadas Jaume I organizado por el F\u00f2rum Jaume I 2038. El presidente, Vicent Momp\u00f3, se\u00f1ala la defensa de la identidad valenciana y la lengua propia, <a class=\"mh-excerpt-more\" href=\"https:\/\/www.tucomarca.com\/wordpress\/segunda\/mompo-apela-a-la-unidad-de-la-ciudadania-valenciana-hay-que-defender-lo-que-nos-corresponde-sin-complejos\/\" title=\"Momp\u00f3 apela a la unidad de la ciudadan\u00eda valenciana: \u201cHay que defender lo que nos corresponde sin complejos\u201d\">[+] <\/a><\/div>\n","protected":false},"author":12,"featured_media":299873,"comment_status":"closed","ping_status":"open","sticky":false,"template":"","format":"gallery","meta":{"footnotes":""},"categories":[8,72,142,3,45],"tags":[24208,3677],"class_list":{"0":"post-299868","1":"post","2":"type-post","3":"status-publish","4":"format-gallery","5":"has-post-thumbnail","7":"category-la-comarca","8":"category-sin-categorizar","9":"category-politica-la-comarca","10":"category-seccion","11":"category-ventana","12":"tag-ciclo-de-jornadas-jaume-i","13":"tag-diputacio-de-valencia","14":"post_format-post-format-gallery"},"_links":{"self":[{"href":"https:\/\/www.tucomarca.com\/wordpress\/segunda\/wp-json\/wp\/v2\/posts\/299868","targetHints":{"allow":["GET"]}}],"collection":[{"href":"https:\/\/www.tucomarca.com\/wordpress\/segunda\/wp-json\/wp\/v2\/posts"}],"about":[{"href":"https:\/\/www.tucomarca.com\/wordpress\/segunda\/wp-json\/wp\/v2\/types\/post"}],"author":[{"embeddable":true,"href":"https:\/\/www.tucomarca.com\/wordpress\/segunda\/wp-json\/wp\/v2\/users\/12"}],"replies":[{"embeddable":true,"href":"https:\/\/www.tucomarca.com\/wordpress\/segunda\/wp-json\/wp\/v2\/comments?post=299868"}],"version-history":[{"count":6,"href":"https:\/\/www.tucomarca.com\/wordpress\/segunda\/wp-json\/wp\/v2\/posts\/299868\/revisions"}],"predecessor-version":[{"id":299891,"href":"https:\/\/www.tucomarca.com\/wordpress\/segunda\/wp-json\/wp\/v2\/posts\/299868\/revisions\/299891"}],"wp:featuredmedia":[{"embeddable":true,"href":"https:\/\/www.tucomarca.com\/wordpress\/segunda\/wp-json\/wp\/v2\/media\/299873"}],"wp:attachment":[{"href":"https:\/\/www.tucomarca.com\/wordpress\/segunda\/wp-json\/wp\/v2\/media?parent=299868"}],"wp:term":[{"taxonomy":"category","embeddable":true,"href":"https:\/\/www.tucomarca.com\/wordpress\/segunda\/wp-json\/wp\/v2\/categories?post=299868"},{"taxonomy":"post_tag","embeddable":true,"href":"https:\/\/www.tucomarca.com\/wordpress\/segunda\/wp-json\/wp\/v2\/tags?post=299868"}],"curies":[{"name":"wp","href":"https:\/\/api.w.org\/{rel}","templated":true}]}}