{"id":299895,"date":"2026-04-25T10:00:00","date_gmt":"2026-04-25T08:00:00","guid":{"rendered":"https:\/\/www.tucomarca.com\/wordpress\/segunda\/?p=299895"},"modified":"2026-04-25T13:54:11","modified_gmt":"2026-04-25T11:54:11","slug":"bunol-acogera-del-8-al-10-de-mayo-su-proxima-edicion-de-la-feria-del-comercio","status":"publish","type":"post","link":"https:\/\/www.tucomarca.com\/wordpress\/segunda\/bunol-acogera-del-8-al-10-de-mayo-su-proxima-edicion-de-la-feria-del-comercio\/","title":{"rendered":"Bu\u00f1ol acoger\u00e1 del 8 al 10 de mayo su pr\u00f3xima edici\u00f3n de la Feria del Comercio"},"content":{"rendered":"\n<h3 class=\"wp-block-heading\">La Feria supone el inicio de las actividades primaverales y estivales festivas del municipio y se celebrar\u00e1 los d\u00edas 8 a 10 de mayo en el Parque del Planell.<\/h3>\n\n\n\n<p>La Asociaci\u00f3n de Empresarios y Aut\u00f3nomos de Bu\u00f1ol y el Ayuntamiento de Bu\u00f1ol ha presentado la pr\u00f3xima edici\u00f3n de la Feria del Comercio. Como apunta Daniel Vicente, Presidente de la ACYEB, la novedad m\u00e1s relevante que presentar\u00e1 esta XIX edici\u00f3n ser\u00e1 la implantaci\u00f3n de un \u201cBONO FERIA DEL COMERCIO\u201d.<\/p>\n\n\n\n<figure class=\"wp-block-gallery has-nested-images columns-default is-cropped wp-block-gallery-1 is-layout-flex wp-block-gallery-is-layout-flex\">\n<figure class=\"wp-block-image size-large\"><img loading=\"lazy\" decoding=\"async\" width=\"780\" height=\"1024\" data-id=\"299901\" src=\"https:\/\/www.tucomarca.com\/wordpress\/segunda\/wp-content\/uploads\/2026\/04\/FeriaComercio26_3-780x1024.jpg\" alt=\"\" class=\"wp-image-299901\" srcset=\"https:\/\/www.tucomarca.com\/wordpress\/segunda\/wp-content\/uploads\/2026\/04\/FeriaComercio26_3-780x1024.jpg 780w, https:\/\/www.tucomarca.com\/wordpress\/segunda\/wp-content\/uploads\/2026\/04\/FeriaComercio26_3-229x300.jpg 229w, https:\/\/www.tucomarca.com\/wordpress\/segunda\/wp-content\/uploads\/2026\/04\/FeriaComercio26_3-768x1008.jpg 768w, https:\/\/www.tucomarca.com\/wordpress\/segunda\/wp-content\/uploads\/2026\/04\/FeriaComercio26_3-1170x1536.jpg 1170w, https:\/\/www.tucomarca.com\/wordpress\/segunda\/wp-content\/uploads\/2026\/04\/FeriaComercio26_3.jpg 1219w\" sizes=\"auto, (max-width: 780px) 100vw, 780px\" \/><\/figure>\n\n\n\n<figure class=\"wp-block-image size-large\"><img loading=\"lazy\" decoding=\"async\" width=\"728\" height=\"1024\" data-id=\"299897\" src=\"https:\/\/www.tucomarca.com\/wordpress\/segunda\/wp-content\/uploads\/2026\/04\/FeriaComercio26_1-728x1024.jpg\" alt=\"\" class=\"wp-image-299897\" srcset=\"https:\/\/www.tucomarca.com\/wordpress\/segunda\/wp-content\/uploads\/2026\/04\/FeriaComercio26_1-728x1024.jpg 728w, https:\/\/www.tucomarca.com\/wordpress\/segunda\/wp-content\/uploads\/2026\/04\/FeriaComercio26_1-213x300.jpg 213w, https:\/\/www.tucomarca.com\/wordpress\/segunda\/wp-content\/uploads\/2026\/04\/FeriaComercio26_1-768x1081.jpg 768w, https:\/\/www.tucomarca.com\/wordpress\/segunda\/wp-content\/uploads\/2026\/04\/FeriaComercio26_1-1092x1536.jpg 1092w, https:\/\/www.tucomarca.com\/wordpress\/segunda\/wp-content\/uploads\/2026\/04\/FeriaComercio26_1.jpg 1137w\" sizes=\"auto, (max-width: 728px) 100vw, 728px\" \/><\/figure>\n<\/figure>\n\n\n\n<p><br>Los 10.000\u20ac del Bono Feria del Comercio se distribuir\u00e1 en 400 tarjetas que saldr\u00e1n a la venta al coste de 25\u20ac y tendr\u00e1n cada una un valor de 50\u20ac para consumir \u00fanicamente entre los asociados participantes en la Feria ese fin de semana. El vecindario podr\u00e1 adquirirlas el mi\u00e9rcoles d\u00eda 6 de mayo a partir de las 17:30 horas en las instalaciones del antiguo instituto. \u00danicamente podr\u00e1n adquirirse 2 tarjetas por persona y DNI.<\/p>\n\n\n\n<p>Ayuntamiento y Asociaci\u00f3n hemos ido siempre de la mano en todas las ediciones de la Feria del Comercio y es un fin de semana que supone una inversi\u00f3n muy cuantiosa por ambas partes.<\/p>\n\n\n\n<p>\u201cEl hecho de crear este nuevo bono, esta nueva acci\u00f3n de impulso a nuestros asociados, supone un esfuerzo muy importante para la asociaci\u00f3n, pero sabemos que el pueblo lo demanda y estamos dispuestos a invertirlo en mantener vivo este evento tan arraigado en nuestro municipio\u201d, destaca Daniel.<\/p>\n\n\n\n<p>Por su parte, tanto Virginia Sanz, Alcaldesa de Bu\u00f1ol, como Mario Al\u00eds, responsable del \u00e1rea de Comercio, ponen en valor el esfuerzo de todos los asociados participantes que permiten que la Feria se mantenga viva, as\u00ed como agradecen la colaboraci\u00f3n y predisposici\u00f3n en todo momento de la ACYEB para impulsar esta nueva propuesta de Feria que, estamos convencidos, ser\u00e1 muy acogida en la localidad.<\/p>\n\n\n\n<p>Como viene siendo habitual, la Asociaci\u00f3n de Comerciantes ha preparado una programaci\u00f3n de actividades muy completa y diversa que arrancar\u00e1 con la inauguraci\u00f3n del recinto el viernes 8 a las 19:00 horas, acompa\u00f1ados de la banda juvenil de la SM La Art\u00edstica que concluir\u00e1 en la plaza central con un lunch preparado por distints hornos, pasteler\u00edas y asociados hosteleros.<\/p>\n\n\n\n<p>Ser\u00e1 el inicio de un fin de semana cargado de actividades, degustaciones y espect\u00e1culos para todos nuestros vecinos y visitantes.<\/p>\n\n\n\n<p>Desde la asociaci\u00f3n de comerciantes, se ha querido destacar tambi\u00e9n, se\u00f1ala Daniel Vicente, la incorporaci\u00f3n dentro de la programaci\u00f3n de un \u201cCampeonato de Futbol\u00edn\u201d el s\u00e1bado por la tarde, con la intenci\u00f3n de atraer especialmente a un p\u00fablico juvenil hasta el recinto y el peque\u00f1o comercio local all\u00ed presente.<\/p>\n\n\n\n<p>Tanto desde la ACYEB como por parte del Ayuntamiento de Bu\u00f1ol se espera una gran participaci\u00f3n del vecindario para que esta edici\u00f3n sea todo un \u00e9xito.<\/p>\n","protected":false},"excerpt":{"rendered":"<div class=\"mh-excerpt\">La Feria supone el inicio de las actividades primaverales y estivales festivas del municipio y se celebrar\u00e1 los d\u00edas 8 a 10 de mayo en el Parque del Planell. La Asociaci\u00f3n de Empresarios y Aut\u00f3nomos <a class=\"mh-excerpt-more\" href=\"https:\/\/www.tucomarca.com\/wordpress\/segunda\/bunol-acogera-del-8-al-10-de-mayo-su-proxima-edicion-de-la-feria-del-comercio\/\" title=\"Bu\u00f1ol acoger\u00e1 del 8 al 10 de mayo su pr\u00f3xima edici\u00f3n de la Feria del Comercio\">[+] <\/a><\/div>\n","protected":false},"author":12,"featured_media":299903,"comment_status":"closed","ping_status":"open","sticky":false,"template":"","format":"standard","meta":{"footnotes":""},"categories":[4,18,8,10,7,3],"tags":[24210,5952],"class_list":{"0":"post-299895","1":"post","2":"type-post","3":"status-publish","4":"format-standard","5":"has-post-thumbnail","7":"category-agenda","8":"category-bunol","9":"category-la-comarca","10":"category-la-hoya","11":"category-ocio-y-cultura","12":"category-seccion","13":"tag-feria-del-comercio-2026","14":"tag-la-hoya-de-bunol-chiva"},"_links":{"self":[{"href":"https:\/\/www.tucomarca.com\/wordpress\/segunda\/wp-json\/wp\/v2\/posts\/299895","targetHints":{"allow":["GET"]}}],"collection":[{"href":"https:\/\/www.tucomarca.com\/wordpress\/segunda\/wp-json\/wp\/v2\/posts"}],"about":[{"href":"https:\/\/www.tucomarca.com\/wordpress\/segunda\/wp-json\/wp\/v2\/types\/post"}],"author":[{"embeddable":true,"href":"https:\/\/www.tucomarca.com\/wordpress\/segunda\/wp-json\/wp\/v2\/users\/12"}],"replies":[{"embeddable":true,"href":"https:\/\/www.tucomarca.com\/wordpress\/segunda\/wp-json\/wp\/v2\/comments?post=299895"}],"version-history":[{"count":3,"href":"https:\/\/www.tucomarca.com\/wordpress\/segunda\/wp-json\/wp\/v2\/posts\/299895\/revisions"}],"predecessor-version":[{"id":299916,"href":"https:\/\/www.tucomarca.com\/wordpress\/segunda\/wp-json\/wp\/v2\/posts\/299895\/revisions\/299916"}],"wp:featuredmedia":[{"embeddable":true,"href":"https:\/\/www.tucomarca.com\/wordpress\/segunda\/wp-json\/wp\/v2\/media\/299903"}],"wp:attachment":[{"href":"https:\/\/www.tucomarca.com\/wordpress\/segunda\/wp-json\/wp\/v2\/media?parent=299895"}],"wp:term":[{"taxonomy":"category","embeddable":true,"href":"https:\/\/www.tucomarca.com\/wordpress\/segunda\/wp-json\/wp\/v2\/categories?post=299895"},{"taxonomy":"post_tag","embeddable":true,"href":"https:\/\/www.tucomarca.com\/wordpress\/segunda\/wp-json\/wp\/v2\/tags?post=299895"}],"curies":[{"name":"wp","href":"https:\/\/api.w.org\/{rel}","templated":true}]}}