{"id":299908,"date":"2026-04-25T12:00:00","date_gmt":"2026-04-25T10:00:00","guid":{"rendered":"https:\/\/www.tucomarca.com\/wordpress\/segunda\/?p=299908"},"modified":"2026-04-25T13:59:17","modified_gmt":"2026-04-25T11:59:17","slug":"la-guardia-civil-detiene-al-ladron-de-al-menos-seis-robos-de-cosmetica-de-lujo-en-cheste-por-valor-de-300-000-euros","status":"publish","type":"post","link":"https:\/\/www.tucomarca.com\/wordpress\/segunda\/la-guardia-civil-detiene-al-ladron-de-al-menos-seis-robos-de-cosmetica-de-lujo-en-cheste-por-valor-de-300-000-euros\/","title":{"rendered":"La Guardia Civil detiene al ladr\u00f3n de al menos seis robos de cosm\u00e9tica de lujo en Cheste por valor de 300.000 euros"},"content":{"rendered":"\n<p>La Guardia Civil ha detienido al autor de seis robos con fuerza en naves industriales. El detenido habr\u00eda sustra\u00eddo productos de maquillaje por valor de unos 300.000 euros.<\/p>\n\n\n\n<p>La investigaci\u00f3n empez\u00f3 a finales de septiembre de 2025, cuando se recibi\u00f3 una denuncia de una nave en la localidad de Cheste. Al parecer, se hab\u00eda sustra\u00eddo cosm\u00e9ticos de lujo forzando la cerradura de la puerta de acceso a la nave.<\/p>\n\n\n\n<p>Tras otro hecho similar, una patrulla logr\u00f3 interceptar la furgoneta con que el autor de los hechos hab\u00eda cometido uno de los il\u00edcitos, pero emprendi\u00f3 la huida y evit\u00f3 ser detenido en ese momento. Tras lograr identificar al conductor se pudo verificar la identidad del autor.<\/p>\n\n\n\n<p>Igualmente, se pudo establecer que esa persona hab\u00eda centrado su actividad delictiva en el robo de este tipo de material en naves industriales. Se han logrado acreditar, hasta el momento, seis robos cometidos en tres naves diferentes, bien mediante alunizaje empleando veh\u00edculos sustra\u00eddos, bien mediante butr\u00f3n accediendo desde los muros exteriores o directamente forzando la cerradura de la puerta.<\/p>\n\n\n\n<p>Finalmente, se logr\u00f3 detener a este hombre de 29 a\u00f1os y nacionalidad espa\u00f1ola, al que se le imputaron seis delitos de robo con fuerza. Actualmente la investigaci\u00f3n sigue abierta por si pudieran vincularse a este autor otros hechos adicionales de la misma naturaleza.<\/p>\n\n\n\n<p>La investigaci\u00f3n ha sido llevada a cabo por agentes del Puesto Principal de Chiva. Las diligencias fueron entregadas en la Secci\u00f3n Civil y de Instrucci\u00f3n del Tribunal de Requena Plaza n\u00famero 4.<\/p>\n","protected":false},"excerpt":{"rendered":"<div class=\"mh-excerpt\">La Guardia Civil ha detienido al autor de seis robos con fuerza en naves industriales. El detenido habr\u00eda sustra\u00eddo productos de maquillaje por valor de unos 300.000 euros. La investigaci\u00f3n empez\u00f3 a finales de septiembre <a class=\"mh-excerpt-more\" href=\"https:\/\/www.tucomarca.com\/wordpress\/segunda\/la-guardia-civil-detiene-al-ladron-de-al-menos-seis-robos-de-cosmetica-de-lujo-en-cheste-por-valor-de-300-000-euros\/\" title=\"La Guardia Civil detiene al ladr\u00f3n de al menos seis robos de cosm\u00e9tica de lujo en Cheste por valor de 300.000 euros\">[+] <\/a><\/div>\n","protected":false},"author":12,"featured_media":299909,"comment_status":"closed","ping_status":"open","sticky":false,"template":"","format":"standard","meta":{"footnotes":""},"categories":[17,8,10,3,116,45],"tags":[339,10384,1098,5952],"class_list":{"0":"post-299908","1":"post","2":"type-post","3":"status-publish","4":"format-standard","5":"has-post-thumbnail","7":"category-cheste","8":"category-la-comarca","9":"category-la-hoya","10":"category-seccion","11":"category-sucesos-la-comarca","12":"category-ventana","13":"tag-cheste-2","14":"tag-chiva","15":"tag-guardia-civil","16":"tag-la-hoya-de-bunol-chiva"},"_links":{"self":[{"href":"https:\/\/www.tucomarca.com\/wordpress\/segunda\/wp-json\/wp\/v2\/posts\/299908","targetHints":{"allow":["GET"]}}],"collection":[{"href":"https:\/\/www.tucomarca.com\/wordpress\/segunda\/wp-json\/wp\/v2\/posts"}],"about":[{"href":"https:\/\/www.tucomarca.com\/wordpress\/segunda\/wp-json\/wp\/v2\/types\/post"}],"author":[{"embeddable":true,"href":"https:\/\/www.tucomarca.com\/wordpress\/segunda\/wp-json\/wp\/v2\/users\/12"}],"replies":[{"embeddable":true,"href":"https:\/\/www.tucomarca.com\/wordpress\/segunda\/wp-json\/wp\/v2\/comments?post=299908"}],"version-history":[{"count":2,"href":"https:\/\/www.tucomarca.com\/wordpress\/segunda\/wp-json\/wp\/v2\/posts\/299908\/revisions"}],"predecessor-version":[{"id":299919,"href":"https:\/\/www.tucomarca.com\/wordpress\/segunda\/wp-json\/wp\/v2\/posts\/299908\/revisions\/299919"}],"wp:featuredmedia":[{"embeddable":true,"href":"https:\/\/www.tucomarca.com\/wordpress\/segunda\/wp-json\/wp\/v2\/media\/299909"}],"wp:attachment":[{"href":"https:\/\/www.tucomarca.com\/wordpress\/segunda\/wp-json\/wp\/v2\/media?parent=299908"}],"wp:term":[{"taxonomy":"category","embeddable":true,"href":"https:\/\/www.tucomarca.com\/wordpress\/segunda\/wp-json\/wp\/v2\/categories?post=299908"},{"taxonomy":"post_tag","embeddable":true,"href":"https:\/\/www.tucomarca.com\/wordpress\/segunda\/wp-json\/wp\/v2\/tags?post=299908"}],"curies":[{"name":"wp","href":"https:\/\/api.w.org\/{rel}","templated":true}]}}