{"id":299922,"date":"2026-04-27T10:15:00","date_gmt":"2026-04-27T08:15:00","guid":{"rendered":"https:\/\/www.tucomarca.com\/wordpress\/segunda\/?p=299922"},"modified":"2026-04-27T19:53:36","modified_gmt":"2026-04-27T17:53:36","slug":"carmen-amoraga-y-aquiles-contra-la-guerra-convierten-cheste-en-un-referente-de-memoria-y-cultura","status":"publish","type":"post","link":"https:\/\/www.tucomarca.com\/wordpress\/segunda\/carmen-amoraga-y-aquiles-contra-la-guerra-convierten-cheste-en-un-referente-de-memoria-y-cultura\/","title":{"rendered":"Carmen Amoraga y \u201cAquiles contra la guerra\u201d convierten Cheste en un referente de memoria y cultura"},"content":{"rendered":"\n<p>El Ayuntamiento de Cheste celebr\u00f3 el pasado viernes 24 de abril una intensa jornada cultural enmarcada en la Feria del Libro&nbsp;<em>Cheste lee<\/em>, bajo el lema \u201cCheste es memoria\u201d, con dos propuestas que unieron literatura, historia y compromiso social.<\/p>\n\n\n\n<p>El Sal\u00f3n de Plenos acogi\u00f3 la presentaci\u00f3n del libro&nbsp;<em>L\u00e1grimas de barro<\/em>, de Carmen Amoraga y Maxi Rold\u00e1n, una obra profundamente conmovedora que recoge, desde la cercan\u00eda y la emoci\u00f3n, el impacto de la DANA vivido en primera persona. A trav\u00e9s de un relato cargado de sensibilidad, el libro reconstruye experiencias marcadas por la p\u00e9rdida, la solidaridad y la resiliencia, convirti\u00e9ndose en un testimonio que interpela a la sociedad y subraya la importancia de la memoria, la responsabilidad colectiva y la b\u00fasqueda de justicia.<\/p>\n\n\n\n<p>Los autores explicaron que <em>L\u00e1grimas de barro<\/em> nace de la necesidad de <strong>dar sentido a una experiencia traum\u00e1tica y convertirla en memoria compartida<\/strong>. Carmen Amoraga resume esa convicci\u00f3n afirmando que \u201c<strong>la literatura ordena siempre<\/strong>\u201d y que ese orden ayuda a que \u201c<strong>la vida real sea mejor<\/strong>\u201d, incluso despu\u00e9s de una cat\u00e1strofe. El proyecto surgi\u00f3 de manera inesperada, a partir de una propuesta audiovisual que les oblig\u00f3 a reconstruir los hechos con rapidez, y pronto entendieron que deb\u00eda ser un trabajo conjunto: \u201c<strong>La \u00fanica manera de sacarlo adelante era hacerlo juntos<\/strong>\u201d. Ambos subrayaron que tomaron una decisi\u00f3n consciente de desaparecer como narradores: \u00ab<strong>Nosotros no estamos en el libro: est\u00e1n los hechos<\/strong>\u00bb, porque la historia es suficientemente fuerte por s\u00ed misma y deb\u00eda contarse \u201ccon rigor y con respeto\u201d.<\/p>\n\n\n\n<figure class=\"wp-block-gallery has-nested-images columns-default is-cropped wp-block-gallery-1 is-layout-flex wp-block-gallery-is-layout-flex\">\n<figure class=\"wp-block-image size-large\"><img loading=\"lazy\" decoding=\"async\" width=\"945\" height=\"638\" data-id=\"299928\" src=\"https:\/\/www.tucomarca.com\/wordpress\/segunda\/wp-content\/uploads\/2026\/04\/ChesteAquiles_3.jpg\" alt=\"\" class=\"wp-image-299928\" srcset=\"https:\/\/www.tucomarca.com\/wordpress\/segunda\/wp-content\/uploads\/2026\/04\/ChesteAquiles_3.jpg 945w, https:\/\/www.tucomarca.com\/wordpress\/segunda\/wp-content\/uploads\/2026\/04\/ChesteAquiles_3-300x203.jpg 300w, https:\/\/www.tucomarca.com\/wordpress\/segunda\/wp-content\/uploads\/2026\/04\/ChesteAquiles_3-768x519.jpg 768w\" sizes=\"auto, (max-width: 945px) 100vw, 945px\" \/><\/figure>\n\n\n\n<figure class=\"wp-block-image size-large\"><img loading=\"lazy\" decoding=\"async\" width=\"945\" height=\"638\" data-id=\"299926\" src=\"https:\/\/www.tucomarca.com\/wordpress\/segunda\/wp-content\/uploads\/2026\/04\/ChesteAquiles_2.jpg\" alt=\"\" class=\"wp-image-299926\" srcset=\"https:\/\/www.tucomarca.com\/wordpress\/segunda\/wp-content\/uploads\/2026\/04\/ChesteAquiles_2.jpg 945w, https:\/\/www.tucomarca.com\/wordpress\/segunda\/wp-content\/uploads\/2026\/04\/ChesteAquiles_2-300x203.jpg 300w, https:\/\/www.tucomarca.com\/wordpress\/segunda\/wp-content\/uploads\/2026\/04\/ChesteAquiles_2-768x519.jpg 768w\" sizes=\"auto, (max-width: 945px) 100vw, 945px\" \/><\/figure>\n<\/figure>\n\n\n\n<p>Desde esa misma postura, Amoraga y Rold\u00e1n defendieron el libro como un <strong>acto de memoria, informaci\u00f3n y responsabilidad colectiva<\/strong>. Relatan lo ocurrido desde antes del 29 de octubre para demostrar que no fue un episodio aislado ni inexplicable, y sostienen que \u201c<strong>la informaci\u00f3n es poderosa<\/strong>\u201d y puede ayudar a que algo as\u00ed no vuelva a repetirse. Maxi Rold\u00e1n habla desde la vivencia directa, recordando las p\u00e9rdidas personales y afirmando que, a pesar de todo, \u00ab<strong>lo que prim\u00f3 fue una solidaridad inmensa<\/strong>\u00bb. Ambos coinciden en que el dolor no desaparece: \u201c<strong>Yo pienso en la DANA todos los d\u00edas<\/strong>\u201d, confes\u00f3 Amoraga, y de ah\u00ed surge la necesidad de no olvidar. Por eso el libro est\u00e1 dedicado a las v\u00edctimas, con sus nombres, y sus derechos de autor se destinan \u00edntegramente a la asociaci\u00f3n que las agrupa, como una forma concreta de acompa\u00f1ar esa memoria y sostenerla en el tiempo.<\/p>\n\n\n\n<p>Durante la presentaci\u00f3n, la concejala de Cultura, M\u00aa \u00c1ngeles Llorente, puso en valor el papel de la lectura y la escritura como herramientas fundamentales para preservar la memoria colectiva: \u00ablos sistemas de representaci\u00f3n, las palabras y los relatos son las herramientas que nos permiten combatir el olvido y dejar constancia de nuestras realidades, de nuestros pensamientos y de nuestras emociones. La lectura no es solo un h\u00e1bito cultural, sino un espacio de encuentro, de pensamiento y de libertad.\u201d<\/p>\n\n\n\n<p>Asimismo, Llorente destac\u00f3 el compromiso del Ayuntamiento con el fomento de la cultura y la creaci\u00f3n literaria a trav\u00e9s de una programaci\u00f3n diversa que implica a toda la comunidad educativa y cultural del municipio.<\/p>\n\n\n\n<p><strong>Aquiles toma las calles de Cheste en un grito contra la guerra<\/strong><\/p>\n\n\n\n<p>La jornada continu\u00f3 por la tarde en las calles de Cheste con el espect\u00e1culo itinerante \u201cAquiles\u201d, de La Fam Teatre, una experiencia esc\u00e9nica que no dej\u00f3 indiferente al p\u00fablico. El recorrido parti\u00f3 desde La B\u00e1scula y discurri\u00f3 por las calles Chiva, Federico Garc\u00eda Lorca, Blasco Ib\u00e1\u00f1ez, Doctor Fleming y Avenida de Castilla, hasta finalizar en la plaza de la II Rep\u00fablica.<\/p>\n\n\n\n<figure class=\"wp-block-gallery has-nested-images columns-2 is-cropped wp-block-gallery-2 is-layout-flex wp-block-gallery-is-layout-flex\">\n<figure class=\"wp-block-image size-large\"><img loading=\"lazy\" decoding=\"async\" width=\"945\" height=\"638\" data-id=\"299932\" src=\"https:\/\/www.tucomarca.com\/wordpress\/segunda\/wp-content\/uploads\/2026\/04\/ChesteAquiles_5.jpg\" alt=\"\" class=\"wp-image-299932\" srcset=\"https:\/\/www.tucomarca.com\/wordpress\/segunda\/wp-content\/uploads\/2026\/04\/ChesteAquiles_5.jpg 945w, https:\/\/www.tucomarca.com\/wordpress\/segunda\/wp-content\/uploads\/2026\/04\/ChesteAquiles_5-300x203.jpg 300w, https:\/\/www.tucomarca.com\/wordpress\/segunda\/wp-content\/uploads\/2026\/04\/ChesteAquiles_5-768x519.jpg 768w\" sizes=\"auto, (max-width: 945px) 100vw, 945px\" \/><\/figure>\n\n\n\n<figure class=\"wp-block-image size-large\"><img loading=\"lazy\" decoding=\"async\" width=\"945\" height=\"638\" data-id=\"299930\" src=\"https:\/\/www.tucomarca.com\/wordpress\/segunda\/wp-content\/uploads\/2026\/04\/ChesteAquiles_4.jpg\" alt=\"\" class=\"wp-image-299930\" srcset=\"https:\/\/www.tucomarca.com\/wordpress\/segunda\/wp-content\/uploads\/2026\/04\/ChesteAquiles_4.jpg 945w, https:\/\/www.tucomarca.com\/wordpress\/segunda\/wp-content\/uploads\/2026\/04\/ChesteAquiles_4-300x203.jpg 300w, https:\/\/www.tucomarca.com\/wordpress\/segunda\/wp-content\/uploads\/2026\/04\/ChesteAquiles_4-768x519.jpg 768w\" sizes=\"auto, (max-width: 945px) 100vw, 945px\" \/><\/figure>\n\n\n\n<figure class=\"wp-block-image size-large\"><img loading=\"lazy\" decoding=\"async\" width=\"945\" height=\"638\" data-id=\"299934\" src=\"https:\/\/www.tucomarca.com\/wordpress\/segunda\/wp-content\/uploads\/2026\/04\/ChesteAquiles_6.jpg\" alt=\"\" class=\"wp-image-299934\" srcset=\"https:\/\/www.tucomarca.com\/wordpress\/segunda\/wp-content\/uploads\/2026\/04\/ChesteAquiles_6.jpg 945w, https:\/\/www.tucomarca.com\/wordpress\/segunda\/wp-content\/uploads\/2026\/04\/ChesteAquiles_6-300x203.jpg 300w, https:\/\/www.tucomarca.com\/wordpress\/segunda\/wp-content\/uploads\/2026\/04\/ChesteAquiles_6-768x519.jpg 768w\" sizes=\"auto, (max-width: 945px) 100vw, 945px\" \/><\/figure>\n\n\n\n<figure class=\"wp-block-image size-large\"><img loading=\"lazy\" decoding=\"async\" width=\"945\" height=\"638\" data-id=\"299936\" src=\"https:\/\/www.tucomarca.com\/wordpress\/segunda\/wp-content\/uploads\/2026\/04\/ChesteAquiles_7.jpg\" alt=\"\" class=\"wp-image-299936\" srcset=\"https:\/\/www.tucomarca.com\/wordpress\/segunda\/wp-content\/uploads\/2026\/04\/ChesteAquiles_7.jpg 945w, https:\/\/www.tucomarca.com\/wordpress\/segunda\/wp-content\/uploads\/2026\/04\/ChesteAquiles_7-300x203.jpg 300w, https:\/\/www.tucomarca.com\/wordpress\/segunda\/wp-content\/uploads\/2026\/04\/ChesteAquiles_7-768x519.jpg 768w\" sizes=\"auto, (max-width: 945px) 100vw, 945px\" \/><\/figure>\n\n\n\n<figure class=\"wp-block-image size-large\"><img loading=\"lazy\" decoding=\"async\" width=\"945\" height=\"638\" data-id=\"299938\" src=\"https:\/\/www.tucomarca.com\/wordpress\/segunda\/wp-content\/uploads\/2026\/04\/ChesteAquiles_8.jpg\" alt=\"\" class=\"wp-image-299938\" srcset=\"https:\/\/www.tucomarca.com\/wordpress\/segunda\/wp-content\/uploads\/2026\/04\/ChesteAquiles_8.jpg 945w, https:\/\/www.tucomarca.com\/wordpress\/segunda\/wp-content\/uploads\/2026\/04\/ChesteAquiles_8-300x203.jpg 300w, https:\/\/www.tucomarca.com\/wordpress\/segunda\/wp-content\/uploads\/2026\/04\/ChesteAquiles_8-768x519.jpg 768w\" sizes=\"auto, (max-width: 945px) 100vw, 945px\" \/><\/figure>\n<\/figure>\n\n\n\n<p>El espect\u00e1culo, protagonizado por un imponente Aquiles articulado de m\u00e1s de cinco metros de altura, transform\u00f3 el espacio urbano en un escenario vivo, invitando a la ciudadan\u00eda a reflexionar sobre el sentido de la historia y las consecuencias de los conflictos b\u00e9licos. La propuesta se erigi\u00f3 como un potente grito contra la guerra, recordando que los conflictos nunca dejan vencedores, sino dolor y p\u00e9rdida.<\/p>\n\n\n\n<p>Al t\u00e9rmino de la representaci\u00f3n, la plaza de la II Rep\u00fablica acogi\u00f3 un acto contra la guerra en el que se reforz\u00f3 el mensaje de paz y memoria. Llorente se\u00f1al\u00f3 durante su intervenci\u00f3n que \u201ccomo municipio, tenemos la oportunidad \u2014y la responsabilidad\u2014 de construir espacios donde estas reflexiones tengan lugar, donde la palabra sustituya al silencio y donde la cultura sea un punto de encuentro. La lectura y la escritura, hoy m\u00e1s que nunca, siguen siendo nuestras aliadas para entender el mundo y para imaginar uno mejor.<\/p>\n\n\n\n<p>\u00abCheste demuestra, una vez m\u00e1s, su compromiso con la cultura, la memoria y los valores democr\u00e1ticos. Actos como los de hoy nos invitan a reflexionar sobre nuestro pasado para construir un futuro m\u00e1s justo y humano\u201d,<em> s<\/em>ubray\u00f3 el alcalde, Jos\u00e9 Morell.<\/p>\n\n\n\n<p>Con esta jornada, el Ayuntamiento de Cheste reafirma su apuesta por una programaci\u00f3n cultural que conecta a la ciudadan\u00eda con la memoria, la literatura y la reflexi\u00f3n colectiva, consolidando la Feria del Libro&nbsp;<em>Cheste lee<\/em>&nbsp;como un espacio de encuentro, aprendizaje y compromiso social.<\/p>\n\n\n\n<p><\/p>\n","protected":false},"excerpt":{"rendered":"<div class=\"mh-excerpt\">El Ayuntamiento de Cheste celebr\u00f3 el pasado viernes 24 de abril una intensa jornada cultural enmarcada en la Feria del Libro&nbsp;Cheste lee, bajo el lema \u201cCheste es memoria\u201d, con dos propuestas que unieron literatura, historia <a class=\"mh-excerpt-more\" href=\"https:\/\/www.tucomarca.com\/wordpress\/segunda\/carmen-amoraga-y-aquiles-contra-la-guerra-convierten-cheste-en-un-referente-de-memoria-y-cultura\/\" title=\"Carmen Amoraga y \u201cAquiles contra la guerra\u201d convierten Cheste en un referente de memoria y cultura\">[+] <\/a><\/div>\n","protected":false},"author":12,"featured_media":299924,"comment_status":"closed","ping_status":"open","sticky":false,"template":"","format":"gallery","meta":{"footnotes":""},"categories":[17,8,10,7,3],"tags":[339,24119,10806,5952],"class_list":{"0":"post-299922","1":"post","2":"type-post","3":"status-publish","4":"format-gallery","5":"has-post-thumbnail","7":"category-cheste","8":"category-la-comarca","9":"category-la-hoya","10":"category-ocio-y-cultura","11":"category-seccion","12":"tag-cheste-2","13":"tag-cheste-lee","14":"tag-feria-del-libro-de-cheste","15":"tag-la-hoya-de-bunol-chiva","16":"post_format-post-format-gallery"},"_links":{"self":[{"href":"https:\/\/www.tucomarca.com\/wordpress\/segunda\/wp-json\/wp\/v2\/posts\/299922","targetHints":{"allow":["GET"]}}],"collection":[{"href":"https:\/\/www.tucomarca.com\/wordpress\/segunda\/wp-json\/wp\/v2\/posts"}],"about":[{"href":"https:\/\/www.tucomarca.com\/wordpress\/segunda\/wp-json\/wp\/v2\/types\/post"}],"author":[{"embeddable":true,"href":"https:\/\/www.tucomarca.com\/wordpress\/segunda\/wp-json\/wp\/v2\/users\/12"}],"replies":[{"embeddable":true,"href":"https:\/\/www.tucomarca.com\/wordpress\/segunda\/wp-json\/wp\/v2\/comments?post=299922"}],"version-history":[{"count":3,"href":"https:\/\/www.tucomarca.com\/wordpress\/segunda\/wp-json\/wp\/v2\/posts\/299922\/revisions"}],"predecessor-version":[{"id":300110,"href":"https:\/\/www.tucomarca.com\/wordpress\/segunda\/wp-json\/wp\/v2\/posts\/299922\/revisions\/300110"}],"wp:featuredmedia":[{"embeddable":true,"href":"https:\/\/www.tucomarca.com\/wordpress\/segunda\/wp-json\/wp\/v2\/media\/299924"}],"wp:attachment":[{"href":"https:\/\/www.tucomarca.com\/wordpress\/segunda\/wp-json\/wp\/v2\/media?parent=299922"}],"wp:term":[{"taxonomy":"category","embeddable":true,"href":"https:\/\/www.tucomarca.com\/wordpress\/segunda\/wp-json\/wp\/v2\/categories?post=299922"},{"taxonomy":"post_tag","embeddable":true,"href":"https:\/\/www.tucomarca.com\/wordpress\/segunda\/wp-json\/wp\/v2\/tags?post=299922"}],"curies":[{"name":"wp","href":"https:\/\/api.w.org\/{rel}","templated":true}]}}