{"id":299960,"date":"2026-04-26T12:00:00","date_gmt":"2026-04-26T10:00:00","guid":{"rendered":"https:\/\/www.tucomarca.com\/wordpress\/segunda\/?p=299960"},"modified":"2026-04-27T12:37:19","modified_gmt":"2026-04-27T10:37:19","slug":"la-generalitat-y-la-diputacio-felicitan-al-municipio-de-alpuente-por-su-capacidad-de-proteger-lo-propio-tras-el-reconocimiento-como-uno-de-los-pueblos-mas-bonitos-de-espana","status":"publish","type":"post","link":"https:\/\/www.tucomarca.com\/wordpress\/segunda\/la-generalitat-y-la-diputacio-felicitan-al-municipio-de-alpuente-por-su-capacidad-de-proteger-lo-propio-tras-el-reconocimiento-como-uno-de-los-pueblos-mas-bonitos-de-espana\/","title":{"rendered":"La Generalitat y la Diputaci\u00f3 felicitan al municipio de Alpuente por su capacidad de proteger lo propio tras el reconocimiento como uno de &#8216;Los Pueblos m\u00e1s bonitos de Espa\u00f1a&#8217;"},"content":{"rendered":"\n<h3 class=\"wp-block-heading\">El secretario auton\u00f3mico de Cohesi\u00f3n Territorial ha participado en el acto de proclamaci\u00f3n y de descubierta\u00a0del cartel oficial que acredita la calificaci\u00f3n a este municipio de la Serran\u00eda.<\/h3>\n\n\n\n<p>El secretario auton\u00f3mico de Pol\u00edtica Institucional y Cohesi\u00f3n Territorial, Carlos Gil, ha felicitado en nombre del Consell al municipio de Alpuente por su forma de ser y proteger lo propio\u201d.<\/p>\n\n\n\n<p>Carlos Gil, ha participado en el acto de proclamaci\u00f3n de Alpuente como uno de \u2018Los pueblos m\u00e1s bonitos de Espa\u00f1a\u2019. Un reconocimiento de la Asociaci\u00f3n Los Pueblos M\u00e1s Bonitos de Espa\u00f1a, que pone en valor su historia, patrimonio y belleza, y en el que se ha descubierto un cartel oficial que acredita al municipio como parte de esta asociaci\u00f3n.<\/p>\n\n\n\n<p>En el acto tambi\u00e9n ha participado el presidente de la Diputaci\u00f3n, Vicent Momp\u00f3, la alcaldesa de Alpuente, Itziar M\u00e9ndez, y el presidente de la Asociaci\u00f3n, Francisco Mestre.&nbsp;<\/p>\n\n\n\n<p>El secretario auton\u00f3mico ha manifestado que \u201choy no se reconoce un pueblo bonito, sino tambi\u00e9n el trabajo acumulado de muchas generaciones que se negaron a que su historia fuera olvido. Este sello es un homenaje a vuestros abuelos y bisabuelos, pero, sobre todo, es un tributo a quienes sosten\u00e9is el pueblo cada d\u00eda\u201d.<\/p>\n\n\n\n<p>Carlos Gil ha destacado la importancia de los pueblos de interior: \u201cno hay Comunitat Valenciana fuerte si no tenemos un interior fuerte y vibrante. La igualdad de oportunidades no puede depender de la ubicaci\u00f3n geogr\u00e1fica ni del c\u00f3digo postal\u201d.<\/p>\n\n\n\n<p>El secretario auton\u00f3mico ha resaltado que \u201cquedarse en un pueblo, emprender y vivir aqu\u00ed es una decisi\u00f3n valiente y la forma m\u00e1s pura de compromiso con el territorio\u201d.<\/p>\n\n\n\n<p>La localidad de Alpuente se ha convertido en el primer municipio de la provincia de Valencia en ingresar en la red &#8216;Los pueblos m\u00e1s bonitos de Espa\u00f1a&#8217;, que promueve la asociaci\u00f3n del mismo nombre.&nbsp;<\/p>\n\n\n\n<p>La Asociaci\u00f3n Los Pueblos M\u00e1s Bonitos de Espa\u00f1a resalta de este municipio de la Serran\u00eda \u201csu extraordinario legado hist\u00f3rico, su castillo de origen andalus\u00ed, el antiguo recinto amurallado y el trazado medieval de sus calles\u201d. A ello se suman \u201csu impresionante acueducto, las huellas de dinosaurios halladas en su entorno y su museo paleontol\u00f3gico\u201d. En pleno paisaje de monta\u00f1a, Alpuente ofrece un equilibrio \u00fanico entre naturaleza, patrimonio e identidad rural\u201d.<\/p>\n\n\n\n<figure class=\"wp-block-image size-large\"><img loading=\"lazy\" decoding=\"async\" width=\"1024\" height=\"778\" src=\"https:\/\/www.tucomarca.com\/wordpress\/segunda\/wp-content\/uploads\/2026\/04\/AlpuenteDipuGVA2-1024x778.jpeg\" alt=\"\" class=\"wp-image-299963\" srcset=\"https:\/\/www.tucomarca.com\/wordpress\/segunda\/wp-content\/uploads\/2026\/04\/AlpuenteDipuGVA2-1024x778.jpeg 1024w, https:\/\/www.tucomarca.com\/wordpress\/segunda\/wp-content\/uploads\/2026\/04\/AlpuenteDipuGVA2-300x228.jpeg 300w, https:\/\/www.tucomarca.com\/wordpress\/segunda\/wp-content\/uploads\/2026\/04\/AlpuenteDipuGVA2-768x584.jpeg 768w, https:\/\/www.tucomarca.com\/wordpress\/segunda\/wp-content\/uploads\/2026\/04\/AlpuenteDipuGVA2-1536x1167.jpeg 1536w, https:\/\/www.tucomarca.com\/wordpress\/segunda\/wp-content\/uploads\/2026\/04\/AlpuenteDipuGVA2-80x60.jpeg 80w, https:\/\/www.tucomarca.com\/wordpress\/segunda\/wp-content\/uploads\/2026\/04\/AlpuenteDipuGVA2.jpeg 2048w\" sizes=\"auto, (max-width: 1024px) 100vw, 1024px\" \/><\/figure>\n","protected":false},"excerpt":{"rendered":"<div class=\"mh-excerpt\">El secretario auton\u00f3mico de Cohesi\u00f3n Territorial ha participado en el acto de proclamaci\u00f3n y de descubierta\u00a0del cartel oficial que acredita la calificaci\u00f3n a este municipio de la Serran\u00eda. El secretario auton\u00f3mico de Pol\u00edtica Institucional y <a class=\"mh-excerpt-more\" href=\"https:\/\/www.tucomarca.com\/wordpress\/segunda\/la-generalitat-y-la-diputacio-felicitan-al-municipio-de-alpuente-por-su-capacidad-de-proteger-lo-propio-tras-el-reconocimiento-como-uno-de-los-pueblos-mas-bonitos-de-espana\/\" title=\"La Generalitat y la Diputaci\u00f3 felicitan al municipio de Alpuente por su capacidad de proteger lo propio tras el reconocimiento como uno de &#8216;Los Pueblos m\u00e1s bonitos de Espa\u00f1a&#8217;\">[+] <\/a><\/div>\n","protected":false},"author":1,"featured_media":299961,"comment_status":"closed","ping_status":"open","sticky":false,"template":"","format":"standard","meta":{"footnotes":""},"categories":[198,128,8,72,59,7,142,3,45],"tags":[10450,3677,10400],"class_list":{"0":"post-299960","1":"post","2":"type-post","3":"status-publish","4":"format-standard","5":"has-post-thumbnail","7":"category-alpuente","8":"category-infraestructuras","9":"category-la-comarca","10":"category-sin-categorizar","11":"category-los-serranos","12":"category-ocio-y-cultura","13":"category-politica-la-comarca","14":"category-seccion","15":"category-ventana","16":"tag-alpuente","17":"tag-diputacio-de-valencia","18":"tag-los-serranos"},"_links":{"self":[{"href":"https:\/\/www.tucomarca.com\/wordpress\/segunda\/wp-json\/wp\/v2\/posts\/299960","targetHints":{"allow":["GET"]}}],"collection":[{"href":"https:\/\/www.tucomarca.com\/wordpress\/segunda\/wp-json\/wp\/v2\/posts"}],"about":[{"href":"https:\/\/www.tucomarca.com\/wordpress\/segunda\/wp-json\/wp\/v2\/types\/post"}],"author":[{"embeddable":true,"href":"https:\/\/www.tucomarca.com\/wordpress\/segunda\/wp-json\/wp\/v2\/users\/1"}],"replies":[{"embeddable":true,"href":"https:\/\/www.tucomarca.com\/wordpress\/segunda\/wp-json\/wp\/v2\/comments?post=299960"}],"version-history":[{"count":1,"href":"https:\/\/www.tucomarca.com\/wordpress\/segunda\/wp-json\/wp\/v2\/posts\/299960\/revisions"}],"predecessor-version":[{"id":299965,"href":"https:\/\/www.tucomarca.com\/wordpress\/segunda\/wp-json\/wp\/v2\/posts\/299960\/revisions\/299965"}],"wp:featuredmedia":[{"embeddable":true,"href":"https:\/\/www.tucomarca.com\/wordpress\/segunda\/wp-json\/wp\/v2\/media\/299961"}],"wp:attachment":[{"href":"https:\/\/www.tucomarca.com\/wordpress\/segunda\/wp-json\/wp\/v2\/media?parent=299960"}],"wp:term":[{"taxonomy":"category","embeddable":true,"href":"https:\/\/www.tucomarca.com\/wordpress\/segunda\/wp-json\/wp\/v2\/categories?post=299960"},{"taxonomy":"post_tag","embeddable":true,"href":"https:\/\/www.tucomarca.com\/wordpress\/segunda\/wp-json\/wp\/v2\/tags?post=299960"}],"curies":[{"name":"wp","href":"https:\/\/api.w.org\/{rel}","templated":true}]}}