{"id":299976,"date":"2026-04-27T10:30:00","date_gmt":"2026-04-27T08:30:00","guid":{"rendered":"https:\/\/www.tucomarca.com\/wordpress\/segunda\/?p=299976"},"modified":"2026-04-27T19:50:54","modified_gmt":"2026-04-27T17:50:54","slug":"alborache-celebra-el-dia-del-libro-con-alta-participacion-de-todas-las-edades","status":"publish","type":"post","link":"https:\/\/www.tucomarca.com\/wordpress\/segunda\/alborache-celebra-el-dia-del-libro-con-alta-participacion-de-todas-las-edades\/","title":{"rendered":"Alborache celebra el D\u00eda del Libro con alta participaci\u00f3n de todas las edades"},"content":{"rendered":"\n<p>El municipio de Alborache ha conmemorado el<strong> D\u00eda del Libro<\/strong> con una jornada cultural centrada en la lectura y la creatividad literaria de los m\u00e1s j\u00f3venes, organizada por la <strong>concejal\u00eda de Cultura<\/strong>, que gestiona <strong>Javier Gilabert Juan.<\/strong><\/p>\n\n\n\n<p>La localidad ha vuelto a demostrar su vitalidad cultural con una destacada participaci\u00f3n en el concurso de relatos infantil, que ha reunido a m\u00e1s de 80 participantes.<\/p>\n\n\n\n<p>El acto ha incluido una lectura en voz alta y la entrega de premios del certamen, en el que se ha puesto de manifiesto el alto nivel de los trabajos presentados. Desde la organizaci\u00f3n han querido agradecer la asistencia del p\u00fablico y la implicaci\u00f3n de todas las personas que han hecho posible la actividad.<\/p>\n\n\n\n<p>Especial reconocimiento ha recibido Amparo por su lectura de un libro infantil durante la jornada, as\u00ed como el<strong> CRA Alborache-Macastre<\/strong>, que ha colaborado en la valoraci\u00f3n a ciegas de los relatos.<\/p>\n\n\n\n<p>Los premios han reca\u00eddo en Andrea, Aitana, Thomas, Emma, Ian y Ritedj, cuyos trabajos han sido destacados entre el conjunto de propuestas presentadas. <\/p>\n\n\n\n<figure class=\"wp-block-gallery has-nested-images columns-2 is-cropped wp-block-gallery-1 is-layout-flex wp-block-gallery-is-layout-flex\">\n<figure class=\"wp-block-image size-large\"><img loading=\"lazy\" decoding=\"async\" width=\"945\" height=\"945\" data-id=\"299994\" src=\"https:\/\/www.tucomarca.com\/wordpress\/segunda\/wp-content\/uploads\/2026\/04\/AlboracheDiaLibro07.jpg\" alt=\"\" class=\"wp-image-299994\" srcset=\"https:\/\/www.tucomarca.com\/wordpress\/segunda\/wp-content\/uploads\/2026\/04\/AlboracheDiaLibro07.jpg 945w, https:\/\/www.tucomarca.com\/wordpress\/segunda\/wp-content\/uploads\/2026\/04\/AlboracheDiaLibro07-300x300.jpg 300w, https:\/\/www.tucomarca.com\/wordpress\/segunda\/wp-content\/uploads\/2026\/04\/AlboracheDiaLibro07-290x290.jpg 290w, https:\/\/www.tucomarca.com\/wordpress\/segunda\/wp-content\/uploads\/2026\/04\/AlboracheDiaLibro07-768x768.jpg 768w\" sizes=\"auto, (max-width: 945px) 100vw, 945px\" \/><\/figure>\n\n\n\n<figure class=\"wp-block-image size-large\"><img loading=\"lazy\" decoding=\"async\" width=\"945\" height=\"945\" data-id=\"299992\" src=\"https:\/\/www.tucomarca.com\/wordpress\/segunda\/wp-content\/uploads\/2026\/04\/AlboracheDiaLibro06.jpg\" alt=\"\" class=\"wp-image-299992\" srcset=\"https:\/\/www.tucomarca.com\/wordpress\/segunda\/wp-content\/uploads\/2026\/04\/AlboracheDiaLibro06.jpg 945w, https:\/\/www.tucomarca.com\/wordpress\/segunda\/wp-content\/uploads\/2026\/04\/AlboracheDiaLibro06-300x300.jpg 300w, https:\/\/www.tucomarca.com\/wordpress\/segunda\/wp-content\/uploads\/2026\/04\/AlboracheDiaLibro06-290x290.jpg 290w, https:\/\/www.tucomarca.com\/wordpress\/segunda\/wp-content\/uploads\/2026\/04\/AlboracheDiaLibro06-768x768.jpg 768w\" sizes=\"auto, (max-width: 945px) 100vw, 945px\" \/><\/figure>\n\n\n\n<figure class=\"wp-block-image size-large\"><img loading=\"lazy\" decoding=\"async\" width=\"945\" height=\"945\" data-id=\"299990\" src=\"https:\/\/www.tucomarca.com\/wordpress\/segunda\/wp-content\/uploads\/2026\/04\/AlboracheDiaLibro05.jpg\" alt=\"\" class=\"wp-image-299990\" srcset=\"https:\/\/www.tucomarca.com\/wordpress\/segunda\/wp-content\/uploads\/2026\/04\/AlboracheDiaLibro05.jpg 945w, https:\/\/www.tucomarca.com\/wordpress\/segunda\/wp-content\/uploads\/2026\/04\/AlboracheDiaLibro05-300x300.jpg 300w, https:\/\/www.tucomarca.com\/wordpress\/segunda\/wp-content\/uploads\/2026\/04\/AlboracheDiaLibro05-290x290.jpg 290w, https:\/\/www.tucomarca.com\/wordpress\/segunda\/wp-content\/uploads\/2026\/04\/AlboracheDiaLibro05-768x768.jpg 768w\" sizes=\"auto, (max-width: 945px) 100vw, 945px\" \/><\/figure>\n\n\n\n<figure class=\"wp-block-image size-large\"><img loading=\"lazy\" decoding=\"async\" width=\"945\" height=\"945\" data-id=\"299988\" src=\"https:\/\/www.tucomarca.com\/wordpress\/segunda\/wp-content\/uploads\/2026\/04\/AlboracheDiaLibro04.jpg\" alt=\"\" class=\"wp-image-299988\" srcset=\"https:\/\/www.tucomarca.com\/wordpress\/segunda\/wp-content\/uploads\/2026\/04\/AlboracheDiaLibro04.jpg 945w, https:\/\/www.tucomarca.com\/wordpress\/segunda\/wp-content\/uploads\/2026\/04\/AlboracheDiaLibro04-300x300.jpg 300w, https:\/\/www.tucomarca.com\/wordpress\/segunda\/wp-content\/uploads\/2026\/04\/AlboracheDiaLibro04-290x290.jpg 290w, https:\/\/www.tucomarca.com\/wordpress\/segunda\/wp-content\/uploads\/2026\/04\/AlboracheDiaLibro04-768x768.jpg 768w\" sizes=\"auto, (max-width: 945px) 100vw, 945px\" \/><\/figure>\n\n\n\n<figure class=\"wp-block-image size-large\"><img loading=\"lazy\" decoding=\"async\" width=\"945\" height=\"638\" data-id=\"299986\" src=\"https:\/\/www.tucomarca.com\/wordpress\/segunda\/wp-content\/uploads\/2026\/04\/AlboracheDiaLibro03.jpg\" alt=\"\" class=\"wp-image-299986\" srcset=\"https:\/\/www.tucomarca.com\/wordpress\/segunda\/wp-content\/uploads\/2026\/04\/AlboracheDiaLibro03.jpg 945w, https:\/\/www.tucomarca.com\/wordpress\/segunda\/wp-content\/uploads\/2026\/04\/AlboracheDiaLibro03-300x203.jpg 300w, https:\/\/www.tucomarca.com\/wordpress\/segunda\/wp-content\/uploads\/2026\/04\/AlboracheDiaLibro03-768x519.jpg 768w\" sizes=\"auto, (max-width: 945px) 100vw, 945px\" \/><\/figure>\n\n\n\n<figure class=\"wp-block-image size-large\"><img loading=\"lazy\" decoding=\"async\" width=\"945\" height=\"638\" data-id=\"299996\" src=\"https:\/\/www.tucomarca.com\/wordpress\/segunda\/wp-content\/uploads\/2026\/04\/AlboracheDiaLibro08.jpg\" alt=\"\" class=\"wp-image-299996\" srcset=\"https:\/\/www.tucomarca.com\/wordpress\/segunda\/wp-content\/uploads\/2026\/04\/AlboracheDiaLibro08.jpg 945w, https:\/\/www.tucomarca.com\/wordpress\/segunda\/wp-content\/uploads\/2026\/04\/AlboracheDiaLibro08-300x203.jpg 300w, https:\/\/www.tucomarca.com\/wordpress\/segunda\/wp-content\/uploads\/2026\/04\/AlboracheDiaLibro08-768x519.jpg 768w\" sizes=\"auto, (max-width: 945px) 100vw, 945px\" \/><\/figure>\n<\/figure>\n\n\n\n<p>Tambi\u00e9n el <strong>Club de Lectura<\/strong> ha conmemorado el D\u00eda del Libro con una interesante sesi\u00f3n en la que los participantes han compartido impresiones y recomendaciones literarias. La actividad, celebrada en un ambiente cercano y participativo, ha servido para fomentar la lectura y el intercambio cultural entre los asistentes.<\/p>\n\n\n\n<figure class=\"wp-block-gallery has-nested-images columns-default is-cropped wp-block-gallery-2 is-layout-flex wp-block-gallery-is-layout-flex\">\n<figure class=\"wp-block-image size-large\"><img loading=\"lazy\" decoding=\"async\" width=\"945\" height=\"638\" data-id=\"299998\" src=\"https:\/\/www.tucomarca.com\/wordpress\/segunda\/wp-content\/uploads\/2026\/04\/AlboracheDiaLibro09.jpg\" alt=\"\" class=\"wp-image-299998\" srcset=\"https:\/\/www.tucomarca.com\/wordpress\/segunda\/wp-content\/uploads\/2026\/04\/AlboracheDiaLibro09.jpg 945w, https:\/\/www.tucomarca.com\/wordpress\/segunda\/wp-content\/uploads\/2026\/04\/AlboracheDiaLibro09-300x203.jpg 300w, https:\/\/www.tucomarca.com\/wordpress\/segunda\/wp-content\/uploads\/2026\/04\/AlboracheDiaLibro09-768x519.jpg 768w\" sizes=\"auto, (max-width: 945px) 100vw, 945px\" \/><\/figure>\n\n\n\n<figure class=\"wp-block-image size-large\"><img loading=\"lazy\" decoding=\"async\" width=\"945\" height=\"638\" data-id=\"300000\" src=\"https:\/\/www.tucomarca.com\/wordpress\/segunda\/wp-content\/uploads\/2026\/04\/AlboracheDiaLibro10.jpg\" alt=\"\" class=\"wp-image-300000\" srcset=\"https:\/\/www.tucomarca.com\/wordpress\/segunda\/wp-content\/uploads\/2026\/04\/AlboracheDiaLibro10.jpg 945w, https:\/\/www.tucomarca.com\/wordpress\/segunda\/wp-content\/uploads\/2026\/04\/AlboracheDiaLibro10-300x203.jpg 300w, https:\/\/www.tucomarca.com\/wordpress\/segunda\/wp-content\/uploads\/2026\/04\/AlboracheDiaLibro10-768x519.jpg 768w\" sizes=\"auto, (max-width: 945px) 100vw, 945px\" \/><\/figure>\n<\/figure>\n\n\n\n<p>Con iniciativas como esta, Alborache apuesta por la promoci\u00f3n de la lectura y el fomento del talento literario desde edades tempranas. Informa,<strong> P. Ferrer<\/strong>.<\/p>\n","protected":false},"excerpt":{"rendered":"<div class=\"mh-excerpt\">El municipio de Alborache ha conmemorado el D\u00eda del Libro con una jornada cultural centrada en la lectura y la creatividad literaria de los m\u00e1s j\u00f3venes, organizada por la concejal\u00eda de Cultura, que gestiona Javier <a class=\"mh-excerpt-more\" href=\"https:\/\/www.tucomarca.com\/wordpress\/segunda\/alborache-celebra-el-dia-del-libro-con-alta-participacion-de-todas-las-edades\/\" title=\"Alborache celebra el D\u00eda del Libro con alta participaci\u00f3n de todas las edades\">[+] <\/a><\/div>\n","protected":false},"author":12,"featured_media":299984,"comment_status":"closed","ping_status":"open","sticky":false,"template":"","format":"gallery","meta":{"footnotes":""},"categories":[19,8,10,7,3],"tags":[10386,869,5952],"class_list":{"0":"post-299976","1":"post","2":"type-post","3":"status-publish","4":"format-gallery","5":"has-post-thumbnail","7":"category-alborache","8":"category-la-comarca","9":"category-la-hoya","10":"category-ocio-y-cultura","11":"category-seccion","12":"tag-alborache","13":"tag-dia-del-libro","14":"tag-la-hoya-de-bunol-chiva","15":"post_format-post-format-gallery"},"_links":{"self":[{"href":"https:\/\/www.tucomarca.com\/wordpress\/segunda\/wp-json\/wp\/v2\/posts\/299976","targetHints":{"allow":["GET"]}}],"collection":[{"href":"https:\/\/www.tucomarca.com\/wordpress\/segunda\/wp-json\/wp\/v2\/posts"}],"about":[{"href":"https:\/\/www.tucomarca.com\/wordpress\/segunda\/wp-json\/wp\/v2\/types\/post"}],"author":[{"embeddable":true,"href":"https:\/\/www.tucomarca.com\/wordpress\/segunda\/wp-json\/wp\/v2\/users\/12"}],"replies":[{"embeddable":true,"href":"https:\/\/www.tucomarca.com\/wordpress\/segunda\/wp-json\/wp\/v2\/comments?post=299976"}],"version-history":[{"count":7,"href":"https:\/\/www.tucomarca.com\/wordpress\/segunda\/wp-json\/wp\/v2\/posts\/299976\/revisions"}],"predecessor-version":[{"id":300106,"href":"https:\/\/www.tucomarca.com\/wordpress\/segunda\/wp-json\/wp\/v2\/posts\/299976\/revisions\/300106"}],"wp:featuredmedia":[{"embeddable":true,"href":"https:\/\/www.tucomarca.com\/wordpress\/segunda\/wp-json\/wp\/v2\/media\/299984"}],"wp:attachment":[{"href":"https:\/\/www.tucomarca.com\/wordpress\/segunda\/wp-json\/wp\/v2\/media?parent=299976"}],"wp:term":[{"taxonomy":"category","embeddable":true,"href":"https:\/\/www.tucomarca.com\/wordpress\/segunda\/wp-json\/wp\/v2\/categories?post=299976"},{"taxonomy":"post_tag","embeddable":true,"href":"https:\/\/www.tucomarca.com\/wordpress\/segunda\/wp-json\/wp\/v2\/tags?post=299976"}],"curies":[{"name":"wp","href":"https:\/\/api.w.org\/{rel}","templated":true}]}}