{"id":300007,"date":"2026-04-27T11:00:00","date_gmt":"2026-04-27T09:00:00","guid":{"rendered":"https:\/\/www.tucomarca.com\/wordpress\/segunda\/?p=300007"},"modified":"2026-04-27T18:20:34","modified_gmt":"2026-04-27T16:20:34","slug":"la-generalitat-mantiene-activo-el-proceso-gratuito-y-automatico-para-renovar-la-tarjeta-de-transporte-recuperem-valencia-para-los-municipios-afectados-por-la-dana","status":"publish","type":"post","link":"https:\/\/www.tucomarca.com\/wordpress\/segunda\/la-generalitat-mantiene-activo-el-proceso-gratuito-y-automatico-para-renovar-la-tarjeta-de-transporte-recuperem-valencia-para-los-municipios-afectados-por-la-dana\/","title":{"rendered":"La Generalitat mantiene activo el proceso gratuito y autom\u00e1tico para renovar la tarjeta de transporte \u2018Recuperem Val\u00e8ncia\u2019 para los municipios afectados por la DANA"},"content":{"rendered":"\n<h3 class=\"wp-block-heading\">La simple validaci\u00f3n de la tarjeta antes del jueves 30 de abril renueva el t\u00edtulo hasta el 31 de diciembre, aunque se habilitan otros mecanismos ante t\u00edtulos inactivos o que detecten problemas.<\/h3>\n\n\n\n<h3 class=\"wp-block-heading\">Hasta la fecha se han distribuido 246.146 tarjetas entre los vecinos de los 31 municipios incluidos en esta iniciativa de la Generalitat con m\u00e1s de 6 millones de desplazamientos.<\/h3>\n\n\n\n<h3 class=\"wp-block-heading\">El t\u00edtulo permite viajar sin coste alguno en Metrovalencia, Cercan\u00edas, EMT, Metrob\u00fas y autobuses auton\u00f3micos.<\/h3>\n\n\n\n<p>La Generalitat mantiene activo el proceso para renovar la validez de la tarjeta de transporte \u2018Recuperem Val\u00e8ncia\u2019, destinada para los vecinos de los municipios afectados por la dana del 29 de octubre de 2024, y avanza gracias a la validaci\u00f3n autom\u00e1tica que permite seguir disfrutando de los servicios.<\/p>\n\n\n\n<p>Se trata de un proceso totalmente gratuito y autom\u00e1tico antes del pr\u00f3ximo jueves 30 de abril, ya que, por norma general, se renueva con la simple acci\u00f3n de validar. Hasta la fecha se han distribuido 246.146 tarjetas entre los vecinos de los 31 municipios incluidos en esta iniciativa.&nbsp;<\/p>\n\n\n\n<p>Hay que recordar que la Generalitat lanz\u00f3 en febrero de 2025 la tarjeta de transporte gratuito \u2018Recuperem Val\u00e8ncia\u2019 para los afectados por la DANA. Esta tarjeta permite a los beneficiarios viajar gratis en Metrovalencia, Cercan\u00edas, EMT, Metrob\u00fas y autobuses auton\u00f3micos hasta el 31 de diciembre de 2026.&nbsp;<br><br>La tarjeta es v\u00e1lida para los residentes que la han solicitado de Sedav\u00ed, Paiporta, Massanassa, Alfafar, Llocnou de la Corona, Benet\u00fasser, Picanya, Catarroja, Algemes\u00ed, Beniparrell, Aldaia, L\u2019Alc\u00fadia, Albal, Guadassuar, Riba-roja de T\u00faria, Alaqu\u00e0s, Sot de Chera, Riola, Chiva, Loriguilla, Cheste, Catadau, Pedralba, Utiel, Llombai, Montserrat, Godelleta, Quart de Poblet, Xirivella, Benicull de X\u00faquer y Gestalgar, as\u00ed como las pedan\u00edas de Val\u00e8ncia: Castellar-Oliveral, Forn d\u2019Alcedo y La Torre.<\/p>\n\n\n\n<p><strong>Actualizaci\u00f3n<\/strong><br><br>Para acelerar la actualizaci\u00f3n de la tarjeta, el usuario puede utilizar tres opciones, todas ellas gratuitas. La m\u00e1s sencilla es simplemente validar la tarjeta actual, lo que servir\u00e1 para la renovaci\u00f3n hasta el 31 de diciembre, por lo que no es necesario realizar ninguna gesti\u00f3n adicional. Simplemente se debe seguir utiliz\u00e1ndola con normalidad y conservarla adecuadamente para evitar p\u00e9rdida o deterioro.&nbsp;<\/p>\n\n\n\n<p>En el caso de que la tarjeta haya estado inactiva, que no se haya validado o que registre alg\u00fan problema se han activado otras alternativas para garantizar que se pueda utilizar con normalidad. La principal es a trav\u00e9s de un tel\u00e9fono m\u00f3vil Android. Hay que instalar la aplicaci\u00f3n Recarga SUMA o usar el tel\u00e9fono de alguien que la tenga instalada. Luego hay que leer la tarjeta con el m\u00f3vil y la aplicaci\u00f3n indicar\u00e1 si existe una operaci\u00f3n pendiente de renovaci\u00f3n. Por \u00faltimo, hay que aceptar la operaci\u00f3n para actualizar la validez de la tarjeta.<\/p>\n\n\n\n<p>La instalaci\u00f3n de la aplicaci\u00f3n y la renovaci\u00f3n no tienen ning\u00fan coste. Un mismo m\u00f3vil puede utilizarse para actualizar varias tarjetas. Si la tarjeta no se actualiza mediante la aplicaci\u00f3n o no aparece ninguna operaci\u00f3n pendiente, puede comunicar la incidencia a la Autoridad del Transporte Metropolitano de Valencia (ATMV) indicando el n\u00famero de tarjeta.&nbsp;<\/p>\n\n\n\n<p>La tercera opci\u00f3n se puede llevar a cabo en estancos o puntos de venta autorizados o cualquier punto de venta habitual de t\u00edtulos SUMA (estancos, quioscos o comercios autorizados). Solo hay que pedir que lean la tarjeta. La renovaci\u00f3n se realizar\u00e1 autom\u00e1ticamente y de forma gratuita. Este servicio no debe tener ning\u00fan coste ni exigir la compra de ning\u00fan t\u00edtulo de transporte.&nbsp;<\/p>\n\n\n\n<p>Las tarjetas que no se hayan actualizado por ninguno de los procedimientos indicados dejar\u00e1n de ser v\u00e1lidas a partir del 30 de abril, por lo que se recomienda comprobar la fecha de caducidad y realizar la actualizaci\u00f3n si fuera necesario. Para cualquier consulta puede contactar con la ATMV a trav\u00e9s de la web atmv.gva.es<\/p>\n\n\n\n<p><strong>Robo o p\u00e9rdida de la tarjeta<\/strong><\/p>\n\n\n\n<p>En caso de p\u00e9rdida o robo ser\u00e1 necesario solicitar una nueva tarjeta. Si el ayuntamiento no presta este servicio, la solicitud debe realizarse a trav\u00e9s de la web de la ATMV: https:\/\/atmv.gva.es. La nueva tarjeta se enviar\u00e1 por correo postal al domicilio del solicitante. L\u00f3gicamente, antes de solicitar una nueva tarjeta, aseg\u00farese de que no conserva la anterior.&nbsp;<\/p>\n\n\n\n<p>En el momento de realizar la solicitud, todas las tarjetas asociadas a su nombre quedar\u00e1n bloqueadas autom\u00e1ticamente para evitar usos indebidos por terceras personas. Las personas que soliciten la tarjeta por primera vez tambi\u00e9n deber\u00e1n realizar la solicitud a trav\u00e9s de la web.&nbsp;<\/p>\n\n\n\n<p>El t\u00edtulo \u2018Recuperem Val\u00e8ncia\u2019 fue en 2025 el cuarto m\u00e1s usado en Metrovalencia. Empez\u00f3 a distribuirse en febrero pero su presencia efectiva fue en marzo. En total, el pasado a\u00f1o se registraron con ella 6.505.206 movimientos, el 7,07 % del total de la red.<\/p>\n\n\n\n<p><\/p>\n","protected":false},"excerpt":{"rendered":"<div class=\"mh-excerpt\">La simple validaci\u00f3n de la tarjeta antes del jueves 30 de abril renueva el t\u00edtulo hasta el 31 de diciembre, aunque se habilitan otros mecanismos ante t\u00edtulos inactivos o que detecten problemas. Hasta la fecha <a class=\"mh-excerpt-more\" href=\"https:\/\/www.tucomarca.com\/wordpress\/segunda\/la-generalitat-mantiene-activo-el-proceso-gratuito-y-automatico-para-renovar-la-tarjeta-de-transporte-recuperem-valencia-para-los-municipios-afectados-por-la-dana\/\" title=\"La Generalitat mantiene activo el proceso gratuito y autom\u00e1tico para renovar la tarjeta de transporte \u2018Recuperem Val\u00e8ncia\u2019 para los municipios afectados por la DANA\">[+] <\/a><\/div>\n","protected":false},"author":1,"featured_media":300010,"comment_status":"closed","ping_status":"open","sticky":false,"template":"","format":"standard","meta":{"footnotes":""},"categories":[99,46,17,16,21465,193,14,143,128,292,8,72,10,42,97,59,117,162,196,142,27,182,140,3,197,116,29,45],"tags":[10395,12831,5952,10387],"class_list":{"0":"post-300007","1":"post","2":"type-post","3":"status-publish","4":"format-standard","5":"has-post-thumbnail","7":"category-algemesi","8":"category-camp-de-turia","9":"category-cheste","10":"category-chiva","11":"category-dana","12":"category-gestalgar","13":"category-godelleta","14":"category-guadassuar","15":"category-infraestructuras","16":"category-lalcudia","17":"category-la-comarca","18":"category-sin-categorizar","19":"category-la-hoya","20":"category-la-ribera","21":"category-llombai","22":"category-los-serranos","23":"category-medio-ambiente-la-comarca","24":"category-monserrat","25":"category-pedralba","26":"category-politica-la-comarca","27":"category-requena-utiel","28":"category-riba-roja","29":"category-san-antonio","30":"category-seccion","31":"category-sot-de-chera","32":"category-sucesos-la-comarca","33":"category-utiel","34":"category-ventana","35":"tag-camp-de-turia","36":"tag-dana-2","37":"tag-la-hoya-de-bunol-chiva","38":"tag-requena-utiel"},"_links":{"self":[{"href":"https:\/\/www.tucomarca.com\/wordpress\/segunda\/wp-json\/wp\/v2\/posts\/300007","targetHints":{"allow":["GET"]}}],"collection":[{"href":"https:\/\/www.tucomarca.com\/wordpress\/segunda\/wp-json\/wp\/v2\/posts"}],"about":[{"href":"https:\/\/www.tucomarca.com\/wordpress\/segunda\/wp-json\/wp\/v2\/types\/post"}],"author":[{"embeddable":true,"href":"https:\/\/www.tucomarca.com\/wordpress\/segunda\/wp-json\/wp\/v2\/users\/1"}],"replies":[{"embeddable":true,"href":"https:\/\/www.tucomarca.com\/wordpress\/segunda\/wp-json\/wp\/v2\/comments?post=300007"}],"version-history":[{"count":2,"href":"https:\/\/www.tucomarca.com\/wordpress\/segunda\/wp-json\/wp\/v2\/posts\/300007\/revisions"}],"predecessor-version":[{"id":300022,"href":"https:\/\/www.tucomarca.com\/wordpress\/segunda\/wp-json\/wp\/v2\/posts\/300007\/revisions\/300022"}],"wp:featuredmedia":[{"embeddable":true,"href":"https:\/\/www.tucomarca.com\/wordpress\/segunda\/wp-json\/wp\/v2\/media\/300010"}],"wp:attachment":[{"href":"https:\/\/www.tucomarca.com\/wordpress\/segunda\/wp-json\/wp\/v2\/media?parent=300007"}],"wp:term":[{"taxonomy":"category","embeddable":true,"href":"https:\/\/www.tucomarca.com\/wordpress\/segunda\/wp-json\/wp\/v2\/categories?post=300007"},{"taxonomy":"post_tag","embeddable":true,"href":"https:\/\/www.tucomarca.com\/wordpress\/segunda\/wp-json\/wp\/v2\/tags?post=300007"}],"curies":[{"name":"wp","href":"https:\/\/api.w.org\/{rel}","templated":true}]}}