{"id":300008,"date":"2026-04-27T11:30:00","date_gmt":"2026-04-27T09:30:00","guid":{"rendered":"https:\/\/www.tucomarca.com\/wordpress\/segunda\/?p=300008"},"modified":"2026-04-27T18:21:55","modified_gmt":"2026-04-27T16:21:55","slug":"la-diputacio-de-valencia-inicia-las-obras-de-mejora-de-la-cv-470-entre-utiel-y-camporrobles","status":"publish","type":"post","link":"https:\/\/www.tucomarca.com\/wordpress\/segunda\/la-diputacio-de-valencia-inicia-las-obras-de-mejora-de-la-cv-470-entre-utiel-y-camporrobles\/","title":{"rendered":"La Diputaci\u00f3 de Val\u00e8ncia inicia las obras de mejora de la CV-470 entre Utiel y Camporrobles"},"content":{"rendered":"\n<h3 class=\"wp-block-heading\">La plataforma se ampliar\u00e1 para llegar a los 8 metros de ancho, introduci\u00e9ndose mejoras puntuales en el trazado, renovando el firme en todo el tramo y mejorando el drenaje.<\/h3>\n\n\n\n<p>La Diputaci\u00f3 de Val\u00e8ncia ha iniciado ya las obras de mejora de la carretera CV-470, en el tramo comprendido entre Las Cuevas de Utiel y Loberuela, una actuaci\u00f3n que cuenta con un presupuesto de 4,8 millones de euros y un plazo estimado de ejecuci\u00f3n de 10 meses.<\/p>\n\n\n\n<p>La intervenci\u00f3n se desarrollar\u00e1 entre los puntos kilom\u00e9tricos 9+180 y 15+200 de la v\u00eda, afectando a los t\u00e9rminos municipales de Utiel y Camporrobles, sobre una longitud total de 6 kil\u00f3metros.<\/p>\n\n\n\n<p>\u201cSe trata de una carretera que cumple una funci\u00f3n vital para facilitar la comunicaci\u00f3n de las aldeas de la zona con los n\u00facleos de poblaci\u00f3n m\u00e1s grandes. La nueva CV-470 ser\u00e1 m\u00e1s c\u00f3moda, m\u00e1s segura y estar\u00e1 adaptada a las necesidades actuales del tr\u00e1fico porque en zonas de interior disponer de unas comunicaciones seguras y confortables es una de las mejores maneras de luchar contra el fen\u00f3meno de la despoblaci\u00f3n\u00bb apunta la diputada de Carreteras, Reme Mazzorali.<\/p>\n\n\n\n<p>El alcalde de&nbsp; Camporrobles, Faustino Pozuelo, celebra que \u00abse d\u00e9 inicio ya a esta intervenci\u00f3n, ya que el ancho de la v\u00eda se hab\u00eda quedado claramente insuficiente, algo que incluso ha generado en los \u00faltimos meses situaciones de peligro cuando se han cruzado dos camiones\u00bb.<\/p>\n\n\n\n<p>Por su parte, el alcalde de Utiel, Ricardo Gabald\u00f3n, ha remarcado que \u201cesta intervenci\u00f3n vial es especialmente necesaria para mejorar las comunicaciones por carretera entre las poblaciones de nuestra comarca ya que cuenta con un tr\u00e1fico considerable, tanto de turismos como de veh\u00edculos pesados, y que permitir\u00e1 adecuar este tramo a unas condiciones de seguridad \u00f3ptimas\u201d<\/p>\n\n\n\n<p><strong>Mejora integral de la plataforma<\/strong><\/p>\n\n\n\n<p>El proyecto contempla la ampliaci\u00f3n de la actual plataforma de la carretera para dotarla de una secci\u00f3n tipo de 8 metros, con dos carriles de 3 metros, arcenes de 1 metro y bermas laterales. La actuaci\u00f3n se ejecutar\u00e1 mayoritariamente por el margen izquierdo de la v\u00eda, aprovechando al m\u00e1ximo el firme existente y minimizando afecciones.&nbsp;<\/p>\n\n\n\n<p>Asimismo, se introducir\u00e1n mejoras puntuales en el trazado para incrementar la seguridad de circulaci\u00f3n y se renovar\u00e1 el firme en todo el tramo.<\/p>\n\n\n\n<p>Adem\u00e1s, uno de los apartados m\u00e1s relevantes del proyecto ser\u00e1 la mejora del drenaje longitudinal y transversal, con el aumento de la capacidad hidr\u00e1ulica de distintas obras de paso y la ejecuci\u00f3n de nuevas cunetas de seguridad, reforzando as\u00ed la respuesta de la carretera ante episodios de lluvias intensas.<\/p>\n","protected":false},"excerpt":{"rendered":"<div class=\"mh-excerpt\">La plataforma se ampliar\u00e1 para llegar a los 8 metros de ancho, introduci\u00e9ndose mejoras puntuales en el trazado, renovando el firme en todo el tramo y mejorando el drenaje. La Diputaci\u00f3 de Val\u00e8ncia ha iniciado <a class=\"mh-excerpt-more\" href=\"https:\/\/www.tucomarca.com\/wordpress\/segunda\/la-diputacio-de-valencia-inicia-las-obras-de-mejora-de-la-cv-470-entre-utiel-y-camporrobles\/\" title=\"La Diputaci\u00f3 de Val\u00e8ncia inicia las obras de mejora de la CV-470 entre Utiel y Camporrobles\">[+] <\/a><\/div>\n","protected":false},"author":12,"featured_media":300012,"comment_status":"closed","ping_status":"open","sticky":false,"template":"","format":"standard","meta":{"footnotes":""},"categories":[236,128,8,72,117,142,27,3,29,45],"tags":[10456,9547,10387,10389],"class_list":{"0":"post-300008","1":"post","2":"type-post","3":"status-publish","4":"format-standard","5":"has-post-thumbnail","7":"category-camporrobles","8":"category-infraestructuras","9":"category-la-comarca","10":"category-sin-categorizar","11":"category-medio-ambiente-la-comarca","12":"category-politica-la-comarca","13":"category-requena-utiel","14":"category-seccion","15":"category-utiel","16":"category-ventana","17":"tag-camporrobles","18":"tag-mejora-de-la-cv-470","19":"tag-requena-utiel","20":"tag-utiel"},"_links":{"self":[{"href":"https:\/\/www.tucomarca.com\/wordpress\/segunda\/wp-json\/wp\/v2\/posts\/300008","targetHints":{"allow":["GET"]}}],"collection":[{"href":"https:\/\/www.tucomarca.com\/wordpress\/segunda\/wp-json\/wp\/v2\/posts"}],"about":[{"href":"https:\/\/www.tucomarca.com\/wordpress\/segunda\/wp-json\/wp\/v2\/types\/post"}],"author":[{"embeddable":true,"href":"https:\/\/www.tucomarca.com\/wordpress\/segunda\/wp-json\/wp\/v2\/users\/12"}],"replies":[{"embeddable":true,"href":"https:\/\/www.tucomarca.com\/wordpress\/segunda\/wp-json\/wp\/v2\/comments?post=300008"}],"version-history":[{"count":2,"href":"https:\/\/www.tucomarca.com\/wordpress\/segunda\/wp-json\/wp\/v2\/posts\/300008\/revisions"}],"predecessor-version":[{"id":300025,"href":"https:\/\/www.tucomarca.com\/wordpress\/segunda\/wp-json\/wp\/v2\/posts\/300008\/revisions\/300025"}],"wp:featuredmedia":[{"embeddable":true,"href":"https:\/\/www.tucomarca.com\/wordpress\/segunda\/wp-json\/wp\/v2\/media\/300012"}],"wp:attachment":[{"href":"https:\/\/www.tucomarca.com\/wordpress\/segunda\/wp-json\/wp\/v2\/media?parent=300008"}],"wp:term":[{"taxonomy":"category","embeddable":true,"href":"https:\/\/www.tucomarca.com\/wordpress\/segunda\/wp-json\/wp\/v2\/categories?post=300008"},{"taxonomy":"post_tag","embeddable":true,"href":"https:\/\/www.tucomarca.com\/wordpress\/segunda\/wp-json\/wp\/v2\/tags?post=300008"}],"curies":[{"name":"wp","href":"https:\/\/api.w.org\/{rel}","templated":true}]}}