{"id":300019,"date":"2026-04-27T11:15:00","date_gmt":"2026-04-27T09:15:00","guid":{"rendered":"https:\/\/www.tucomarca.com\/wordpress\/segunda\/?p=300019"},"modified":"2026-04-27T18:36:53","modified_gmt":"2026-04-27T16:36:53","slug":"la-diputacio-instara-al-gobierno-a-mantener-la-emergencia-y-suspender-las-reglas-fiscales-para-los-municipios-dana","status":"publish","type":"post","link":"https:\/\/www.tucomarca.com\/wordpress\/segunda\/la-diputacio-instara-al-gobierno-a-mantener-la-emergencia-y-suspender-las-reglas-fiscales-para-los-municipios-dana\/","title":{"rendered":"La Diputaci\u00f3 instar\u00e1 al Gobierno a mantener la emergencia y suspender las reglas fiscales para los municipios DANA"},"content":{"rendered":"\n<h3 class=\"wp-block-heading\">Una moci\u00f3n impulsada por Ens Uneix en el pleno provincial y defendida por la vicepresidenta de la Diputaci\u00f3n pide modificar la ley de contratos p\u00fablicos para facilitar las obras de reconstrucci\u00f3n con mecanismos de emergencia.<\/h3>\n\n\n\n<h3 class=\"wp-block-heading\">\u201cEs una situaci\u00f3n injustificable que los ayuntamientos tengan los recursos econ\u00f3micos pero no puedan ejecutarlos por trabas administrativas. Hay que actuar con medidas excepcionales como en la pandemia\u201d, considera Enguix.<\/h3>\n\n\n\n<h3 class=\"wp-block-heading\">Alcaldes y alcaldesas tienen previsto acudir al pleno provincial de este martes para sumarse a la reivindicaci\u00f3n expuesta por la vicepresidenta.<\/h3>\n\n\n\n<p>En un pleno de abril que llega cargado de nuevas inversiones en las comarcas valencianas, una de las propuestas m\u00e1s destacadas que se someter\u00e1 a debate este martes es la que insta al Gobierno de Espa\u00f1a a modificar la Ley de Contratos del Sector P\u00fablico y suspender temporalmente las reglas fiscales para los municipios afectados por la dana. Alcaldes y alcaldesas de la provincia tienen previsto asistir a una sesi\u00f3n plenaria en la que la vicepresidenta primera de la Diputaci\u00f3n, Nat\u00e0lia Enguix, tratar\u00e1 de sumar apoyos para reactivar la contrataci\u00f3n de emergencia durante el tiempo que dure la reconstrucci\u00f3n.<\/p>\n\n\n\n<p>Enguix defender\u00e1 la moci\u00f3n impulsada por Ens Uneix, que se basa en \u201cuna de las mayores cat\u00e1strofes naturales recientes en Espa\u00f1a, con importantes da\u00f1os en infraestructuras h\u00eddricas, viarias, servicios urbanos y equipamientos p\u00fablicos\u201d. Superada una primera fase de respuesta inmediata, donde los contratos de emergencia permitieron actuar con rapidez para restablecer servicios b\u00e1sicos y garantizar la seguridad de la poblaci\u00f3n, \u201cla realidad es que estamos en una fase de reconstrucci\u00f3n a medio y largo plazo en la que los pueblos afectados sufren retrasos en la ejecuci\u00f3n de obras por la vuelta a la burocracia y los procedimientos ordinarios, un grave problema que, junto a la falta de personal t\u00e9cnico, ralentiza la vuelta a la normalidad\u201d.<\/p>\n\n\n\n<p>En opini\u00f3n de la vicepresidenta Enguix, que cuenta con el respaldo del presidente Momp\u00f3 y el equipo de gobierno a la hora de llevar la propuesta a pleno, \u201ces una situaci\u00f3n dif\u00edcilmente justificable que los ayuntamientos tengan recursos econ\u00f3micos disponibles, entre ellos los propios fondos destinados a la reconstrucci\u00f3n por el Gobierno, y que no tengan capacidad efectiva para ejecutarlos\u201d. En este sentido, la responsable provincial lamenta que el marco jur\u00eddico actual \u201cno reconoce esa emergencia que sigue existiendo, con cargas burocr\u00e1ticas y limitaciones legales que no responden a las necesidades de los municipios\u201d.<\/p>\n\n\n\n<p><strong>La propuesta<\/strong><\/p>\n\n\n\n<p>Nat\u00e0lia Enguix recuerda que durante la pandemia de la Covid-19, y tambi\u00e9n a ra\u00edz de la crisis energ\u00e9tica derivada de la guerra en Ucrania, \u201cestas reglas fiscales se suspendieron para dar mayor agilidad a los procedimientos\u201d. La vicepresidenta considera \u201ccoherente y jur\u00eddicamente viable aplicar un criterio similar ante una cat\u00e1strofe natural de gran magnitud como ha sido la dana\u201d, y para ello pone como ejemplo los marcos normativos de pa\u00edses como Francia, Italia y Alemania, que permiten \u201cextender los mecanismos excepcionales durante la fase de reconstrucci\u00f3n\u201d.<\/p>\n\n\n\n<p>La propuesta del equipo de gobierno provincial para facilitar a los ayuntamientos afectados el proceso de reconstrucci\u00f3n post dana se centra en la suspensi\u00f3n temporal de las reglas fiscales de la ley org\u00e1nica 2\/2012, y en la modificaci\u00f3n de la ley 9\/2017 de contrataci\u00f3n p\u00fablica, para permitir esa prolongaci\u00f3n de los contratos de emergencia durante la fase de reconstrucci\u00f3n. Mientras se tramita la reforma de la ley, la moci\u00f3n que se debatir\u00e1 este martes en el pleno reclama la reactivaci\u00f3n inmediata y transitoria de los mecanismos de contrataci\u00f3n de emergencia para los municipios de la dana.<\/p>\n\n\n\n<p>La Diputaci\u00f3n lider\u00f3 esa respuesta inmediata a los municipios afectados con importantes actuaciones en infraestructuras y servicios de primera necesidad como el ciclo del agua, interviniendo en la resoluci\u00f3n de problemas en los que no ten\u00eda una competencia directa, caso de la limpieza de lodos en los garajes y s\u00f3tanos. La corporaci\u00f3n activ\u00f3 una inversi\u00f3n extraordinaria por encima de los 100 millones de euros para cubrir la respuesta inmediata y puso sus recursos a disposici\u00f3n de todos los municipios afectados, incluidos aquellos que no fueron reconocidos en el listado estatal. Como muestra, las ayudas para la contrataci\u00f3n de personal t\u00e9cnico dirigida a agilizar la reconstrucci\u00f3n.<\/p>\n\n\n\n<p>Una vez cubiertas las necesidades inmediatas, desde la corporaci\u00f3n tienen claro que la emergencia persiste y que ahora toca adaptar la ley y flexibilizar las medidas para que los ayuntamientos afectados puedan agilizar el proceso de reconstrucci\u00f3n. \u201cEl reto es recuperar lo m\u00e1s pronto posible las condiciones de vida que disfrutaban sus vecinas y vecinos antes de la cat\u00e1strofe natural del 29 de octubre de 2024\u201d, concluye Enguix.<\/p>\n","protected":false},"excerpt":{"rendered":"<div class=\"mh-excerpt\">Una moci\u00f3n impulsada por Ens Uneix en el pleno provincial y defendida por la vicepresidenta de la Diputaci\u00f3n pide modificar la ley de contratos p\u00fablicos para facilitar las obras de reconstrucci\u00f3n con mecanismos de emergencia. <a class=\"mh-excerpt-more\" href=\"https:\/\/www.tucomarca.com\/wordpress\/segunda\/la-diputacio-instara-al-gobierno-a-mantener-la-emergencia-y-suspender-las-reglas-fiscales-para-los-municipios-dana\/\" title=\"La Diputaci\u00f3 instar\u00e1 al Gobierno a mantener la emergencia y suspender las reglas fiscales para los municipios DANA\">[+] <\/a><\/div>\n","protected":false},"author":12,"featured_media":300023,"comment_status":"closed","ping_status":"open","sticky":false,"template":"","format":"standard","meta":{"footnotes":""},"categories":[21465,128,8,72,117,142,3,116,45],"tags":[12831,3677,20185,24214],"class_list":{"0":"post-300019","1":"post","2":"type-post","3":"status-publish","4":"format-standard","5":"has-post-thumbnail","7":"category-dana","8":"category-infraestructuras","9":"category-la-comarca","10":"category-sin-categorizar","11":"category-medio-ambiente-la-comarca","12":"category-politica-la-comarca","13":"category-seccion","14":"category-sucesos-la-comarca","15":"category-ventana","16":"tag-dana-2","17":"tag-diputacio-de-valencia","18":"tag-ens-uneix","19":"tag-reglas-fiscales"},"_links":{"self":[{"href":"https:\/\/www.tucomarca.com\/wordpress\/segunda\/wp-json\/wp\/v2\/posts\/300019","targetHints":{"allow":["GET"]}}],"collection":[{"href":"https:\/\/www.tucomarca.com\/wordpress\/segunda\/wp-json\/wp\/v2\/posts"}],"about":[{"href":"https:\/\/www.tucomarca.com\/wordpress\/segunda\/wp-json\/wp\/v2\/types\/post"}],"author":[{"embeddable":true,"href":"https:\/\/www.tucomarca.com\/wordpress\/segunda\/wp-json\/wp\/v2\/users\/12"}],"replies":[{"embeddable":true,"href":"https:\/\/www.tucomarca.com\/wordpress\/segunda\/wp-json\/wp\/v2\/comments?post=300019"}],"version-history":[{"count":3,"href":"https:\/\/www.tucomarca.com\/wordpress\/segunda\/wp-json\/wp\/v2\/posts\/300019\/revisions"}],"predecessor-version":[{"id":300034,"href":"https:\/\/www.tucomarca.com\/wordpress\/segunda\/wp-json\/wp\/v2\/posts\/300019\/revisions\/300034"}],"wp:featuredmedia":[{"embeddable":true,"href":"https:\/\/www.tucomarca.com\/wordpress\/segunda\/wp-json\/wp\/v2\/media\/300023"}],"wp:attachment":[{"href":"https:\/\/www.tucomarca.com\/wordpress\/segunda\/wp-json\/wp\/v2\/media?parent=300019"}],"wp:term":[{"taxonomy":"category","embeddable":true,"href":"https:\/\/www.tucomarca.com\/wordpress\/segunda\/wp-json\/wp\/v2\/categories?post=300019"},{"taxonomy":"post_tag","embeddable":true,"href":"https:\/\/www.tucomarca.com\/wordpress\/segunda\/wp-json\/wp\/v2\/tags?post=300019"}],"curies":[{"name":"wp","href":"https:\/\/api.w.org\/{rel}","templated":true}]}}