{"id":300031,"date":"2026-04-27T11:45:00","date_gmt":"2026-04-27T09:45:00","guid":{"rendered":"https:\/\/www.tucomarca.com\/wordpress\/segunda\/?p=300031"},"modified":"2026-04-27T19:40:40","modified_gmt":"2026-04-27T17:40:40","slug":"la-diputacio-duplicara-los-bonos-comercio-y-destina-105-millones-para-llegar-a-todas-las-comarcas-valencianas","status":"publish","type":"post","link":"https:\/\/www.tucomarca.com\/wordpress\/segunda\/la-diputacio-duplicara-los-bonos-comercio-y-destina-105-millones-para-llegar-a-todas-las-comarcas-valencianas\/","title":{"rendered":"La Diputaci\u00f3 duplicar\u00e1 los bonos comercio y destina 10,5 millones para llegar a todas las comarcas valencianas"},"content":{"rendered":"\n<h3 class=\"wp-block-heading\">La iniciativa del \u00e1rea de Comarcalizaci\u00f3n llega al pleno de abril con la intenci\u00f3n de duplicar los recursos y el impacto de la campa\u00f1a de 2025, que se destin\u00f3 a municipios dana con m\u00e1s de 10 millones de retorno econ\u00f3mico.<\/h3>\n\n\n\n<h3 class=\"wp-block-heading\">El presidente Momp\u00f3 y la vicepresidenta Enguix destacan la importancia del bono comercio como \u201capuesta estrat\u00e9gica de promoci\u00f3n econ\u00f3mica\u201d. Ahora se ampl\u00eda a todos los municipios con un impacto esperado de 20 millones.<\/h3>\n\n\n\n<p>El pleno de la Diputaci\u00f3n del mes de abril, que tendr\u00e1 lugar este martes, incluye en el orden del d\u00eda la ampliaci\u00f3n de la campa\u00f1a de bonos comercio a todos los municipios de la provincia. La iniciativa del departamento de Comarcalizaci\u00f3n que coordina la vicepresidenta primera, Nat\u00e0lia Enguix, tuvo un retorno superior a los 10 millones de euros en su anterior edici\u00f3n, centrada en los pueblos con el comercio local m\u00e1s afectado por la dana. Ahora, Enguix ha solicitado un cr\u00e9dito extraordinario para duplicar la partida y llegar a todo el territorio.<\/p>\n\n\n\n<p>Nat\u00e0lia Enguix coincide con el presidente, Vicent Momp\u00f3, en la importancia de los bonos comercio como \u201capuesta estrat\u00e9gica de promoci\u00f3n econ\u00f3mica en nuestros pueblos y ciudades\u201d. En esta l\u00ednea de actuaci\u00f3n, Presidencia ha concedido un cr\u00e9dito de cinco millones de euros, que se complementa con otros 5,5 millones de los remanentes del anterior ejercicio. Los 10,5 millones \u201cduplican los recursos aportados por la Diputaci\u00f3n en la anterior campa\u00f1a, para dar respuesta al incremento de las solicitudes y poder ayudar al peque\u00f1o comercio de cualquier municipio\u201d.<\/p>\n\n\n\n<p>La campa\u00f1a que coordina Comarcalizaci\u00f3n llevar\u00e1 por nombre \u2018Bonos Comercio 2026 de la Diputaci\u00f3 de Val\u00e8ncia\u2019, y si se cumplen las previsiones y se repite el \u00e9xito de la primera edici\u00f3n \u201ctendr\u00e1 un impacto econ\u00f3mico en el peque\u00f1o comercio de nuestros pueblos superior a los 20 millones de euros\u201d, estiman los responsables provinciales. \u201cEl a\u00f1o pasado decidimos centrar la campa\u00f1a en el tejido comercial m\u00e1s afectado por la dana, y creemos que ahora es momento de incluir en el programa a todos los peque\u00f1os comerciantes de nuestros pueblos, visibilizando la importante labor que realizan a trav\u00e9s de sus negocios de proximidad\u201d, se\u00f1ala Enguix.<\/p>\n\n\n\n<p>Por su parte, el presidente Momp\u00f3 destaca \u201cla gran respuesta que tuvo la ciudadan\u00eda en la anterior campa\u00f1a, donde se agotaron todos los bonos emitidos para ayudar a los m\u00e1s de mil establecimientos que se sumaron en las 26 localidades que seleccion\u00f3 C\u00e1mara Valencia\u201d. En opini\u00f3n de Momp\u00f3, \u201cel resultado de aquel programa, en el que invertimos cinco millones de euros, nos anima a extender la propuesta a toda la provincia, dando continuidad al gran trabajo realizado por el equipo de la vicepresidenta en colaboraci\u00f3n con la C\u00e1mara, Caixa Popular, los ayuntamientos y las asociaciones de comerciantes\u201d.<\/p>\n\n\n\n<p><strong>95.000 bonos y 10 millones de retorno<\/strong><\/p>\n\n\n\n<p>La campa\u00f1a de Bonos Comercio Dana 2025 fue todo un \u00e9xito en su primera convocatoria, donde una de las claves fue, en opini\u00f3n de Momp\u00f3 y Enguix, \u201cla eliminaci\u00f3n de la burocracia para los ayuntamientos, los comerciantes y los usuarios\u201d. La iniciativa fue gestionada directamente por la Diputaci\u00f3n en colaboraci\u00f3n con C\u00e1mara Valencia y Caixa Popular, que se encargaron de la coordinaci\u00f3n, el funcionamiento de la plataforma, el reparto de tarjetas y los costes de emisi\u00f3n de los bonos, que fueron consumidos entre septiembre y diciembre del pasado a\u00f1o.<\/p>\n\n\n\n<p>Las cifras de la campa\u00f1a demuestran el impacto positivo en el tejido comercial de los municipios que formaron parte del programa. Un total de 95.000 tarjetas vendidas, cada una con un coste para el comprador de 50 euros y un cr\u00e9dito de 100 euros para gastar en los 1.300 establecimientos adheridos. Nat\u00e0lia Enguix ya avanz\u00f3, tras celebrar el impacto de m\u00e1s de 10 millones de euros en el tejido comercial m\u00e1s afectado por la dana, que la intenci\u00f3n era \u201ccontinuar con el proyecto junto a C\u00e1mara Valencia y ampliar la campa\u00f1a a otros municipios\u201d.<\/p>\n\n\n\n<p>Seg\u00fan los datos aportados por C\u00e1mara Valencia, Aldaia fue el municipio que registr\u00f3 m\u00e1s compradores, con m\u00e1s de 9.000 bonos adquiridos por personas empadronadas en la localidad. Le siguieron Alaqu\u00e0s, Algemes\u00ed y Paiporta con 8.691, 7.818 y 7.804 tarjetas vendidas respectivamente, y Catarroja con 6.591. Todas estas tarjetas, con un cr\u00e9dito superior a los 10 millones de euros, se consumieron en \u201cestablecimientos que contribuyen a dar vida y enriquecer el entramado social de nuestros pueblos, garantizan los servicios y son un gran activo contra la despoblaci\u00f3n\u201d, apunta el presidente Momp\u00f3.<\/p>\n\n\n\n<p>La intenci\u00f3n ahora es repetir un modelo que funcion\u00f3 y extenderlo a todas las comarcas valencianas, con una emisi\u00f3n de bonos con los que la Diputaci\u00f3n y la ciudadan\u00eda volver\u00e1n a impulsar el peque\u00f1o comercio. En esta ocasi\u00f3n, de todos los municipios de la provincia.<\/p>\n","protected":false},"excerpt":{"rendered":"<div class=\"mh-excerpt\">La iniciativa del \u00e1rea de Comarcalizaci\u00f3n llega al pleno de abril con la intenci\u00f3n de duplicar los recursos y el impacto de la campa\u00f1a de 2025, que se destin\u00f3 a municipios dana con m\u00e1s de <a class=\"mh-excerpt-more\" href=\"https:\/\/www.tucomarca.com\/wordpress\/segunda\/la-diputacio-duplicara-los-bonos-comercio-y-destina-105-millones-para-llegar-a-todas-las-comarcas-valencianas\/\" title=\"La Diputaci\u00f3 duplicar\u00e1 los bonos comercio y destina 10,5 millones para llegar a todas las comarcas valencianas\">[+] <\/a><\/div>\n","protected":false},"author":12,"featured_media":300036,"comment_status":"closed","ping_status":"open","sticky":false,"template":"","format":"standard","meta":{"footnotes":""},"categories":[128,8,72,142,3,45],"tags":[22986,3677],"class_list":{"0":"post-300031","1":"post","2":"type-post","3":"status-publish","4":"format-standard","5":"has-post-thumbnail","7":"category-infraestructuras","8":"category-la-comarca","9":"category-sin-categorizar","10":"category-politica-la-comarca","11":"category-seccion","12":"category-ventana","13":"tag-bonos-comercio","14":"tag-diputacio-de-valencia"},"_links":{"self":[{"href":"https:\/\/www.tucomarca.com\/wordpress\/segunda\/wp-json\/wp\/v2\/posts\/300031","targetHints":{"allow":["GET"]}}],"collection":[{"href":"https:\/\/www.tucomarca.com\/wordpress\/segunda\/wp-json\/wp\/v2\/posts"}],"about":[{"href":"https:\/\/www.tucomarca.com\/wordpress\/segunda\/wp-json\/wp\/v2\/types\/post"}],"author":[{"embeddable":true,"href":"https:\/\/www.tucomarca.com\/wordpress\/segunda\/wp-json\/wp\/v2\/users\/12"}],"replies":[{"embeddable":true,"href":"https:\/\/www.tucomarca.com\/wordpress\/segunda\/wp-json\/wp\/v2\/comments?post=300031"}],"version-history":[{"count":2,"href":"https:\/\/www.tucomarca.com\/wordpress\/segunda\/wp-json\/wp\/v2\/posts\/300031\/revisions"}],"predecessor-version":[{"id":300095,"href":"https:\/\/www.tucomarca.com\/wordpress\/segunda\/wp-json\/wp\/v2\/posts\/300031\/revisions\/300095"}],"wp:featuredmedia":[{"embeddable":true,"href":"https:\/\/www.tucomarca.com\/wordpress\/segunda\/wp-json\/wp\/v2\/media\/300036"}],"wp:attachment":[{"href":"https:\/\/www.tucomarca.com\/wordpress\/segunda\/wp-json\/wp\/v2\/media?parent=300031"}],"wp:term":[{"taxonomy":"category","embeddable":true,"href":"https:\/\/www.tucomarca.com\/wordpress\/segunda\/wp-json\/wp\/v2\/categories?post=300031"},{"taxonomy":"post_tag","embeddable":true,"href":"https:\/\/www.tucomarca.com\/wordpress\/segunda\/wp-json\/wp\/v2\/tags?post=300031"}],"curies":[{"name":"wp","href":"https:\/\/api.w.org\/{rel}","templated":true}]}}