{"id":300038,"date":"2026-04-27T12:00:00","date_gmt":"2026-04-27T10:00:00","guid":{"rendered":"https:\/\/www.tucomarca.com\/wordpress\/segunda\/?p=300038"},"modified":"2026-04-27T19:19:03","modified_gmt":"2026-04-27T17:19:03","slug":"la-guardia-civil-investiga-a-14-personas-por-desordenes-publicos-amenazas-y-canticos-racistas-en-alginet","status":"publish","type":"post","link":"https:\/\/www.tucomarca.com\/wordpress\/segunda\/la-guardia-civil-investiga-a-14-personas-por-desordenes-publicos-amenazas-y-canticos-racistas-en-alginet\/","title":{"rendered":"La Guardia Civil investiga a 14 personas por des\u00f3rdenes p\u00fablicos, amenazas y c\u00e1nticos racistas en Alginet"},"content":{"rendered":"\n<h3 class=\"wp-block-heading\">Un menor de 13 a\u00f1os particip\u00f3 en los hechos, pero resulta penalmente inimputable.<\/h3>\n\n\n\n<p>La Guardia Civil ha investigado a 14 hombres por tomar varias calles de Alginet golpeando mobiliario p\u00fablico y realizar amenazas y c\u00e1nticos racistas. En los hechos est\u00e1 implicado tambi\u00e9n un menor de 13 a\u00f1os inimputable penalmente.<\/p>\n\n\n\n<p>Los hechos tuvieron lugar en enero de 2026, cuando componentes de Guardia Civil y Polic\u00eda Local de Alginet encontraron un grupo de personas con pasamonta\u00f1as en las inmediaciones de la parada del metro de esa localidad. Algunas de estas personas portaban bates y otros golpeaban el mobiliario urbano mientras emit\u00edan amenazas de muerte y expresiones de odio al colectivo \u00e1rabe. Adem\u00e1s, gritaban por la calle y lanzaban artefactos pirot\u00e9cnicos de gran potencia.<\/p>\n\n\n\n<p>Cuando actuaron conjuntamente, los encapuchados huyeron de manera dispersa, pero la labor policial logr\u00f3 identificar <em>in situ<\/em> a parte de los autores y el posterior visionado de im\u00e1genes de seguridad permiti\u00f3 identificar a otros muchos. Se aprehendieron dos bates de b\u00e9isbol.<\/p>\n\n\n\n<p>En total, se ha identificado a quince personas en d\u00edas posteriores a los hechos. Cinco de ellas menores de edad (uno de ellos menor de 13 a\u00f1os y, por tanto, inimputable). Se trata de hombres espa\u00f1oles de entre 40 y 13 a\u00f1os. Se les imputa un delito de promoci\u00f3n e incitaci\u00f3n p\u00fablica al odio y otro de des\u00f3rdenes p\u00fablicos.<\/p>\n\n\n\n<p>La investigaci\u00f3n ha sido llevada a cabo por agentes del Puesto Principal de Carlet.\u00a0Las diligencias fueron entregadas en la Secci\u00f3n Civil y de Instrucci\u00f3n del Tribunal de Carlet en funciones de Guardia y a la Fiscal\u00eda de menores.<\/p>\n","protected":false},"excerpt":{"rendered":"<div class=\"mh-excerpt\">Un menor de 13 a\u00f1os particip\u00f3 en los hechos, pero resulta penalmente inimputable. La Guardia Civil ha investigado a 14 hombres por tomar varias calles de Alginet golpeando mobiliario p\u00fablico y realizar amenazas y c\u00e1nticos <a class=\"mh-excerpt-more\" href=\"https:\/\/www.tucomarca.com\/wordpress\/segunda\/la-guardia-civil-investiga-a-14-personas-por-desordenes-publicos-amenazas-y-canticos-racistas-en-alginet\/\" title=\"La Guardia Civil investiga a 14 personas por des\u00f3rdenes p\u00fablicos, amenazas y c\u00e1nticos racistas en Alginet\">[+] <\/a><\/div>\n","protected":false},"author":1,"featured_media":300049,"comment_status":"closed","ping_status":"open","sticky":false,"template":"","format":"standard","meta":{"footnotes":""},"categories":[8,72,42,3,116,45],"tags":[4715,1098,3640],"class_list":{"0":"post-300038","1":"post","2":"type-post","3":"status-publish","4":"format-standard","5":"has-post-thumbnail","7":"category-la-comarca","8":"category-sin-categorizar","9":"category-la-ribera","10":"category-seccion","11":"category-sucesos-la-comarca","12":"category-ventana","13":"tag-alginet","14":"tag-guardia-civil","15":"tag-la-ribera-alta"},"_links":{"self":[{"href":"https:\/\/www.tucomarca.com\/wordpress\/segunda\/wp-json\/wp\/v2\/posts\/300038","targetHints":{"allow":["GET"]}}],"collection":[{"href":"https:\/\/www.tucomarca.com\/wordpress\/segunda\/wp-json\/wp\/v2\/posts"}],"about":[{"href":"https:\/\/www.tucomarca.com\/wordpress\/segunda\/wp-json\/wp\/v2\/types\/post"}],"author":[{"embeddable":true,"href":"https:\/\/www.tucomarca.com\/wordpress\/segunda\/wp-json\/wp\/v2\/users\/1"}],"replies":[{"embeddable":true,"href":"https:\/\/www.tucomarca.com\/wordpress\/segunda\/wp-json\/wp\/v2\/comments?post=300038"}],"version-history":[{"count":2,"href":"https:\/\/www.tucomarca.com\/wordpress\/segunda\/wp-json\/wp\/v2\/posts\/300038\/revisions"}],"predecessor-version":[{"id":300054,"href":"https:\/\/www.tucomarca.com\/wordpress\/segunda\/wp-json\/wp\/v2\/posts\/300038\/revisions\/300054"}],"wp:featuredmedia":[{"embeddable":true,"href":"https:\/\/www.tucomarca.com\/wordpress\/segunda\/wp-json\/wp\/v2\/media\/300049"}],"wp:attachment":[{"href":"https:\/\/www.tucomarca.com\/wordpress\/segunda\/wp-json\/wp\/v2\/media?parent=300038"}],"wp:term":[{"taxonomy":"category","embeddable":true,"href":"https:\/\/www.tucomarca.com\/wordpress\/segunda\/wp-json\/wp\/v2\/categories?post=300038"},{"taxonomy":"post_tag","embeddable":true,"href":"https:\/\/www.tucomarca.com\/wordpress\/segunda\/wp-json\/wp\/v2\/tags?post=300038"}],"curies":[{"name":"wp","href":"https:\/\/api.w.org\/{rel}","templated":true}]}}