{"id":300041,"date":"2026-04-27T09:00:00","date_gmt":"2026-04-27T07:00:00","guid":{"rendered":"https:\/\/www.tucomarca.com\/wordpress\/segunda\/?p=300041"},"modified":"2026-04-27T19:20:38","modified_gmt":"2026-04-27T17:20:38","slug":"natalia-enguix-define-los-gay-games-como-el-gran-referente-de-la-libertad-y-la-convivencia-en-la-provincia-de-valencia","status":"publish","type":"post","link":"https:\/\/www.tucomarca.com\/wordpress\/segunda\/natalia-enguix-define-los-gay-games-como-el-gran-referente-de-la-libertad-y-la-convivencia-en-la-provincia-de-valencia\/","title":{"rendered":"Nat\u00e0lia Enguix define los Gay Games como el gran referente de la \u00ablibertad y la convivencia\u00bb en la provincia de Valencia"},"content":{"rendered":"\n<h3 class=\"wp-block-heading\">La vicepresidenta destaca la colaboraci\u00f3n de la Diputaci\u00f3 en un evento que consolida la apuesta provincial por la inclusi\u00f3n en todo el territorio y anima a la ciudadan\u00eda a sumarse a \u00abuna experiencia para toda la vida\u201d.<\/h3>\n\n\n\n<h3 class=\"wp-block-heading\">La concejala de Deportes e Igualdad, Roc\u00edo Gil, destaca la \u201cmagnitud t\u00e9cnica y deportiva de una competici\u00f3n con 9.000 deportistas de 76 nacionalidades\u201d. La ceremonia inaugural ser\u00e1 el 27 de junio en el Estadio Ciutat de Val\u00e8ncia.<\/h3>\n\n\n\n<p>La vicepresidenta primera de la Diputaci\u00f3 de Val\u00e8ncia, Nat\u00e0lia Enguix, ha reafirmado este lunes la implicaci\u00f3n total de la instituci\u00f3n con los Gay Games Val\u00e8ncia 2026, un acontecimiento que convertir\u00e1 a la provincia en el epicentro mundial de la diversidad y el deporte inclusivo entre el 27 de junio y el 4 de julio de 2026. En la rueda de prensa celebrada en el Estadio Ciutat de Val\u00e8ncia, Enguix ha liderado la presentaci\u00f3n junto a la concejala de Deportes e Igualdad del Ayuntamiento de Val\u00e8ncia y diputada provincial, Roc\u00edo Gil, y el presidente de AVEGAL, Juan Velasco, junto a representantes de federaciones deportivas y el comit\u00e9 organizador.<\/p>\n\n\n\n<p>Enguix ha subrayado que la corporaci\u00f3n ha asumido desde el primer momento la responsabilidad de colaborar activamente para que esta cita, que representa lo m\u00e1s parecido a unas olimpiadas que se podr\u00e1n disfrutar en territorio valenciano en mucho tiempo, sea un \u00e9xito absoluto de cohesi\u00f3n social, orgullo y proyecci\u00f3n internacional.<\/p>\n\n\n\n<figure class=\"wp-block-image size-full\"><img loading=\"lazy\" decoding=\"async\" width=\"945\" height=\"638\" src=\"https:\/\/www.tucomarca.com\/wordpress\/segunda\/wp-content\/uploads\/2026\/04\/DipuGAYGAMES1.jpg\" alt=\"\" class=\"wp-image-300043\" srcset=\"https:\/\/www.tucomarca.com\/wordpress\/segunda\/wp-content\/uploads\/2026\/04\/DipuGAYGAMES1.jpg 945w, https:\/\/www.tucomarca.com\/wordpress\/segunda\/wp-content\/uploads\/2026\/04\/DipuGAYGAMES1-300x203.jpg 300w, https:\/\/www.tucomarca.com\/wordpress\/segunda\/wp-content\/uploads\/2026\/04\/DipuGAYGAMES1-768x519.jpg 768w\" sizes=\"auto, (max-width: 945px) 100vw, 945px\" \/><\/figure>\n\n\n\n<p>En este sentido, la vicepresidenta Nat\u00e0lia Enguix ha querido poner el foco en el valor humano que sustenta el evento, haciendo un llamamiento directo a la sociedad valenciana para sumarse al programa de voluntariado que ya cuenta con m\u00e1s de 500 colaboradores. Enguix ha destacado que ser parte activa de estos juegos es una \u00abexperiencia para toda la vida\u00bb y ha recordado que la Diputaci\u00f3, en colaboraci\u00f3n con el Ayuntamiento y la Generalitat, mantiene abiertas las \u00faltimas sesiones de formaci\u00f3n online los d\u00edas 30 de abril y 6 de mayo para asegurar que la provincia cuente con el mejor equipo de apoyo posible.&nbsp;<\/p>\n\n\n\n<p><strong>Despliegue t\u00e9cnico y deportivo<\/strong><\/p>\n\n\n\n<p>Durante la presentaci\u00f3n, la concejala Roc\u00edo Gil ha detallado la imponente magnitud t\u00e9cnica y deportiva de unos juegos que ya cuentan con m\u00e1s de 9.000 personas inscritas procedentes de 76 nacionalidades diferentes, con una presencia destacada de deportistas de pa\u00edses como Estados Unidos, Reino Unido, Australia o Canad\u00e1. Gil ha explicado que la competici\u00f3n movilizar\u00e1 decenas de sedes y hasta 39 disciplinas deportivas que inundar\u00e1n espacios emblem\u00e1ticos de la ciudad y la provincia, desde el Polideportivo del Cabanyal y Nazaret hasta el Jard\u00edn del Turia, consolidando a Val\u00e8ncia como un referente del deporte inclusivo a nivel global.<\/p>\n\n\n\n<p>Asimismo, el presidente de AVEGAL, Juan Velasco, ha desgranado los detalles de la jornada inaugural del 27 de junio en el Estadio Ciutat de Val\u00e8ncia, donde una gran ceremonia de apertura dar\u00e1 el pistoletazo de salida con un cartel art\u00edstico de primer nivel que incluye a figuras como M\u00f3nica Naranjo y Soraya Arnelas. Velasco ha incidido en que tanto la log\u00edstica de entradas como los horarios est\u00e1n dise\u00f1ados para que toda la ciudadan\u00eda participe de una celebraci\u00f3n que trasciende lo deportivo para convertirse en un manifiesto de respeto y libertad.<\/p>\n\n\n\n<p>El firme apoyo de la Diputaci\u00f3 de Val\u00e8ncia a la celebraci\u00f3n de los Gay Games se enmarca de forma coherente dentro de las pol\u00edticas transversales que la instituci\u00f3n desarrolla en todo el territorio, como son las ayudas destinadas a promover la diversidad sexual en municipios de menos de 15.000 habitantes. Tal y como ha recordado la propia Enguix, responsable de Diversidad en la Diputaci\u00f3n, el objetivo de estas acciones es \u201cgarantizar que la libertad de amar o de ser quien uno quiera no dependa del lugar donde se haya nacido, reafirmando la implicaci\u00f3n de la Diputaci\u00f3n con la dignidad de todas las personas y la vertebraci\u00f3n de una provincia moderna, abierta y valiente\u201d.<\/p>\n","protected":false},"excerpt":{"rendered":"<div class=\"mh-excerpt\">La vicepresidenta destaca la colaboraci\u00f3n de la Diputaci\u00f3 en un evento que consolida la apuesta provincial por la inclusi\u00f3n en todo el territorio y anima a la ciudadan\u00eda a sumarse a \u00abuna experiencia para toda <a class=\"mh-excerpt-more\" href=\"https:\/\/www.tucomarca.com\/wordpress\/segunda\/natalia-enguix-define-los-gay-games-como-el-gran-referente-de-la-libertad-y-la-convivencia-en-la-provincia-de-valencia\/\" title=\"Nat\u00e0lia Enguix define los Gay Games como el gran referente de la \u00ablibertad y la convivencia\u00bb en la provincia de Valencia\">[+] <\/a><\/div>\n","protected":false},"author":12,"featured_media":300045,"comment_status":"closed","ping_status":"open","sticky":false,"template":"","format":"standard","meta":{"footnotes":""},"categories":[6,8,72,7,142,3,45],"tags":[3677,24216,20261],"class_list":{"0":"post-300041","1":"post","2":"type-post","3":"status-publish","4":"format-standard","5":"has-post-thumbnail","7":"category-deportes","8":"category-la-comarca","9":"category-sin-categorizar","10":"category-ocio-y-cultura","11":"category-politica-la-comarca","12":"category-seccion","13":"category-ventana","14":"tag-diputacio-de-valencia","15":"tag-gay-games","16":"tag-natalia-enguix"},"_links":{"self":[{"href":"https:\/\/www.tucomarca.com\/wordpress\/segunda\/wp-json\/wp\/v2\/posts\/300041","targetHints":{"allow":["GET"]}}],"collection":[{"href":"https:\/\/www.tucomarca.com\/wordpress\/segunda\/wp-json\/wp\/v2\/posts"}],"about":[{"href":"https:\/\/www.tucomarca.com\/wordpress\/segunda\/wp-json\/wp\/v2\/types\/post"}],"author":[{"embeddable":true,"href":"https:\/\/www.tucomarca.com\/wordpress\/segunda\/wp-json\/wp\/v2\/users\/12"}],"replies":[{"embeddable":true,"href":"https:\/\/www.tucomarca.com\/wordpress\/segunda\/wp-json\/wp\/v2\/comments?post=300041"}],"version-history":[{"count":3,"href":"https:\/\/www.tucomarca.com\/wordpress\/segunda\/wp-json\/wp\/v2\/posts\/300041\/revisions"}],"predecessor-version":[{"id":300073,"href":"https:\/\/www.tucomarca.com\/wordpress\/segunda\/wp-json\/wp\/v2\/posts\/300041\/revisions\/300073"}],"wp:featuredmedia":[{"embeddable":true,"href":"https:\/\/www.tucomarca.com\/wordpress\/segunda\/wp-json\/wp\/v2\/media\/300045"}],"wp:attachment":[{"href":"https:\/\/www.tucomarca.com\/wordpress\/segunda\/wp-json\/wp\/v2\/media?parent=300041"}],"wp:term":[{"taxonomy":"category","embeddable":true,"href":"https:\/\/www.tucomarca.com\/wordpress\/segunda\/wp-json\/wp\/v2\/categories?post=300041"},{"taxonomy":"post_tag","embeddable":true,"href":"https:\/\/www.tucomarca.com\/wordpress\/segunda\/wp-json\/wp\/v2\/tags?post=300041"}],"curies":[{"name":"wp","href":"https:\/\/api.w.org\/{rel}","templated":true}]}}