{"id":300056,"date":"2026-04-27T10:10:00","date_gmt":"2026-04-27T08:10:00","guid":{"rendered":"https:\/\/www.tucomarca.com\/wordpress\/segunda\/?p=300056"},"modified":"2026-04-27T19:56:42","modified_gmt":"2026-04-27T17:56:42","slug":"mas-de-un-centenar-de-personas-participan-en-cheste-en-marcha-una-apuesta-por-la-lectura-la-naturaleza-y-el-bienestar","status":"publish","type":"post","link":"https:\/\/www.tucomarca.com\/wordpress\/segunda\/mas-de-un-centenar-de-personas-participan-en-cheste-en-marcha-una-apuesta-por-la-lectura-la-naturaleza-y-el-bienestar\/","title":{"rendered":"M\u00e1s de un centenar de personas participan en \u201cCheste en marcha\u201d, una apuesta por la lectura, la naturaleza y el bienestar"},"content":{"rendered":"\n<p>El Ayuntamiento de Cheste celebr\u00f3 el pasado s\u00e1bado 25 de abril la actividad \u201cCheste en marcha: naturaleza y salud\u201d, una iniciativa impulsada conjuntamente por las concejal\u00edas de Cultura y Medio Ambiente dentro de la programaci\u00f3n de la Feria del Libro&nbsp;<em>Cheste lee<\/em>, bajo el lema \u201cCheste lee naturaleza\u201d.<\/p>\n\n\n\n<p>El Parque de la Lomiquia se convirti\u00f3 durante la ma\u00f1ana en un espacio de encuentro, salud y conexi\u00f3n con el entorno, reuniendo a m\u00e1s de un centenar de personas que participaron activamente en las diferentes propuestas programadas. La actividad combin\u00f3 ejercicio f\u00edsico y bienestar emocional a trav\u00e9s de sesiones de yoga, bodycombat, nordic walking, entrenamiento funcional y musicoterapia, ofreciendo una experiencia integral dirigida a todos los p\u00fablicos.<\/p>\n\n\n\n<p>Bajo el concepto de que la lectura tambi\u00e9n puede entenderse como una forma de interpretar y conectar con el mundo que nos rodea, la jornada invit\u00f3 a la ciudadan\u00eda a \u201cleer\u201d la naturaleza desde el cuerpo, el movimiento y la escucha activa.<\/p>\n\n\n\n<figure class=\"wp-block-gallery has-nested-images columns-2 is-cropped wp-block-gallery-1 is-layout-flex wp-block-gallery-is-layout-flex\">\n<figure class=\"wp-block-image size-large\"><img loading=\"lazy\" decoding=\"async\" width=\"945\" height=\"638\" data-id=\"300064\" src=\"https:\/\/www.tucomarca.com\/wordpress\/segunda\/wp-content\/uploads\/2026\/04\/cheste_en_marcha_04.jpg\" alt=\"\" class=\"wp-image-300064\" srcset=\"https:\/\/www.tucomarca.com\/wordpress\/segunda\/wp-content\/uploads\/2026\/04\/cheste_en_marcha_04.jpg 945w, https:\/\/www.tucomarca.com\/wordpress\/segunda\/wp-content\/uploads\/2026\/04\/cheste_en_marcha_04-300x203.jpg 300w, https:\/\/www.tucomarca.com\/wordpress\/segunda\/wp-content\/uploads\/2026\/04\/cheste_en_marcha_04-768x519.jpg 768w\" sizes=\"auto, (max-width: 945px) 100vw, 945px\" \/><\/figure>\n\n\n\n<figure class=\"wp-block-image size-large\"><img loading=\"lazy\" decoding=\"async\" width=\"945\" height=\"638\" data-id=\"300062\" src=\"https:\/\/www.tucomarca.com\/wordpress\/segunda\/wp-content\/uploads\/2026\/04\/cheste_en_marcha_03.jpg\" alt=\"\" class=\"wp-image-300062\" srcset=\"https:\/\/www.tucomarca.com\/wordpress\/segunda\/wp-content\/uploads\/2026\/04\/cheste_en_marcha_03.jpg 945w, https:\/\/www.tucomarca.com\/wordpress\/segunda\/wp-content\/uploads\/2026\/04\/cheste_en_marcha_03-300x203.jpg 300w, https:\/\/www.tucomarca.com\/wordpress\/segunda\/wp-content\/uploads\/2026\/04\/cheste_en_marcha_03-768x519.jpg 768w\" sizes=\"auto, (max-width: 945px) 100vw, 945px\" \/><\/figure>\n\n\n\n<figure class=\"wp-block-image size-large\"><img loading=\"lazy\" decoding=\"async\" width=\"1024\" height=\"683\" data-id=\"300068\" src=\"https:\/\/www.tucomarca.com\/wordpress\/segunda\/wp-content\/uploads\/2026\/04\/cheste_en_marcha_06-1024x683.jpg\" alt=\"\" class=\"wp-image-300068\" srcset=\"https:\/\/www.tucomarca.com\/wordpress\/segunda\/wp-content\/uploads\/2026\/04\/cheste_en_marcha_06-1024x683.jpg 1024w, https:\/\/www.tucomarca.com\/wordpress\/segunda\/wp-content\/uploads\/2026\/04\/cheste_en_marcha_06-300x200.jpg 300w, https:\/\/www.tucomarca.com\/wordpress\/segunda\/wp-content\/uploads\/2026\/04\/cheste_en_marcha_06-768x512.jpg 768w, https:\/\/www.tucomarca.com\/wordpress\/segunda\/wp-content\/uploads\/2026\/04\/cheste_en_marcha_06.jpg 1344w\" sizes=\"auto, (max-width: 1024px) 100vw, 1024px\" \/><\/figure>\n\n\n\n<figure class=\"wp-block-image size-large\"><img loading=\"lazy\" decoding=\"async\" width=\"1024\" height=\"683\" data-id=\"300066\" src=\"https:\/\/www.tucomarca.com\/wordpress\/segunda\/wp-content\/uploads\/2026\/04\/cheste_en_marcha_05-1024x683.jpg\" alt=\"\" class=\"wp-image-300066\" srcset=\"https:\/\/www.tucomarca.com\/wordpress\/segunda\/wp-content\/uploads\/2026\/04\/cheste_en_marcha_05-1024x683.jpg 1024w, https:\/\/www.tucomarca.com\/wordpress\/segunda\/wp-content\/uploads\/2026\/04\/cheste_en_marcha_05-300x200.jpg 300w, https:\/\/www.tucomarca.com\/wordpress\/segunda\/wp-content\/uploads\/2026\/04\/cheste_en_marcha_05-768x512.jpg 768w, https:\/\/www.tucomarca.com\/wordpress\/segunda\/wp-content\/uploads\/2026\/04\/cheste_en_marcha_05.jpg 1344w\" sizes=\"auto, (max-width: 1024px) 100vw, 1024px\" \/><\/figure>\n\n\n\n<figure class=\"wp-block-image size-large\"><img loading=\"lazy\" decoding=\"async\" width=\"945\" height=\"638\" data-id=\"300060\" src=\"https:\/\/www.tucomarca.com\/wordpress\/segunda\/wp-content\/uploads\/2026\/04\/cheste_en_marcha_02.jpg\" alt=\"\" class=\"wp-image-300060\" srcset=\"https:\/\/www.tucomarca.com\/wordpress\/segunda\/wp-content\/uploads\/2026\/04\/cheste_en_marcha_02.jpg 945w, https:\/\/www.tucomarca.com\/wordpress\/segunda\/wp-content\/uploads\/2026\/04\/cheste_en_marcha_02-300x203.jpg 300w, https:\/\/www.tucomarca.com\/wordpress\/segunda\/wp-content\/uploads\/2026\/04\/cheste_en_marcha_02-768x519.jpg 768w\" sizes=\"auto, (max-width: 945px) 100vw, 945px\" \/><\/figure>\n<\/figure>\n\n\n\n<p>La concejala de Cultura, <strong>M\u00aa \u00c1ngeles Llorente<\/strong>, destac\u00f3 el valor de esta iniciativa que tiene, como el resto de acciones que se llevan a cabo durante el resto del a\u00f1o, el objetivo de \u201cintervenir activamente en la mejora de la salud personal y colectiva de la ciudadan\u00eda chestana, entendiendo que tan importante es la teor\u00eda como la pr\u00e1ctica. Vivir implica aprender de manera continua\u201d. Llorente tambi\u00e9n se\u00f1al\u00f3 que \u201cpara m\u00ed es un orgullo poder afirmar que Cheste se sit\u00faa a la vanguardia en iniciativas de prevenci\u00f3n y mejora de la salud, as\u00ed como en el alto grado de aceptaci\u00f3n y participaci\u00f3n de nuestros vecinos y vecinas\u201d.<\/p>\n\n\n\n<p>Por su parte, el concejal de Medio Ambiente, <strong>David Pujals<\/strong>, subray\u00f3 la gran acogida de la actividad y su impacto positivo en la ciudadan\u00eda: \u201cLa respuesta ha sido extraordinaria, demostrando que existe un gran inter\u00e9s por actividades que combinan ejercicio, salud y convivencia en entornos naturales\u201d.<\/p>\n\n\n\n<p>Pujals tambi\u00e9n puso el acento en la relaci\u00f3n entre la actividad y la sostenibilidad: \u201cIniciativas como \u2018Cheste en marcha\u2019 nos recuerdan la importancia de cuidar y disfrutar de nuestros espacios naturales de forma responsable, fomentando una conexi\u00f3n m\u00e1s consciente con el entorno y promoviendo h\u00e1bitos de vida sostenibles\u201d.<\/p>\n\n\n\n<p>\u201cCheste en marcha\u201d consolida as\u00ed la apuesta del Ayuntamiento por una programaci\u00f3n transversal que une cultura, deporte y bienestar, ofreciendo experiencias que promueven una vida activa, saludable y conectada con el entorno natural.<\/p>\n","protected":false},"excerpt":{"rendered":"<div class=\"mh-excerpt\">El Ayuntamiento de Cheste celebr\u00f3 el pasado s\u00e1bado 25 de abril la actividad \u201cCheste en marcha: naturaleza y salud\u201d, una iniciativa impulsada conjuntamente por las concejal\u00edas de Cultura y Medio Ambiente dentro de la programaci\u00f3n <a class=\"mh-excerpt-more\" href=\"https:\/\/www.tucomarca.com\/wordpress\/segunda\/mas-de-un-centenar-de-personas-participan-en-cheste-en-marcha-una-apuesta-por-la-lectura-la-naturaleza-y-el-bienestar\/\" title=\"M\u00e1s de un centenar de personas participan en \u201cCheste en marcha\u201d, una apuesta por la lectura, la naturaleza y el bienestar\">[+] <\/a><\/div>\n","protected":false},"author":12,"featured_media":300058,"comment_status":"closed","ping_status":"open","sticky":false,"template":"","format":"gallery","meta":{"footnotes":""},"categories":[119,17,8,10,7,3],"tags":[339,24218,5952],"class_list":{"0":"post-300056","1":"post","2":"type-post","3":"status-publish","4":"format-gallery","5":"has-post-thumbnail","7":"category-sanidad-la-comarca","8":"category-cheste","9":"category-la-comarca","10":"category-la-hoya","11":"category-ocio-y-cultura","12":"category-seccion","13":"tag-cheste-2","14":"tag-cheste-en-marcha","15":"tag-la-hoya-de-bunol-chiva","16":"post_format-post-format-gallery"},"_links":{"self":[{"href":"https:\/\/www.tucomarca.com\/wordpress\/segunda\/wp-json\/wp\/v2\/posts\/300056","targetHints":{"allow":["GET"]}}],"collection":[{"href":"https:\/\/www.tucomarca.com\/wordpress\/segunda\/wp-json\/wp\/v2\/posts"}],"about":[{"href":"https:\/\/www.tucomarca.com\/wordpress\/segunda\/wp-json\/wp\/v2\/types\/post"}],"author":[{"embeddable":true,"href":"https:\/\/www.tucomarca.com\/wordpress\/segunda\/wp-json\/wp\/v2\/users\/12"}],"replies":[{"embeddable":true,"href":"https:\/\/www.tucomarca.com\/wordpress\/segunda\/wp-json\/wp\/v2\/comments?post=300056"}],"version-history":[{"count":1,"href":"https:\/\/www.tucomarca.com\/wordpress\/segunda\/wp-json\/wp\/v2\/posts\/300056\/revisions"}],"predecessor-version":[{"id":300070,"href":"https:\/\/www.tucomarca.com\/wordpress\/segunda\/wp-json\/wp\/v2\/posts\/300056\/revisions\/300070"}],"wp:featuredmedia":[{"embeddable":true,"href":"https:\/\/www.tucomarca.com\/wordpress\/segunda\/wp-json\/wp\/v2\/media\/300058"}],"wp:attachment":[{"href":"https:\/\/www.tucomarca.com\/wordpress\/segunda\/wp-json\/wp\/v2\/media?parent=300056"}],"wp:term":[{"taxonomy":"category","embeddable":true,"href":"https:\/\/www.tucomarca.com\/wordpress\/segunda\/wp-json\/wp\/v2\/categories?post=300056"},{"taxonomy":"post_tag","embeddable":true,"href":"https:\/\/www.tucomarca.com\/wordpress\/segunda\/wp-json\/wp\/v2\/tags?post=300056"}],"curies":[{"name":"wp","href":"https:\/\/api.w.org\/{rel}","templated":true}]}}