{"id":300076,"date":"2026-04-27T10:00:00","date_gmt":"2026-04-27T08:00:00","guid":{"rendered":"https:\/\/www.tucomarca.com\/wordpress\/segunda\/?p=300076"},"modified":"2026-04-27T19:47:24","modified_gmt":"2026-04-27T17:47:24","slug":"ma-amparo-nadal-gresa-designada-como-futura-reina-de-la-vendimia-2026-de-cheste","status":"publish","type":"post","link":"https:\/\/www.tucomarca.com\/wordpress\/segunda\/ma-amparo-nadal-gresa-designada-como-futura-reina-de-la-vendimia-2026-de-cheste\/","title":{"rendered":"M\u00aa Amparo Nadal Gresa, designada como futura Reina de la Vendimia 2026 de Cheste"},"content":{"rendered":"\n<p>Cheste ya conoce el nombre de su futura Reina de la Vendimia. Este domingo 26 de abril,\u00a0<strong>M\u00aa Amparo Nadal Gresa<\/strong>\u00a0fue designada como la futura m\u00e1xima representante de la LIII Fiesta de la Vendimia, una celebraci\u00f3n declarada de Inter\u00e9s Tur\u00edstico Provincial y una de las citas m\u00e1s esperadas del calendario festivo local.<\/p>\n\n\n\n<p>La joven chestana, que en septiembre ser\u00e1 proclamada reina, asume as\u00ed el papel de embajadora de una de las fiestas m\u00e1s emblem\u00e1ticas del municipio. Tras la designaci\u00f3n, celebrada en el sal\u00f3n de plenos del Ayuntamiento, los nuevos representantes de la Fiesta de la Vendimia posaron junto al alcalde,&nbsp;<strong>Jos\u00e9 Morell<\/strong>, y el concejal de Fiestas,<strong>\u00d3scar Gald\u00f3n<\/strong>. M\u00aa Amparo es estudiante de segundo de Bachillerato. Le gusta hacer deporte, sobre todo crossfit. Adem\u00e1s, es fallera e hija y nieta de viticultores.<\/p>\n\n\n\n<p>Con esta designaci\u00f3n, Cheste da el pistoletazo de salida a los preparativos de la LIII Fiesta de la Vendimia.<\/p>\n\n\n\n<figure class=\"wp-block-gallery has-nested-images columns-default is-cropped wp-block-gallery-1 is-layout-flex wp-block-gallery-is-layout-flex\">\n<figure class=\"wp-block-image size-large\"><img loading=\"lazy\" decoding=\"async\" width=\"945\" height=\"638\" data-id=\"300081\" src=\"https:\/\/www.tucomarca.com\/wordpress\/segunda\/wp-content\/uploads\/2026\/04\/Cheste_reina_vendimia_03.jpg\" alt=\"\" class=\"wp-image-300081\" srcset=\"https:\/\/www.tucomarca.com\/wordpress\/segunda\/wp-content\/uploads\/2026\/04\/Cheste_reina_vendimia_03.jpg 945w, https:\/\/www.tucomarca.com\/wordpress\/segunda\/wp-content\/uploads\/2026\/04\/Cheste_reina_vendimia_03-300x203.jpg 300w, https:\/\/www.tucomarca.com\/wordpress\/segunda\/wp-content\/uploads\/2026\/04\/Cheste_reina_vendimia_03-768x519.jpg 768w\" sizes=\"auto, (max-width: 945px) 100vw, 945px\" \/><\/figure>\n\n\n\n<figure class=\"wp-block-image size-large\"><img loading=\"lazy\" decoding=\"async\" width=\"945\" height=\"638\" data-id=\"300077\" src=\"https:\/\/www.tucomarca.com\/wordpress\/segunda\/wp-content\/uploads\/2026\/04\/Cheste_reina_vendimia_01.jpg\" alt=\"\" class=\"wp-image-300077\" srcset=\"https:\/\/www.tucomarca.com\/wordpress\/segunda\/wp-content\/uploads\/2026\/04\/Cheste_reina_vendimia_01.jpg 945w, https:\/\/www.tucomarca.com\/wordpress\/segunda\/wp-content\/uploads\/2026\/04\/Cheste_reina_vendimia_01-300x203.jpg 300w, https:\/\/www.tucomarca.com\/wordpress\/segunda\/wp-content\/uploads\/2026\/04\/Cheste_reina_vendimia_01-768x519.jpg 768w\" sizes=\"auto, (max-width: 945px) 100vw, 945px\" \/><\/figure>\n<\/figure>\n\n\n\n<p><\/p>\n","protected":false},"excerpt":{"rendered":"<div class=\"mh-excerpt\">Cheste ya conoce el nombre de su futura Reina de la Vendimia. Este domingo 26 de abril,\u00a0M\u00aa Amparo Nadal Gresa\u00a0fue designada como la futura m\u00e1xima representante de la LIII Fiesta de la Vendimia, una celebraci\u00f3n <a class=\"mh-excerpt-more\" href=\"https:\/\/www.tucomarca.com\/wordpress\/segunda\/ma-amparo-nadal-gresa-designada-como-futura-reina-de-la-vendimia-2026-de-cheste\/\" title=\"M\u00aa Amparo Nadal Gresa, designada como futura Reina de la Vendimia 2026 de Cheste\">[+] <\/a><\/div>\n","protected":false},"author":12,"featured_media":300079,"comment_status":"closed","ping_status":"open","sticky":false,"template":"","format":"gallery","meta":{"footnotes":""},"categories":[17,8,10,5,7,383,3],"tags":[339,5952,24220],"class_list":{"0":"post-300076","1":"post","2":"type-post","3":"status-publish","4":"format-gallery","5":"has-post-thumbnail","7":"category-cheste","8":"category-la-comarca","9":"category-la-hoya","10":"category-la-semana-en-imagenes","11":"category-ocio-y-cultura","12":"category-pueblos-en-fiestas","13":"category-seccion","14":"tag-cheste-2","15":"tag-la-hoya-de-bunol-chiva","16":"tag-reina-de-la-vendimia","17":"post_format-post-format-gallery"},"_links":{"self":[{"href":"https:\/\/www.tucomarca.com\/wordpress\/segunda\/wp-json\/wp\/v2\/posts\/300076","targetHints":{"allow":["GET"]}}],"collection":[{"href":"https:\/\/www.tucomarca.com\/wordpress\/segunda\/wp-json\/wp\/v2\/posts"}],"about":[{"href":"https:\/\/www.tucomarca.com\/wordpress\/segunda\/wp-json\/wp\/v2\/types\/post"}],"author":[{"embeddable":true,"href":"https:\/\/www.tucomarca.com\/wordpress\/segunda\/wp-json\/wp\/v2\/users\/12"}],"replies":[{"embeddable":true,"href":"https:\/\/www.tucomarca.com\/wordpress\/segunda\/wp-json\/wp\/v2\/comments?post=300076"}],"version-history":[{"count":1,"href":"https:\/\/www.tucomarca.com\/wordpress\/segunda\/wp-json\/wp\/v2\/posts\/300076\/revisions"}],"predecessor-version":[{"id":300083,"href":"https:\/\/www.tucomarca.com\/wordpress\/segunda\/wp-json\/wp\/v2\/posts\/300076\/revisions\/300083"}],"wp:featuredmedia":[{"embeddable":true,"href":"https:\/\/www.tucomarca.com\/wordpress\/segunda\/wp-json\/wp\/v2\/media\/300079"}],"wp:attachment":[{"href":"https:\/\/www.tucomarca.com\/wordpress\/segunda\/wp-json\/wp\/v2\/media?parent=300076"}],"wp:term":[{"taxonomy":"category","embeddable":true,"href":"https:\/\/www.tucomarca.com\/wordpress\/segunda\/wp-json\/wp\/v2\/categories?post=300076"},{"taxonomy":"post_tag","embeddable":true,"href":"https:\/\/www.tucomarca.com\/wordpress\/segunda\/wp-json\/wp\/v2\/tags?post=300076"}],"curies":[{"name":"wp","href":"https:\/\/api.w.org\/{rel}","templated":true}]}}