{"id":300087,"date":"2026-04-27T08:45:00","date_gmt":"2026-04-27T06:45:00","guid":{"rendered":"https:\/\/www.tucomarca.com\/wordpress\/segunda\/?p=300087"},"modified":"2026-04-27T19:44:22","modified_gmt":"2026-04-27T17:44:22","slug":"cheste-celebrara-la-vi-feria-de-medio-ambiente-del-8-al-10-de-mayo-de-2026","status":"publish","type":"post","link":"https:\/\/www.tucomarca.com\/wordpress\/segunda\/cheste-celebrara-la-vi-feria-de-medio-ambiente-del-8-al-10-de-mayo-de-2026\/","title":{"rendered":"Cheste celebrar\u00e1 la VI Feria de Medio Ambiente del 8 al 10 de mayo de 2026"},"content":{"rendered":"\n<h3 class=\"wp-block-heading\">En paralelo se celebrar\u00e1 el Congreso Internacional de Cactus y Suculentas.<\/h3>\n\n\n\n<p>Del <strong>8 al 10 de mayo de 2026<\/strong>, Cheste acoger\u00e1 la <strong>VI Feria de Medio Ambiente<\/strong> en el <strong>Parque de La Lomiquia<\/strong>, una cita ya consolidada que reunir\u00e1 propuestas educativas, actividades de bienestar, talleres divulgativos, m\u00fasica en directo y el <strong>Congreso Internacional de Cactus y Suculentas<\/strong>, que celebra su <strong>20\u00ba aniversario<\/strong>. La feria abrir\u00e1 sus puertas el <strong>viernes 8 a las 17:00 horas<\/strong> y se desarrollar\u00e1 durante todo el fin de semana, finalizando el <strong>domingo a las 15:00 horas<\/strong>.&nbsp;<\/p>\n\n\n\n<p>La feria contar\u00e1 con un amplio programa dise\u00f1ado para p\u00fablicos de todas las edades. El <strong>horario de apertura<\/strong> ser\u00e1 el viernes de <strong>17:00 a 00:00 horas<\/strong>, el s\u00e1bado de <strong>10:00 a 00:00 horas<\/strong> y el domingo de <strong>10:00 a 15:00 horas<\/strong>, consolid\u00e1ndose como un espacio de convivencia en torno a la sostenibilidad, la educaci\u00f3n ambiental y el disfrute de la naturaleza.&nbsp;<\/p>\n\n\n\n<p>El concejal de Medio Ambiente, <strong>David Pujals<\/strong>, ha destacado la relevancia de esta cita se\u00f1alando que \u201ccada a\u00f1o crece en participaci\u00f3n y en propuestas que acercan la sostenibilidad a toda la ciudadan\u00eda. Invitamos a los vecinos y vecinas de Cheste, as\u00ed como a visitantes de toda la comarca, a disfrutar de un fin de semana lleno de naturaleza, educaci\u00f3n ambiental y actividades para todas las edades\u201d.<\/p>\n\n\n\n<p><strong>M\u00fasica y actividades culturales<\/strong><\/p>\n\n\n\n<p>La programaci\u00f3n musical incluir\u00e1 la <strong>actuaci\u00f3n del Grupo Drelo<\/strong> el <strong>viernes 8 de mayo a las 19:00 horas<\/strong> en el cami\u00f3n escenario. El <strong>s\u00e1bado 9<\/strong>, a partir de las <strong>18:30 horas<\/strong>, tendr\u00e1 lugar el <strong>tributo a Amaral \u201cD\u00edas de verano\u201d<\/strong> y el <strong>tributo a La Oreja de Van Gogh<\/strong>, seguidos de una <strong>discom\u00f3vil<\/strong> al finalizar los conciertos. El domingo, a las <strong>12:00 horas<\/strong>, el p\u00fablico podr\u00e1 disfrutar del concierto de <strong>Drelo Indi<\/strong>, que pondr\u00e1 el broche musical al evento.&nbsp;<\/p>\n\n\n\n<p><strong>Congreso Internacional de Cactus y Suculentas<\/strong><\/p>\n\n\n\n<p>De forma paralela a la feria, se celebrar\u00e1 el <strong>Congreso Internacional de Cactus y Suculentas<\/strong>, coincidiendo con su <strong>20\u00ba aniversario<\/strong>, que se desarrollar\u00e1 en la <strong>carpa principal<\/strong> durante los tres d\u00edas. El congreso abrir\u00e1 el viernes de <strong>17:00 a 21:00 horas<\/strong>, el s\u00e1bado de <strong>10:00 a 21:00 horas<\/strong> y el domingo de <strong>10:00 a 15:00 horas<\/strong>, convirti\u00e9ndose en uno de los principales atractivos para especialistas y aficionados.&nbsp;<\/p>\n\n\n\n<p>Dentro de este marco se ofrecer\u00e1n tambi\u00e9n actividades divulgativas como las charlas <strong>\u201cLophophora: del desierto al laboratorio\u201d<\/strong>, a cargo de <strong>Carles Cort\u00e9s Olmos<\/strong>, programada para el s\u00e1bado a las <strong>11:00 horas<\/strong>, y <strong>\u201cEcolog\u00eda de las cact\u00e1ceas\u201d<\/strong>, impartida por <strong>Rafa Garc\u00eda Garc\u00eda (Tara Desert)<\/strong> a las <strong>12:00 horas<\/strong>.&nbsp;<\/p>\n\n\n\n<p><strong>Ruta saludable y actividades de bienestar<\/strong><\/p>\n\n\n\n<p>Entre las propuestas destacadas figura la <strong>Ruta saludable \u201cConociendo el entorno natural de tu pueblo\u201d<\/strong>, que tendr\u00e1 lugar el <strong>s\u00e1bado 9 de mayo<\/strong>, con salida a las <strong>8:30 horas<\/strong> desde el aparcamiento del Parque de La Lomiquia y regreso aproximado a las <strong>13:00 horas<\/strong>. La actividad, de <strong>dificultad baja<\/strong>, tendr\u00e1 un recorrido circular de <strong>9 kil\u00f3metros<\/strong> por el paraje de <strong>El Ramat<\/strong> y estar\u00e1 guiada por <strong>Alberto Ib\u00e1\u00f1ez Velert<\/strong>, Guarda Rural. Las plazas son limitadas y las inscripciones podr\u00e1n realizarse hasta el <strong>27 de abril<\/strong> en el correo <strong>chesteverde@gmail.com<\/strong>.&nbsp;<\/p>\n\n\n\n<p>Asimismo, durante los tres d\u00edas se desarrollar\u00e1n <strong>actividades de la Asociaci\u00f3n Altruista de Reiki<\/strong> en diferentes franjas horarias, con sesiones el viernes por la tarde, el s\u00e1bado por la ma\u00f1ana y por la tarde, y el domingo por la ma\u00f1ana, frente a la charca de los anfibios. El domingo a las <strong>11:00 horas<\/strong> se celebrar\u00e1 tambi\u00e9n un <strong>taller de sales arom\u00e1ticas<\/strong>, a cargo de <strong>Alborem Acci\u00f3n<\/strong>, con ubicaci\u00f3n pendiente&nbsp;<\/p>\n\n\n\n<p>Con esta sexta edici\u00f3n, la <strong>Feria de Medio Ambiente de Cheste<\/strong> se consolida, un a\u00f1o m\u00e1s, como un <strong>espacio de encuentro y divulgaci\u00f3n<\/strong>, reforzando el compromiso del municipio con la sostenibilidad, el respeto al entorno natural y la implicaci\u00f3n de la ciudadan\u00eda en la conservaci\u00f3n del medio ambiente.<\/p>\n","protected":false},"excerpt":{"rendered":"<div class=\"mh-excerpt\">En paralelo se celebrar\u00e1 el Congreso Internacional de Cactus y Suculentas. Del 8 al 10 de mayo de 2026, Cheste acoger\u00e1 la VI Feria de Medio Ambiente en el Parque de La Lomiquia, una cita <a class=\"mh-excerpt-more\" href=\"https:\/\/www.tucomarca.com\/wordpress\/segunda\/cheste-celebrara-la-vi-feria-de-medio-ambiente-del-8-al-10-de-mayo-de-2026\/\" title=\"Cheste celebrar\u00e1 la VI Feria de Medio Ambiente del 8 al 10 de mayo de 2026\">[+] <\/a><\/div>\n","protected":false},"author":12,"featured_media":300088,"comment_status":"closed","ping_status":"open","sticky":false,"template":"","format":"standard","meta":{"footnotes":""},"categories":[4,17,8,10,117,7,3],"tags":[339,5952,24222],"class_list":{"0":"post-300087","1":"post","2":"type-post","3":"status-publish","4":"format-standard","5":"has-post-thumbnail","7":"category-agenda","8":"category-cheste","9":"category-la-comarca","10":"category-la-hoya","11":"category-medio-ambiente-la-comarca","12":"category-ocio-y-cultura","13":"category-seccion","14":"tag-cheste-2","15":"tag-la-hoya-de-bunol-chiva","16":"tag-vi-feria-de-medio-ambiente"},"_links":{"self":[{"href":"https:\/\/www.tucomarca.com\/wordpress\/segunda\/wp-json\/wp\/v2\/posts\/300087","targetHints":{"allow":["GET"]}}],"collection":[{"href":"https:\/\/www.tucomarca.com\/wordpress\/segunda\/wp-json\/wp\/v2\/posts"}],"about":[{"href":"https:\/\/www.tucomarca.com\/wordpress\/segunda\/wp-json\/wp\/v2\/types\/post"}],"author":[{"embeddable":true,"href":"https:\/\/www.tucomarca.com\/wordpress\/segunda\/wp-json\/wp\/v2\/users\/12"}],"replies":[{"embeddable":true,"href":"https:\/\/www.tucomarca.com\/wordpress\/segunda\/wp-json\/wp\/v2\/comments?post=300087"}],"version-history":[{"count":2,"href":"https:\/\/www.tucomarca.com\/wordpress\/segunda\/wp-json\/wp\/v2\/posts\/300087\/revisions"}],"predecessor-version":[{"id":300098,"href":"https:\/\/www.tucomarca.com\/wordpress\/segunda\/wp-json\/wp\/v2\/posts\/300087\/revisions\/300098"}],"wp:featuredmedia":[{"embeddable":true,"href":"https:\/\/www.tucomarca.com\/wordpress\/segunda\/wp-json\/wp\/v2\/media\/300088"}],"wp:attachment":[{"href":"https:\/\/www.tucomarca.com\/wordpress\/segunda\/wp-json\/wp\/v2\/media?parent=300087"}],"wp:term":[{"taxonomy":"category","embeddable":true,"href":"https:\/\/www.tucomarca.com\/wordpress\/segunda\/wp-json\/wp\/v2\/categories?post=300087"},{"taxonomy":"post_tag","embeddable":true,"href":"https:\/\/www.tucomarca.com\/wordpress\/segunda\/wp-json\/wp\/v2\/tags?post=300087"}],"curies":[{"name":"wp","href":"https:\/\/api.w.org\/{rel}","templated":true}]}}