{"id":300099,"date":"2026-04-27T09:50:00","date_gmt":"2026-04-27T07:50:00","guid":{"rendered":"https:\/\/www.tucomarca.com\/wordpress\/segunda\/?p=300099"},"modified":"2026-04-27T19:58:41","modified_gmt":"2026-04-27T17:58:41","slug":"decanter-pone-en-valor-con-92-puntos-la-excelente-calidad-de-veterum-tardana-2024-de-covinas","status":"publish","type":"post","link":"https:\/\/www.tucomarca.com\/wordpress\/segunda\/decanter-pone-en-valor-con-92-puntos-la-excelente-calidad-de-veterum-tardana-2024-de-covinas\/","title":{"rendered":"Decanter pone en valor con 92 puntos\u00a0la excelente calidad de Veterum Tardana 2024 de Covi\u00f1as"},"content":{"rendered":"\n<h3 class=\"wp-block-heading\">Un blanco fresco, equilibrado y vers\u00e1til, que nace del compromiso de la bodega por rescatar del olvido esta variedad aut\u00f3ctona de la zona Utiel-Requena. Un vino con marcada identidad territorial que proyecta origen y tradici\u00f3n desde un lenguaje enol\u00f3gico contempor\u00e1neo.<\/h3>\n\n\n\n<h3 class=\"wp-block-heading\">En un momento en el que el sector mira hacia la sostenibilidad, la diferenciaci\u00f3n y la autenticidad, y crece la demanda de blancos, la recuperaci\u00f3n de uvas como la Tardana demuestra el potencial de las variedades locales para liderar el futuro del vino espa\u00f1ol.<\/h3>\n\n\n\n<p><strong>Covi\u00f1as<\/strong>, bodega referente de la D.O. Utiel-Requena, vuelve a estar de enhorabuena: <strong>Veterum Tardana 2024<\/strong> ha sido distinguido con 92 puntos por <strong>Decanter<\/strong>. Una puntuaci\u00f3n que pone en valor la excelente calidad y autenticidad de este vino que nace del compromiso de la bodega por recuperar variedades aut\u00f3ctonas de esta comarca con una visi\u00f3n renovada y alineada con una demanda global de blancos que no para de crecer.<\/p>\n\n\n\n<p><strong>Veterum Tardana 2024<\/strong> proyecta origen con un lenguaje enol\u00f3gico actual. Elaborado al 100% con esta uva de gran singularidad, destaca por su frescura y expresividad arom\u00e1tica, con notas de fruta blanca y matices c\u00edtricos. Seg\u00fan la valoraci\u00f3n de <strong>Decanter<\/strong> <strong><em>\u201cun Tardana con cuerpo, car\u00e1cter y gran versatilidad. En boca deleita con sabores a pera carnosa y crujiente, manzana verde, mel\u00f3n y lim\u00f3n confitado, con un atractivo toque ahumado y una agradable salinidad\u201d<\/em><\/strong>.<\/p>\n\n\n\n<p>Un blanco equilibrado y vivo, con una acidez refrescante, bien integrada, que aporta longitud y persistencia, dejando un final limpio y ligeramente mineral que evoca a la tierra donde arraigan las vi\u00f1as viejas de las que proceden sus uvas. Su perfil vers\u00e1til lo convierte en un excelente aliado gastron\u00f3mico: marida especialmente bien con pescados blancos, mariscos, arroces, ensaladas frescas y cocina mediterr\u00e1nea, as\u00ed como con platos ligeros y propuestas contempor\u00e1neas.&nbsp;<\/p>\n\n\n\n<p>El mercado global del vino transita por un cambio estructural con un creciente inter\u00e9s de los consumidores por referencias m\u00e1s ligeras, arom\u00e1ticas y con menor graduaci\u00f3n alcoh\u00f3lica. Crece la demanda de blancos frescos, equilibrados, con una historia aut\u00e9ntica y una narrativa honesta. En este sentido, <strong>Jorge Srougi<\/strong>, director general de <strong>Covi\u00f1as<\/strong>, se\u00f1ala que <strong><em>\u201cEn nuestra bodega nos reinventamos escuchando las demandas de los consumidores y adapt\u00e1ndonos a ellas. Comprometidos con nuestro patrimonio vitivin\u00edcola, hemos recuperado del olvido las vi\u00f1as viejas de Tardana, una uva blanca tradicional de la zona de Utiel-Requena que refleja la identidad y singularidad de nuestro territorio. Un resurgir que ha sido respaldado por Decanter con la valoraci\u00f3n de 92 puntos a esta referencia, que nos llena de orgullo, y que supone un impulso para su proyecci\u00f3n tanto en el marcado nacional, como m\u00e1s all\u00e1 de nuestras fronteras\u201d.<\/em><\/strong><\/p>\n","protected":false},"excerpt":{"rendered":"<div class=\"mh-excerpt\">Un blanco fresco, equilibrado y vers\u00e1til, que nace del compromiso de la bodega por rescatar del olvido esta variedad aut\u00f3ctona de la zona Utiel-Requena. Un vino con marcada identidad territorial que proyecta origen y tradici\u00f3n <a class=\"mh-excerpt-more\" href=\"https:\/\/www.tucomarca.com\/wordpress\/segunda\/decanter-pone-en-valor-con-92-puntos-la-excelente-calidad-de-veterum-tardana-2024-de-covinas\/\" title=\"Decanter pone en valor con 92 puntos\u00a0la excelente calidad de Veterum Tardana 2024 de Covi\u00f1as\">[+] <\/a><\/div>\n","protected":false},"author":12,"featured_media":300102,"comment_status":"closed","ping_status":"open","sticky":false,"template":"","format":"standard","meta":{"footnotes":""},"categories":[113,8,7,28,27,3,29],"tags":[20588,10387,24224],"class_list":{"0":"post-300099","1":"post","2":"type-post","3":"status-publish","4":"format-standard","5":"has-post-thumbnail","7":"category-vinos","8":"category-la-comarca","9":"category-ocio-y-cultura","10":"category-requena","11":"category-requena-utiel","12":"category-seccion","13":"category-utiel","14":"tag-bodegas-covinas","15":"tag-requena-utiel","16":"tag-veterum-tardana-2024"},"_links":{"self":[{"href":"https:\/\/www.tucomarca.com\/wordpress\/segunda\/wp-json\/wp\/v2\/posts\/300099","targetHints":{"allow":["GET"]}}],"collection":[{"href":"https:\/\/www.tucomarca.com\/wordpress\/segunda\/wp-json\/wp\/v2\/posts"}],"about":[{"href":"https:\/\/www.tucomarca.com\/wordpress\/segunda\/wp-json\/wp\/v2\/types\/post"}],"author":[{"embeddable":true,"href":"https:\/\/www.tucomarca.com\/wordpress\/segunda\/wp-json\/wp\/v2\/users\/12"}],"replies":[{"embeddable":true,"href":"https:\/\/www.tucomarca.com\/wordpress\/segunda\/wp-json\/wp\/v2\/comments?post=300099"}],"version-history":[{"count":2,"href":"https:\/\/www.tucomarca.com\/wordpress\/segunda\/wp-json\/wp\/v2\/posts\/300099\/revisions"}],"predecessor-version":[{"id":300104,"href":"https:\/\/www.tucomarca.com\/wordpress\/segunda\/wp-json\/wp\/v2\/posts\/300099\/revisions\/300104"}],"wp:featuredmedia":[{"embeddable":true,"href":"https:\/\/www.tucomarca.com\/wordpress\/segunda\/wp-json\/wp\/v2\/media\/300102"}],"wp:attachment":[{"href":"https:\/\/www.tucomarca.com\/wordpress\/segunda\/wp-json\/wp\/v2\/media?parent=300099"}],"wp:term":[{"taxonomy":"category","embeddable":true,"href":"https:\/\/www.tucomarca.com\/wordpress\/segunda\/wp-json\/wp\/v2\/categories?post=300099"},{"taxonomy":"post_tag","embeddable":true,"href":"https:\/\/www.tucomarca.com\/wordpress\/segunda\/wp-json\/wp\/v2\/tags?post=300099"}],"curies":[{"name":"wp","href":"https:\/\/api.w.org\/{rel}","templated":true}]}}