{"id":300141,"date":"2026-04-27T08:00:00","date_gmt":"2026-04-27T06:00:00","guid":{"rendered":"https:\/\/www.tucomarca.com\/wordpress\/segunda\/?p=300141"},"modified":"2026-04-28T18:33:57","modified_gmt":"2026-04-28T16:33:57","slug":"el-psoe-de-bunol-mantiene-que-el-cambio-de-modelo-en-la-feria-del-comercio-que-excluye-al-tejido-asociativo","status":"publish","type":"post","link":"https:\/\/www.tucomarca.com\/wordpress\/segunda\/el-psoe-de-bunol-mantiene-que-el-cambio-de-modelo-en-la-feria-del-comercio-que-excluye-al-tejido-asociativo\/","title":{"rendered":"El PSOE de Bu\u00f1ol mantiene \u00abque el cambio de modelo en la Feria del Comercio que excluye al tejido asociativo\u00bb"},"content":{"rendered":"\n<p>\u00abLa pr\u00f3xima Feria del Comercio de Bu\u00f1ol, prevista del 8 al 10 de mayo de 2026, ha generado preocupaci\u00f3n entre vecinos y entidades tras el cambio de modelo respaldado por el gobierno local \u2014formado por el PP y XBu\u00f1ol\u2014 que limita la participaci\u00f3n a empresas y comercios, dejando fuera a las asociaciones que tradicionalmente ha contribuido al \u00e9xito del evento\u00bb, tal como han manifestado desde el PSOE local.<\/p>\n\n\n\n<p>\u00abEl nuevo planteamiento, establece que solo podr\u00e1n participar empresas asociadas o aquellas que asuman el coste de los stands, impidiendo que colectivos o asociaciones tengan representaci\u00f3n, un giro significativo respecto a ediciones anteriores, donde la feria se conceb\u00eda como un espacio abierto que integraba comercio, asociaciones y ciudadan\u00eda\u00bb, han a\u00f1adido.\u00a0<\/p>\n\n\n\n<p>Desde el PSOE de Bu\u00f1ol se considera que este modelo \u00abreduce la diversidad, debilita la participaci\u00f3n y resta valor a un evento que siempre ha funcionado mejor cuantas m\u00e1s entidades ha sumado\u00bb.<\/p>\n\n\n\n<p>Los socialistas subrayan que este cambio de enfoque \u00abse produce, adem\u00e1s, en un contexto marcado por la falta de una estrategia real de apoyo al comercio local. El gobierno municipal ha perdido hasta en\u00a0<strong>tres ocasiones<\/strong>\u00a0el Bono Comercio \u2014dos convocatorias de la Generalitat y la m\u00e1s ventajosa de la Diputaci\u00f3n de Valencia\u2014 lo que ha supuesto dejar escapar m\u00e1s de 200.000 euros de inversi\u00f3n directa para los comercios del municipio\u00bb.<\/p>\n\n\n\n<p>Asimismo, recuerdan \u00abque\u00a0<strong>una edici\u00f3n anterior de la propia Feria del Comercio tuvo que ser aplazada<\/strong>\u00a0por errores de gesti\u00f3n del equipo de gobierno. Es una forma de gobernar basada en la improvisaci\u00f3n, falta de planificaci\u00f3n y decisiones que perjudican directamente al comercio y al conjunto del municipio\u00bb, tal como destacan.<\/p>\n\n\n\n<p>El portavoz socialista, Aurelio Palmer, ha asegurado \u00abque apostar por el comercio es imprescindible, pero hacerlo excluyendo a una parte importante del tejido social de Bu\u00f1ol es un error que empobrece la feria y limita su potencial. La feria siempre ha sido m\u00e1s fuerte cuando ha sido integradora, diversa y participativa\u00bb.<\/p>\n\n\n\n<p>Desde el PSOE de Bu\u00f1ol defienden \u00abla recuperaci\u00f3n de un modelo de feria m\u00e1s abierto y representativo del municipio: seguimos creyendo en un Bu\u00f1ol m\u00e1s justo, m\u00e1s habitable y lleno de oportunidades. La Feria del Comercio debe ser un espacio que sume, que impulse al comercio y que refuerce la vida comunitaria, no un evento cada vez m\u00e1s restringido\u00bb.<\/p>\n","protected":false},"excerpt":{"rendered":"<div class=\"mh-excerpt\">\u00abLa pr\u00f3xima Feria del Comercio de Bu\u00f1ol, prevista del 8 al 10 de mayo de 2026, ha generado preocupaci\u00f3n entre vecinos y entidades tras el cambio de modelo respaldado por el gobierno local \u2014formado por <a class=\"mh-excerpt-more\" href=\"https:\/\/www.tucomarca.com\/wordpress\/segunda\/el-psoe-de-bunol-mantiene-que-el-cambio-de-modelo-en-la-feria-del-comercio-que-excluye-al-tejido-asociativo\/\" title=\"El PSOE de Bu\u00f1ol mantiene \u00abque el cambio de modelo en la Feria del Comercio que excluye al tejido asociativo\u00bb\">[+] <\/a><\/div>\n","protected":false},"author":12,"featured_media":225922,"comment_status":"closed","ping_status":"open","sticky":false,"template":"","format":"standard","meta":{"footnotes":""},"categories":[18,128,8,10,142,3],"tags":[10385,5952,11380],"class_list":{"0":"post-300141","1":"post","2":"type-post","3":"status-publish","4":"format-standard","5":"has-post-thumbnail","7":"category-bunol","8":"category-infraestructuras","9":"category-la-comarca","10":"category-la-hoya","11":"category-politica-la-comarca","12":"category-seccion","13":"tag-bunol","14":"tag-la-hoya-de-bunol-chiva","15":"tag-pspv-psoe-bunol"},"_links":{"self":[{"href":"https:\/\/www.tucomarca.com\/wordpress\/segunda\/wp-json\/wp\/v2\/posts\/300141","targetHints":{"allow":["GET"]}}],"collection":[{"href":"https:\/\/www.tucomarca.com\/wordpress\/segunda\/wp-json\/wp\/v2\/posts"}],"about":[{"href":"https:\/\/www.tucomarca.com\/wordpress\/segunda\/wp-json\/wp\/v2\/types\/post"}],"author":[{"embeddable":true,"href":"https:\/\/www.tucomarca.com\/wordpress\/segunda\/wp-json\/wp\/v2\/users\/12"}],"replies":[{"embeddable":true,"href":"https:\/\/www.tucomarca.com\/wordpress\/segunda\/wp-json\/wp\/v2\/comments?post=300141"}],"version-history":[{"count":2,"href":"https:\/\/www.tucomarca.com\/wordpress\/segunda\/wp-json\/wp\/v2\/posts\/300141\/revisions"}],"predecessor-version":[{"id":300218,"href":"https:\/\/www.tucomarca.com\/wordpress\/segunda\/wp-json\/wp\/v2\/posts\/300141\/revisions\/300218"}],"wp:featuredmedia":[{"embeddable":true,"href":"https:\/\/www.tucomarca.com\/wordpress\/segunda\/wp-json\/wp\/v2\/media\/225922"}],"wp:attachment":[{"href":"https:\/\/www.tucomarca.com\/wordpress\/segunda\/wp-json\/wp\/v2\/media?parent=300141"}],"wp:term":[{"taxonomy":"category","embeddable":true,"href":"https:\/\/www.tucomarca.com\/wordpress\/segunda\/wp-json\/wp\/v2\/categories?post=300141"},{"taxonomy":"post_tag","embeddable":true,"href":"https:\/\/www.tucomarca.com\/wordpress\/segunda\/wp-json\/wp\/v2\/tags?post=300141"}],"curies":[{"name":"wp","href":"https:\/\/api.w.org\/{rel}","templated":true}]}}