{"id":300166,"date":"2026-04-28T10:10:00","date_gmt":"2026-04-28T08:10:00","guid":{"rendered":"https:\/\/www.tucomarca.com\/wordpress\/segunda\/?p=300166"},"modified":"2026-04-28T20:59:42","modified_gmt":"2026-04-28T18:59:42","slug":"fotogaleria-cheste-lee-congrega-a-centenares-de-personas-en-la-plaza-doctor-cajal-unidas-por-la-cultura","status":"publish","type":"post","link":"https:\/\/www.tucomarca.com\/wordpress\/segunda\/fotogaleria-cheste-lee-congrega-a-centenares-de-personas-en-la-plaza-doctor-cajal-unidas-por-la-cultura\/","title":{"rendered":"Fotogaler\u00eda: Cheste Lee congrega a centenares de personas en la plaza Doctor Cajal unidas por la cultura"},"content":{"rendered":"\n<h3 class=\"wp-block-heading\">Los Titiriteros de Bin\u00e9far, Far\u00e1ndula Teatro y David Vid completan la jornada final del ciclo.<\/h3>\n\n\n\n<h3 class=\"wp-block-heading\">M\u00e1ximo Huerta firm\u00f3 ejemplares de sus obras, al igual que lo hicieron diferentes autores y autoras en las casetas de venta de ejemplares.<\/h3>\n\n\n\n<p>La Feria del Libro de Cheste, <strong>Cheste Lee<\/strong>, cerr\u00f3 este domingo 26 de abril su edici\u00f3n de 2026 con una intensa jornada cultural que convirti\u00f3 la plaza Doctor Cajal en un gran espacio de encuentro ciudadano en torno a los libros, la creatividad y la cultura compartida. Desde primera hora de la ma\u00f1ana, la feria registr\u00f3 una amplia afluencia de p\u00fablico de todas las edades, consolidando esta cita como uno de los eventos culturales m\u00e1s participativos del municipio.<\/p>\n\n\n\n<p>La jornada arranc\u00f3 con la apertura de los stands, en los que participaron librer\u00edas y colectivos culturales como Librer\u00eda Do\u00f1a Leo \u2014con la presencia del escritor <strong>M\u00e1ximo Huerta<\/strong>, que firm\u00f3 ejemplares de sus obras\u2014, la Biblioteca Municipal, Papeler\u00eda Oasis, Paspart\u00fa, asociaciones de escritores, colectivos comarcales y autores y autoras locales, reforzando el tejido cultural y creativo del municipio.<\/p>\n\n\n\n<p>De manera simult\u00e1nea, se desarrollaron <strong>talleres participativos dirigidos a todos los p\u00fablicos<\/strong>, entre ellos un taller de poes\u00eda con micro abierto impulsado por el Club de Lectura, actividades de escritura creativa a cargo del CFPA, talleres organizados por la Biblioteca Municipal y la propuesta <em>Jugando con el lenguaje<\/em>, conducida por <strong>David Vid<\/strong>, que invit\u00f3 a explorar la palabra desde el juego y la imaginaci\u00f3n.<\/p>\n\n\n\n<p>Tambi\u00e9n se present\u00f3 el programa <strong>\u201cBienvenidos a la Lectura\u201d<\/strong>, mediante el cual los ni\u00f1os y ni\u00f1as nacidos en 2025 recibieron su <strong>primer libro<\/strong> y se les dio de alta con su <strong>primer carn\u00e9 de la Biblioteca Municipal<\/strong>, recuperando una iniciativa simb\u00f3lica con la que el Ayuntamiento refuerza su apuesta por el fomento lector desde la infancia.<\/p>\n\n\n\n<p>El programa continu\u00f3 con actividades familiares, destacando el espect\u00e1culo teatral <strong>\u201cDivers\u00eda\u201d<\/strong>, de la compa\u00f1\u00eda chestana <strong>Far\u00e1ndula Teatro<\/strong>, que combin\u00f3 teatro y poes\u00eda, y el cierre a cargo de <strong>Los Titiriteros de Bin\u00e9far<\/strong> con su espect\u00e1culo <em>En la boca del lobo<\/em>, una propuesta de t\u00edteres, m\u00fasica y tradici\u00f3n oral que llen\u00f3 la plaza de humor, imaginaci\u00f3n y participaci\u00f3n.<\/p>\n\n\n\n<p><strong>Una semana dedicada al libro y la cultura<\/strong><\/p>\n\n\n\n<p>La concejala de Cultura del Ayuntamiento de Cheste, <strong>M\u00aa \u00c1ngeles Llorente<\/strong>, ha hecho un balance muy positivo de la feria, destacando el car\u00e1cter participativo y comunitario del evento. \u201cLa plaza se ha llenado de libros, de historias y, sobre todo, de personas que creen en el enorme valor de la cultura como herramienta de crecimiento colectivo\u201d, ha se\u00f1alado.<\/p>\n\n\n\n<p>Llorente ha agradecido la implicaci\u00f3n de librer\u00edas, asociaciones, autores y autoras, as\u00ed como la respuesta de la ciudadan\u00eda, subrayando que \u201cCheste Lee es un espacio de encuentro donde la cultura se comparte y se vive en comunidad\u201d. Adem\u00e1s, ha resaltado la importancia de iniciativas como <em>Bienvenidos a la Lectura<\/em>, con las que \u201cse siembra el amor por los libros desde edades muy tempranas\u201d. \u201cLa Feria del Libro refleja el compromiso de Cheste con la lectura, la educaci\u00f3n y la cultura como pilares fundamentales de nuestra sociedad\u201d, concluy\u00f3.<\/p>\n\n\n\n<p>Durante toda la semana, <strong>Cheste Lee<\/strong> ha desarrollado una programaci\u00f3n diversa que ha incluido talleres de animaci\u00f3n lectora en centros educativos, presentaciones literarias, propuestas esc\u00e9nicas vinculadas a la historia, actividades conmemorativas del D\u00eda del Libro y una jornada que fusion\u00f3 m\u00fasica y literatura en el Teatro Liceo. Un conjunto de acciones pensadas para que la lectura saliera a la calle y llegara a todos los p\u00fablicos.<\/p>\n\n\n\n<figure class=\"wp-block-gallery has-nested-images columns-2 is-cropped wp-block-gallery-1 is-layout-flex wp-block-gallery-is-layout-flex\">\n<figure class=\"wp-block-image size-large\"><img loading=\"lazy\" decoding=\"async\" width=\"945\" height=\"630\" data-id=\"300178\" src=\"https:\/\/www.tucomarca.com\/wordpress\/segunda\/wp-content\/uploads\/2026\/04\/cheste_lee_domingo_01.jpg\" alt=\"\" class=\"wp-image-300178\" srcset=\"https:\/\/www.tucomarca.com\/wordpress\/segunda\/wp-content\/uploads\/2026\/04\/cheste_lee_domingo_01.jpg 945w, https:\/\/www.tucomarca.com\/wordpress\/segunda\/wp-content\/uploads\/2026\/04\/cheste_lee_domingo_01-300x200.jpg 300w, https:\/\/www.tucomarca.com\/wordpress\/segunda\/wp-content\/uploads\/2026\/04\/cheste_lee_domingo_01-768x512.jpg 768w\" sizes=\"auto, (max-width: 945px) 100vw, 945px\" \/><\/figure>\n\n\n\n<figure class=\"wp-block-image size-large\"><img loading=\"lazy\" decoding=\"async\" width=\"945\" height=\"630\" data-id=\"300180\" src=\"https:\/\/www.tucomarca.com\/wordpress\/segunda\/wp-content\/uploads\/2026\/04\/cheste_lee_domingo_02.jpg\" alt=\"\" class=\"wp-image-300180\" srcset=\"https:\/\/www.tucomarca.com\/wordpress\/segunda\/wp-content\/uploads\/2026\/04\/cheste_lee_domingo_02.jpg 945w, https:\/\/www.tucomarca.com\/wordpress\/segunda\/wp-content\/uploads\/2026\/04\/cheste_lee_domingo_02-300x200.jpg 300w, https:\/\/www.tucomarca.com\/wordpress\/segunda\/wp-content\/uploads\/2026\/04\/cheste_lee_domingo_02-768x512.jpg 768w\" sizes=\"auto, (max-width: 945px) 100vw, 945px\" \/><\/figure>\n\n\n\n<figure class=\"wp-block-image size-large\"><img loading=\"lazy\" decoding=\"async\" width=\"945\" height=\"630\" data-id=\"300182\" src=\"https:\/\/www.tucomarca.com\/wordpress\/segunda\/wp-content\/uploads\/2026\/04\/cheste_lee_domingo_03.jpg\" alt=\"\" class=\"wp-image-300182\" srcset=\"https:\/\/www.tucomarca.com\/wordpress\/segunda\/wp-content\/uploads\/2026\/04\/cheste_lee_domingo_03.jpg 945w, https:\/\/www.tucomarca.com\/wordpress\/segunda\/wp-content\/uploads\/2026\/04\/cheste_lee_domingo_03-300x200.jpg 300w, https:\/\/www.tucomarca.com\/wordpress\/segunda\/wp-content\/uploads\/2026\/04\/cheste_lee_domingo_03-768x512.jpg 768w\" sizes=\"auto, (max-width: 945px) 100vw, 945px\" \/><\/figure>\n\n\n\n<figure class=\"wp-block-image size-large\"><img loading=\"lazy\" decoding=\"async\" width=\"945\" height=\"630\" data-id=\"300184\" src=\"https:\/\/www.tucomarca.com\/wordpress\/segunda\/wp-content\/uploads\/2026\/04\/cheste_lee_domingo_04.jpg\" alt=\"\" class=\"wp-image-300184\" srcset=\"https:\/\/www.tucomarca.com\/wordpress\/segunda\/wp-content\/uploads\/2026\/04\/cheste_lee_domingo_04.jpg 945w, https:\/\/www.tucomarca.com\/wordpress\/segunda\/wp-content\/uploads\/2026\/04\/cheste_lee_domingo_04-300x200.jpg 300w, https:\/\/www.tucomarca.com\/wordpress\/segunda\/wp-content\/uploads\/2026\/04\/cheste_lee_domingo_04-768x512.jpg 768w\" sizes=\"auto, (max-width: 945px) 100vw, 945px\" \/><\/figure>\n\n\n\n<figure class=\"wp-block-image size-large\"><img loading=\"lazy\" decoding=\"async\" width=\"945\" height=\"630\" data-id=\"300186\" src=\"https:\/\/www.tucomarca.com\/wordpress\/segunda\/wp-content\/uploads\/2026\/04\/cheste_lee_domingo_05.jpg\" alt=\"\" class=\"wp-image-300186\" srcset=\"https:\/\/www.tucomarca.com\/wordpress\/segunda\/wp-content\/uploads\/2026\/04\/cheste_lee_domingo_05.jpg 945w, https:\/\/www.tucomarca.com\/wordpress\/segunda\/wp-content\/uploads\/2026\/04\/cheste_lee_domingo_05-300x200.jpg 300w, https:\/\/www.tucomarca.com\/wordpress\/segunda\/wp-content\/uploads\/2026\/04\/cheste_lee_domingo_05-768x512.jpg 768w\" sizes=\"auto, (max-width: 945px) 100vw, 945px\" \/><\/figure>\n\n\n\n<figure class=\"wp-block-image size-large\"><img loading=\"lazy\" decoding=\"async\" width=\"945\" height=\"630\" data-id=\"300188\" src=\"https:\/\/www.tucomarca.com\/wordpress\/segunda\/wp-content\/uploads\/2026\/04\/cheste_lee_domingo_06.jpg\" alt=\"\" class=\"wp-image-300188\" srcset=\"https:\/\/www.tucomarca.com\/wordpress\/segunda\/wp-content\/uploads\/2026\/04\/cheste_lee_domingo_06.jpg 945w, https:\/\/www.tucomarca.com\/wordpress\/segunda\/wp-content\/uploads\/2026\/04\/cheste_lee_domingo_06-300x200.jpg 300w, https:\/\/www.tucomarca.com\/wordpress\/segunda\/wp-content\/uploads\/2026\/04\/cheste_lee_domingo_06-768x512.jpg 768w\" sizes=\"auto, (max-width: 945px) 100vw, 945px\" \/><\/figure>\n\n\n\n<figure class=\"wp-block-image size-large\"><img loading=\"lazy\" decoding=\"async\" width=\"945\" height=\"630\" data-id=\"300190\" src=\"https:\/\/www.tucomarca.com\/wordpress\/segunda\/wp-content\/uploads\/2026\/04\/cheste_lee_domingo_07.jpg\" alt=\"\" class=\"wp-image-300190\" srcset=\"https:\/\/www.tucomarca.com\/wordpress\/segunda\/wp-content\/uploads\/2026\/04\/cheste_lee_domingo_07.jpg 945w, https:\/\/www.tucomarca.com\/wordpress\/segunda\/wp-content\/uploads\/2026\/04\/cheste_lee_domingo_07-300x200.jpg 300w, https:\/\/www.tucomarca.com\/wordpress\/segunda\/wp-content\/uploads\/2026\/04\/cheste_lee_domingo_07-768x512.jpg 768w\" sizes=\"auto, (max-width: 945px) 100vw, 945px\" \/><\/figure>\n\n\n\n<figure class=\"wp-block-image size-large\"><img loading=\"lazy\" decoding=\"async\" width=\"945\" height=\"532\" data-id=\"300194\" src=\"https:\/\/www.tucomarca.com\/wordpress\/segunda\/wp-content\/uploads\/2026\/04\/cheste_lee_domingo_09.jpg\" alt=\"\" class=\"wp-image-300194\" srcset=\"https:\/\/www.tucomarca.com\/wordpress\/segunda\/wp-content\/uploads\/2026\/04\/cheste_lee_domingo_09.jpg 945w, https:\/\/www.tucomarca.com\/wordpress\/segunda\/wp-content\/uploads\/2026\/04\/cheste_lee_domingo_09-300x169.jpg 300w, https:\/\/www.tucomarca.com\/wordpress\/segunda\/wp-content\/uploads\/2026\/04\/cheste_lee_domingo_09-768x432.jpg 768w, https:\/\/www.tucomarca.com\/wordpress\/segunda\/wp-content\/uploads\/2026\/04\/cheste_lee_domingo_09-678x381.jpg 678w\" sizes=\"auto, (max-width: 945px) 100vw, 945px\" \/><\/figure>\n\n\n\n<figure class=\"wp-block-image size-large\"><img loading=\"lazy\" decoding=\"async\" width=\"945\" height=\"630\" data-id=\"300196\" src=\"https:\/\/www.tucomarca.com\/wordpress\/segunda\/wp-content\/uploads\/2026\/04\/cheste_lee_domingo_10.jpg\" alt=\"\" class=\"wp-image-300196\" srcset=\"https:\/\/www.tucomarca.com\/wordpress\/segunda\/wp-content\/uploads\/2026\/04\/cheste_lee_domingo_10.jpg 945w, https:\/\/www.tucomarca.com\/wordpress\/segunda\/wp-content\/uploads\/2026\/04\/cheste_lee_domingo_10-300x200.jpg 300w, https:\/\/www.tucomarca.com\/wordpress\/segunda\/wp-content\/uploads\/2026\/04\/cheste_lee_domingo_10-768x512.jpg 768w\" sizes=\"auto, (max-width: 945px) 100vw, 945px\" \/><\/figure>\n<\/figure>\n","protected":false},"excerpt":{"rendered":"<div class=\"mh-excerpt\">Los Titiriteros de Bin\u00e9far, Far\u00e1ndula Teatro y David Vid completan la jornada final del ciclo. M\u00e1ximo Huerta firm\u00f3 ejemplares de sus obras, al igual que lo hicieron diferentes autores y autoras en las casetas de <a class=\"mh-excerpt-more\" href=\"https:\/\/www.tucomarca.com\/wordpress\/segunda\/fotogaleria-cheste-lee-congrega-a-centenares-de-personas-en-la-plaza-doctor-cajal-unidas-por-la-cultura\/\" title=\"Fotogaler\u00eda: Cheste Lee congrega a centenares de personas en la plaza Doctor Cajal unidas por la cultura\">[+] <\/a><\/div>\n","protected":false},"author":12,"featured_media":300192,"comment_status":"closed","ping_status":"open","sticky":false,"template":"","format":"gallery","meta":{"footnotes":""},"categories":[17,8,10,7,3],"tags":[339,5952],"class_list":{"0":"post-300166","1":"post","2":"type-post","3":"status-publish","4":"format-gallery","5":"has-post-thumbnail","7":"category-cheste","8":"category-la-comarca","9":"category-la-hoya","10":"category-ocio-y-cultura","11":"category-seccion","12":"tag-cheste-2","13":"tag-la-hoya-de-bunol-chiva","14":"post_format-post-format-gallery"},"_links":{"self":[{"href":"https:\/\/www.tucomarca.com\/wordpress\/segunda\/wp-json\/wp\/v2\/posts\/300166","targetHints":{"allow":["GET"]}}],"collection":[{"href":"https:\/\/www.tucomarca.com\/wordpress\/segunda\/wp-json\/wp\/v2\/posts"}],"about":[{"href":"https:\/\/www.tucomarca.com\/wordpress\/segunda\/wp-json\/wp\/v2\/types\/post"}],"author":[{"embeddable":true,"href":"https:\/\/www.tucomarca.com\/wordpress\/segunda\/wp-json\/wp\/v2\/users\/12"}],"replies":[{"embeddable":true,"href":"https:\/\/www.tucomarca.com\/wordpress\/segunda\/wp-json\/wp\/v2\/comments?post=300166"}],"version-history":[{"count":3,"href":"https:\/\/www.tucomarca.com\/wordpress\/segunda\/wp-json\/wp\/v2\/posts\/300166\/revisions"}],"predecessor-version":[{"id":300311,"href":"https:\/\/www.tucomarca.com\/wordpress\/segunda\/wp-json\/wp\/v2\/posts\/300166\/revisions\/300311"}],"wp:featuredmedia":[{"embeddable":true,"href":"https:\/\/www.tucomarca.com\/wordpress\/segunda\/wp-json\/wp\/v2\/media\/300192"}],"wp:attachment":[{"href":"https:\/\/www.tucomarca.com\/wordpress\/segunda\/wp-json\/wp\/v2\/media?parent=300166"}],"wp:term":[{"taxonomy":"category","embeddable":true,"href":"https:\/\/www.tucomarca.com\/wordpress\/segunda\/wp-json\/wp\/v2\/categories?post=300166"},{"taxonomy":"post_tag","embeddable":true,"href":"https:\/\/www.tucomarca.com\/wordpress\/segunda\/wp-json\/wp\/v2\/tags?post=300166"}],"curies":[{"name":"wp","href":"https:\/\/api.w.org\/{rel}","templated":true}]}}