{"id":300233,"date":"2026-04-28T10:30:00","date_gmt":"2026-04-28T08:30:00","guid":{"rendered":"https:\/\/www.tucomarca.com\/wordpress\/segunda\/?p=300233"},"modified":"2026-04-28T20:51:45","modified_gmt":"2026-04-28T18:51:45","slug":"la-diputacio-invierte-50-millones-en-las-comarcas-y-en-ayudas-a-entes-sociales-empresariales-educativos-y-culturales","status":"publish","type":"post","link":"https:\/\/www.tucomarca.com\/wordpress\/segunda\/la-diputacio-invierte-50-millones-en-las-comarcas-y-en-ayudas-a-entes-sociales-empresariales-educativos-y-culturales\/","title":{"rendered":"La Diputaci\u00f3 invierte 50 millones en las comarcas y en ayudas a entes sociales, empresariales, educativos y culturales"},"content":{"rendered":"\n<h3 class=\"wp-block-heading\">El pleno da luz verde a 66 subvenciones para municipios, mancomunidades y la promoci\u00f3n econ\u00f3mica y sociocultural de la provincia a trav\u00e9s de asociaciones y federaciones que desarrollan sus proyectos en las comarcas.<\/h3>\n\n\n\n<h3 class=\"wp-block-heading\">El presidente Momp\u00f3 y la vicepresidenta Enguix destacan \u201cel esfuerzo inversor en el territorio, pese a no tener presupuesto, y la respuesta a las necesidades que nos transmiten los pueblos y las personas que los habitan\u201d.<\/h3>\n\n\n\n<h3 class=\"wp-block-heading\">Entre las ayudas aprobadas destacan 10 millones para el Pla Obert en grandes ciudades, un proyecto de educadores ambientales y la ampliaci\u00f3n de cr\u00e9dito para el bono comercio, carreteras y el Plan de Trinquetes.<\/h3>\n\n\n\n<p>La Diputaci\u00f3 de Val\u00e8ncia ha aprobado este martes nuevas inversiones en las comarcas valencianas por cerca de 50 millones de euros. En un pleno de r\u00e9cord con 118 puntos en el orden del d\u00eda, la corporaci\u00f3n da luz verde a 66 subvenciones que tienen como beneficiarios a los ayuntamientos, las mancomunidades y colectivos que trabajan la proyecci\u00f3n econ\u00f3mica, la inclusi\u00f3n social y la promoci\u00f3n cultural en el \u00e1mbito comarcal. \u201cEstamos demostrando que, pese a tener un presupuesto prorrogado, esta Diputaci\u00f3n est\u00e1 cada vez m\u00e1s cerca de los pueblos y las personas que los habitan, aportando tanto recursos econ\u00f3micos como asistencia t\u00e9cnica y atenci\u00f3n personal\u201d, ha se\u00f1alado el presidente, Vicent Momp\u00f3.<\/p>\n\n\n\n<p>En la misma l\u00ednea se ha expresado la vicepresidenta primera, Nat\u00e0lia Enguix, quien ha destacado \u201cel esfuerzo inversor que estamos realizando a trav\u00e9s de suplementos de cr\u00e9dito y la utilizaci\u00f3n de remanentes que nos permiten responder a las necesidades de los municipios con eficacia y destinar hasta el \u00faltimo c\u00e9ntimo a iniciativas y proyectos que mejoren la vida en nuestras comarcas\u201d. Enguix es la coordinadora del programa Bono Comercio 2026, que con 10,5 millones de euros duplica los fondos de la anterior campa\u00f1a para extender la iniciativa a todo el territorio valenciano y su comercio de proximidad. La vicepresidenta tambi\u00e9n es responsable de un Pla Obert que dispondr\u00e1 de 10 millones de euros para los grandes municipios de la provincia, al margen de los 350 millones asignados al resto de pueblos.<\/p>\n\n\n\n<p>Estas partidas son las m\u00e1s importantes en el nuevo listado de ayudas junto a las ampliaciones de cr\u00e9dito para carreteras y caminos (8.776.000 euros); el potente cat\u00e1logo de servicios digitales que la Diputaci\u00f3n presta a los ayuntamientos (3.150.000 euros); y el Plan de Trinquetes, que contar\u00e1 con una ampliaci\u00f3n de cr\u00e9dito de cuatro millones de euros, as\u00ed como inversiones futuras para reparar los trinquetes de Bonrep\u00f3s i Mirambell, Bicorp y la calle de la Galotxa de Beniparrell, y construir el nuevo trinquet de Picanya.<\/p>\n\n\n\n<p><strong>Responsabilidad vs anomal\u00eda<\/strong><\/p>\n\n\n\n<p>En referencia a la falta de un presupuesto para el presente ejercicio, motivo por el cual se cargan los plenos con subvenciones que deber\u00edan formar parte de las cuentas anuales, Vicent Momp\u00f3 ha considerado que el problema \u201cno est\u00e1 en la capacidad econ\u00f3mica de la Diputaci\u00f3n sino en la voluntad pol\u00edtica de alcanzar acuerdos por parte de los grupos que la conformamos\u201d. El presidente acepta el reto de \u201cnegociar entre todas y todos un presupuesto del que formen parte estas ayudas y otras que puedan plantearse, incluida la ampliaci\u00f3n del Fondo de Cooperaci\u00f3n hasta los 80 millones que hemos destinado en los \u00faltimos a\u00f1os\u201d. \u201cNo pienso igual que Vox, ni que el PSOE, ni a veces que mis compa\u00f1eros de partido, pero siempre hay que estar dispuesto a dialogar por el inter\u00e9s general\u201d, ha concluido Momp\u00f3.<\/p>\n\n\n\n<p>Por su parte, la vicepresidenta Nat\u00e0lia Enguix ha afirmado que llevar como nominativas las ayudas de Memoria Democr\u00e1tica e Igualdad \u201ces una anomal\u00eda que no debemos normalizar porque lo hagan otras instituciones\u201d. El portavoz socialista, Carlos Fern\u00e1ndez Bielsa, ha derivado esa responsabilidad al equipo de gobierno provincial, \u201cincapaz de tener un presupuesto\u201d, a lo que Enguix ha respondido que las ayudas se llevan en este formato al pleno \u201cprecisamente por responsabilidad pol\u00edtica, para que puedan llegar a sus beneficiarios\u201d.<\/p>\n\n\n\n<p>La diputada de Hacienda, Laura S\u00e1ez, ha expuesto algunas de las modificaciones presupuestarias abordadas en el pleno, muchas de ellas aprobadas por unanimidad. Entre ellas, habr\u00e1 ampliaci\u00f3n para los programas de inclusi\u00f3n social que ponen en marcha ayuntamientos y mancomunidades (642.000 euros); y para las mejoras en cuarteles de la Guardia Civil de 19 municipios (618.000 euros), con actuaciones que van desde el vallado y saneamiento del acceso en Alginet hasta la adecuaci\u00f3n de las oficinas y los calabozos en Chiva o la oficina de violencia de g\u00e9nero en Carcaixent.&nbsp;<\/p>\n\n\n\n<p>Otras subvenciones que tienen continuidad respecto a ejercicios anteriores son las de recuperaci\u00f3n de patrimonio memorialista (730.000 euros) y la Red de Municipios contra la Violencia de G\u00e9nero del \u00e1rea de Igualdad (600.000 euros), ambas dirigidas a consistorios.<\/p>\n\n\n\n<p>De urgencia han entrado en el pleno otras subvenciones como el 1.200.000 euros para compensar a Quart de Poblet tras el error cometido en la asignaci\u00f3n de ayudas de la Fundaci\u00f3n Amancio Ortega a municipios afectados por la dana; y la dotaci\u00f3n anual para el Plan de Dinamizaci\u00f3n Tur\u00edstica que concede 100.000 euros a Gandia y Cullera y 50.000 a Sagunt.<\/p>\n\n\n\n<p><strong>Proyectos destacados en municipios<\/strong><\/p>\n\n\n\n<p>Entre los proyectos subvencionados en los municipios se incluye la rehabilitaci\u00f3n de la Cooperativa San Juan Bautista de Benicolet (1.100.000 euros); la adecuaci\u00f3n del edificio que acoger\u00e1 el Centro de Innovaci\u00f3n Territorial de Venta del Moro (100.000 euros); el plan de rehabilitaci\u00f3n del barrio del Poble Nou de Ontinyent (700.000 euros); la financiaci\u00f3n para el transporte urbano gratuito en Bu\u00f1ol (350.000 euros); la reforma del edificio protegido que albergar\u00e1 el ayuntamiento de Beniatjar (410.000 euros); acciones de promoci\u00f3n industrial en Vallada (20.000 euros); y actuaciones y promoci\u00f3n de los yacimientos de Riba-roja, Olocau y Moixent, por un importe global de 120.000 euros.<\/p>\n\n\n\n<p>Cabe destacar igualmente el proyecto de educadores ambientales que se pondr\u00e1 en marcha a trav\u00e9s de las mancomunidades de la provincia, con una dotaci\u00f3n presupuestaria de 1.120.000 euros, que tendr\u00e1 un impacto directo en los municipios de todas las comarcas.<\/p>\n\n\n\n<p><strong>Promoci\u00f3n econ\u00f3mica<\/strong><\/p>\n\n\n\n<p>La diputada Laura S\u00e1ez ha puesto en valor los nuevos cr\u00e9ditos en el \u00e1mbito de la promoci\u00f3n econ\u00f3mica de la provincia. La principal partida es para extender a todos los municipios la campa\u00f1a Bono Comercio, con la que se espera un retorno superior a los 20 millones de euros. Esta l\u00ednea se complementa con otras ayudas para la Confederaci\u00f3n Empresarial Valenciana; la C\u00e1mara de Comercio y su programa \u2018Go Digital Comarcas\u2019; la Asociaci\u00f3n de J\u00f3venes Empresarios de Valencia; asociaciones de trabajadores aut\u00f3nomos y sus iniciativas de autoempleo; la dinamizaci\u00f3n del talento vitivin\u00edcola en centros educativos a trav\u00e9s del Centro Regulador DO Utiel-Requena; el Gremio de Panaderos y Pasteleros de Valencia; y los programas de gesti\u00f3n del talento de la Universitat de Val\u00e8ncia, la Universidad Polit\u00e9cnica y la Fundaci\u00f3n Comunitat Valenciana Regi\u00f3n Europea.<\/p>\n\n\n\n<p>Adem\u00e1s, encontramos la ayuda de 110.000 euros para las actividades de formaci\u00f3n y promoci\u00f3n del sector agrario a trav\u00e9s de AVA-ASAJA; la promoci\u00f3n de productos agroalimentarios valencianos a trav\u00e9s de la Red Valenciana de Desarrollo Rural (100.000 euros); la ayuda para la Fundaci\u00f3n El Olmo, que coordina los trabajos en el Centro de Interpretaci\u00f3n Tur\u00edstica de Aras de los Olmos; y el respaldo al proyecto \u2018Sabors de dona. El rebost rural de Val\u00e8ncia\u2019 de la Asociaci\u00f3n de Familias y Mujeres del Medio Rural.&nbsp;<\/p>\n\n\n\n<p><strong>Bienestar social, cultura y deporte<\/strong><\/p>\n\n\n\n<p>En materia de Bienestar social, adem\u00e1s de los planes de inclusi\u00f3n municipales se incorporan ayudas directas para la Asociaci\u00f3n de Amas de Casa Tyrius y su acci\u00f3n en el territorio; la asociaci\u00f3n Villa Teresita y su atenci\u00f3n a mujeres v\u00edctimas de trata; el Centro de Acogida San Francisco de As\u00eds; el proyecto \u2018La caja de los recuerdos\u2019 de la Federaci\u00f3n de asociaciones de familiares de Alzh\u00e9imer; Mensajeros de la Paz; la Fundaci\u00f3n Arzobispo Miguel Roca y el Proyecto Hombre; la Asociaci\u00f3n de Personas Sordociegas; y la emergencia habitacional a la que da respuesta Sant Joan de D\u00e9u. Tambi\u00e9n se volver\u00e1 a convocar el Premio al mejor M\u00e9dico Rural de la provincia, con una dotaci\u00f3n de 9.000 euros.<\/p>\n\n\n\n<p>En cuanto a Cultura, se han aprobado 637.000 euros de gasto corriente para el Teatro Escalante, que se encuentra en proceso de habilitaci\u00f3n de su nueva sede. Adem\u00e1s, el anexo de inversiones incluye ayudas para la Real Academia de Bellas Artes San Carlos; la Fundaci\u00f3n Valencia Escena Erasmus; el Tribunal de las Aguas; el Gremio de Libreros; la Sociedad Filarm\u00f3nica de Valencia; los premios Brines y la Fundaci\u00f3n Bancaja. Y en Deportes, destacan los cuatro millones con los que se ampl\u00eda el Plan de Trinquetes y la ayuda para la construcci\u00f3n del carril ciclopeatonal entre Sueca y Fortaleny.<\/p>\n\n\n\n<p>Otras ayudas aprobadas este martes en la sesi\u00f3n plenaria han sido los 30.000 euros para el Colegio de Farmac\u00e9uticos, destinados a compensar las p\u00e9rdidas de las farmacias del entorno rural; otros 50.000 euros para la Federaci\u00f3n de Tiro y Arrastre; los 100.000 euros para controlar las poblaciones de palomas y su salubridad a trav\u00e9s de la Federaci\u00f3n de Colombicultura; y los 25.000 euros para el proyecto Digital Summit Comarcas de la Asociaci\u00f3n Valenciana de Startups.<\/p>\n","protected":false},"excerpt":{"rendered":"<div class=\"mh-excerpt\">El pleno da luz verde a 66 subvenciones para municipios, mancomunidades y la promoci\u00f3n econ\u00f3mica y sociocultural de la provincia a trav\u00e9s de asociaciones y federaciones que desarrollan sus proyectos en las comarcas. El presidente <a class=\"mh-excerpt-more\" href=\"https:\/\/www.tucomarca.com\/wordpress\/segunda\/la-diputacio-invierte-50-millones-en-las-comarcas-y-en-ayudas-a-entes-sociales-empresariales-educativos-y-culturales\/\" title=\"La Diputaci\u00f3 invierte 50 millones en las comarcas y en ayudas a entes sociales, empresariales, educativos y culturales\">[+] <\/a><\/div>\n","protected":false},"author":12,"featured_media":300241,"comment_status":"closed","ping_status":"open","sticky":false,"template":"","format":"standard","meta":{"footnotes":""},"categories":[101,18,46,16,128,8,72,10,59,117,181,142,28,27,182,3,45],"tags":[3677,18106],"class_list":{"0":"post-300233","1":"post","2":"type-post","3":"status-publish","4":"format-standard","5":"has-post-thumbnail","7":"category-aras-de-olmos","8":"category-bunol","9":"category-camp-de-turia","10":"category-chiva","11":"category-infraestructuras","12":"category-la-comarca","13":"category-sin-categorizar","14":"category-la-hoya","15":"category-los-serranos","16":"category-medio-ambiente-la-comarca","17":"category-olocau","18":"category-politica-la-comarca","19":"category-requena","20":"category-requena-utiel","21":"category-riba-roja","22":"category-seccion","23":"category-ventana","24":"tag-diputacio-de-valencia","25":"tag-subvenciones-y-ayudas"},"_links":{"self":[{"href":"https:\/\/www.tucomarca.com\/wordpress\/segunda\/wp-json\/wp\/v2\/posts\/300233","targetHints":{"allow":["GET"]}}],"collection":[{"href":"https:\/\/www.tucomarca.com\/wordpress\/segunda\/wp-json\/wp\/v2\/posts"}],"about":[{"href":"https:\/\/www.tucomarca.com\/wordpress\/segunda\/wp-json\/wp\/v2\/types\/post"}],"author":[{"embeddable":true,"href":"https:\/\/www.tucomarca.com\/wordpress\/segunda\/wp-json\/wp\/v2\/users\/12"}],"replies":[{"embeddable":true,"href":"https:\/\/www.tucomarca.com\/wordpress\/segunda\/wp-json\/wp\/v2\/comments?post=300233"}],"version-history":[{"count":2,"href":"https:\/\/www.tucomarca.com\/wordpress\/segunda\/wp-json\/wp\/v2\/posts\/300233\/revisions"}],"predecessor-version":[{"id":300306,"href":"https:\/\/www.tucomarca.com\/wordpress\/segunda\/wp-json\/wp\/v2\/posts\/300233\/revisions\/300306"}],"wp:featuredmedia":[{"embeddable":true,"href":"https:\/\/www.tucomarca.com\/wordpress\/segunda\/wp-json\/wp\/v2\/media\/300241"}],"wp:attachment":[{"href":"https:\/\/www.tucomarca.com\/wordpress\/segunda\/wp-json\/wp\/v2\/media?parent=300233"}],"wp:term":[{"taxonomy":"category","embeddable":true,"href":"https:\/\/www.tucomarca.com\/wordpress\/segunda\/wp-json\/wp\/v2\/categories?post=300233"},{"taxonomy":"post_tag","embeddable":true,"href":"https:\/\/www.tucomarca.com\/wordpress\/segunda\/wp-json\/wp\/v2\/tags?post=300233"}],"curies":[{"name":"wp","href":"https:\/\/api.w.org\/{rel}","templated":true}]}}