{"id":300265,"date":"2026-04-28T11:10:00","date_gmt":"2026-04-28T09:10:00","guid":{"rendered":"https:\/\/www.tucomarca.com\/wordpress\/segunda\/?p=300265"},"modified":"2026-04-28T21:06:21","modified_gmt":"2026-04-28T19:06:21","slug":"el-ayuntamiento-de-cheste-finaliza-las-obras-de-mejora-en-sus-poligonos-con-una-inversion-superior-a-625-000-euros","status":"publish","type":"post","link":"https:\/\/www.tucomarca.com\/wordpress\/segunda\/el-ayuntamiento-de-cheste-finaliza-las-obras-de-mejora-en-sus-poligonos-con-una-inversion-superior-a-625-000-euros\/","title":{"rendered":"El Ayuntamiento de Cheste finaliza las obras de mejora en sus pol\u00edgonos con una inversi\u00f3n superior a 625.000 euros"},"content":{"rendered":"\n<p>El Ayuntamiento de Cheste ha finalizado las obras de mejora, modernizaci\u00f3n y dotaci\u00f3n de infraestructuras en los diferentes pol\u00edgonos industriales de la localidad \u2014Pino Blay, Castilla y Tabach\u2014, una actuaci\u00f3n orientada a mejorar el mantenimiento, la seguridad y la sostenibilidad de las \u00e1reas industriales del municipio.<\/p>\n\n\n\n<p>La inversi\u00f3n global destinada a estas actuaciones supera los&nbsp;<strong>625.000 euros<\/strong>, financiados al 80% con subvenciones del Instituto Valenciano de Competitividad Empresarial (IVACE) para el ejercicio 2025-2026, y ejecutadas por la empresa adjudicataria Rebogar Obras y Servicios S.L.<\/p>\n\n\n\n<p>En el&nbsp;<strong>Pol\u00edgono Industrial Pino Blay<\/strong>, los trabajos han contado con una inversi\u00f3n de m\u00e1s de&nbsp;<strong>182.000 euros<\/strong>, centrados en la mejora de la seguridad, la movilidad y la imagen del \u00e1rea industrial. Las actuaciones han incluido la instalaci\u00f3n de un sistema de videovigilancia conectado con la Polic\u00eda Local mediante fibra \u00f3ptica, la creaci\u00f3n de un punto de recarga para veh\u00edculos el\u00e9ctricos, la renovaci\u00f3n del cuadro de alumbrado p\u00fablico, mejoras paisaj\u00edsticas en las rotondas, la actualizaci\u00f3n de la se\u00f1alizaci\u00f3n vial y la mejora del sistema de saneamiento de aguas pluviales.<\/p>\n\n\n\n<p>Por su parte, en el&nbsp;<strong>Pol\u00edgono Industrial Castilla<\/strong>, el Ayuntamiento ha invertido&nbsp;<strong>m\u00e1s de 253.000 euros<\/strong>&nbsp;en una actuaci\u00f3n integral que ha permitido reparar da\u00f1os causados por la DANA y reforzar la seguridad y la prevenci\u00f3n. Entre las mejoras realizadas destacan la instalaci\u00f3n de c\u00e1maras de videovigilancia, seis nuevos hidrantes contra incendios, el reasfaltado de un tramo del vial 2 y la renovaci\u00f3n de la se\u00f1alizaci\u00f3n horizontal y vertical en todo el pol\u00edgono.<\/p>\n\n\n\n<p>En cuanto al&nbsp;<strong>Pol\u00edgono de Ampliaci\u00f3n Castilla (Tabach)<\/strong>, la inversi\u00f3n ha superado los&nbsp;<strong>190.000 euros<\/strong>, destinada a actuaciones de modernizaci\u00f3n y mejora de los servicios. Los trabajos han incluido la instalaci\u00f3n de sistemas de videovigilancia, la renovaci\u00f3n del alumbrado p\u00fablico para mejorar la eficiencia energ\u00e9tica, el reasfaltado de la v\u00eda principal, la mejora de las zonas verdes con sistemas de riego por goteo, la renovaci\u00f3n de la se\u00f1alizaci\u00f3n viaria y la implantaci\u00f3n de un sistema de sectorizaci\u00f3n en la red de agua potable para un uso m\u00e1s eficiente del recurso.<\/p>\n\n\n\n<p>El alcalde de Cheste,&nbsp;<strong>Jos\u00e9 Morell<\/strong>, ha valorado muy positivamente la finalizaci\u00f3n de estas actuaciones, destacando que \u00abdesde el Gobierno municipal seguimos apostando de forma decidida por la mejora continua de nuestras \u00e1reas industriales, que son un pilar fundamental del desarrollo econ\u00f3mico y la generaci\u00f3n de empleo en Cheste\u00bb. Para Morell estas inversiones \u00abno solo suponen una mejora de infraestructuras, sino una apuesta clara por la seguridad, la sostenibilidad y la competitividad de nuestro tejido empresarial\u00bb.<\/p>\n\n\n\n<p>Con la finalizaci\u00f3n de estas obras, el Ayuntamiento de Cheste reafirma su compromiso con el desarrollo de sus pol\u00edgonos industriales, consolid\u00e1ndolos como espacios atractivos, seguros y preparados para afrontar los retos presentes y futuros de la actividad econ\u00f3mica.<\/p>\n\n\n\n<figure class=\"wp-block-image size-large\"><img loading=\"lazy\" decoding=\"async\" width=\"1024\" height=\"768\" src=\"https:\/\/www.tucomarca.com\/wordpress\/segunda\/wp-content\/uploads\/2026\/04\/ChestePoligonoIndustrial2-1024x768.jpg\" alt=\"\" class=\"wp-image-300270\" srcset=\"https:\/\/www.tucomarca.com\/wordpress\/segunda\/wp-content\/uploads\/2026\/04\/ChestePoligonoIndustrial2-1024x768.jpg 1024w, https:\/\/www.tucomarca.com\/wordpress\/segunda\/wp-content\/uploads\/2026\/04\/ChestePoligonoIndustrial2-300x225.jpg 300w, https:\/\/www.tucomarca.com\/wordpress\/segunda\/wp-content\/uploads\/2026\/04\/ChestePoligonoIndustrial2-768x576.jpg 768w, https:\/\/www.tucomarca.com\/wordpress\/segunda\/wp-content\/uploads\/2026\/04\/ChestePoligonoIndustrial2-678x509.jpg 678w, https:\/\/www.tucomarca.com\/wordpress\/segunda\/wp-content\/uploads\/2026\/04\/ChestePoligonoIndustrial2-326x245.jpg 326w, https:\/\/www.tucomarca.com\/wordpress\/segunda\/wp-content\/uploads\/2026\/04\/ChestePoligonoIndustrial2-80x60.jpg 80w, https:\/\/www.tucomarca.com\/wordpress\/segunda\/wp-content\/uploads\/2026\/04\/ChestePoligonoIndustrial2.jpg 1319w\" sizes=\"auto, (max-width: 1024px) 100vw, 1024px\" \/><\/figure>\n\n\n\n<p><\/p>\n","protected":false},"excerpt":{"rendered":"<div class=\"mh-excerpt\">El Ayuntamiento de Cheste ha finalizado las obras de mejora, modernizaci\u00f3n y dotaci\u00f3n de infraestructuras en los diferentes pol\u00edgonos industriales de la localidad \u2014Pino Blay, Castilla y Tabach\u2014, una actuaci\u00f3n orientada a mejorar el mantenimiento, <a class=\"mh-excerpt-more\" href=\"https:\/\/www.tucomarca.com\/wordpress\/segunda\/el-ayuntamiento-de-cheste-finaliza-las-obras-de-mejora-en-sus-poligonos-con-una-inversion-superior-a-625-000-euros\/\" title=\"El Ayuntamiento de Cheste finaliza las obras de mejora en sus pol\u00edgonos con una inversi\u00f3n superior a 625.000 euros\">[+] <\/a><\/div>\n","protected":false},"author":1,"featured_media":300268,"comment_status":"closed","ping_status":"open","sticky":false,"template":"","format":"standard","meta":{"footnotes":""},"categories":[17,128,8,72,10,117,142,3,45],"tags":[339,5952,2289],"class_list":{"0":"post-300265","1":"post","2":"type-post","3":"status-publish","4":"format-standard","5":"has-post-thumbnail","7":"category-cheste","8":"category-infraestructuras","9":"category-la-comarca","10":"category-sin-categorizar","11":"category-la-hoya","12":"category-medio-ambiente-la-comarca","13":"category-politica-la-comarca","14":"category-seccion","15":"category-ventana","16":"tag-cheste-2","17":"tag-la-hoya-de-bunol-chiva","18":"tag-poligono-industrial"},"_links":{"self":[{"href":"https:\/\/www.tucomarca.com\/wordpress\/segunda\/wp-json\/wp\/v2\/posts\/300265","targetHints":{"allow":["GET"]}}],"collection":[{"href":"https:\/\/www.tucomarca.com\/wordpress\/segunda\/wp-json\/wp\/v2\/posts"}],"about":[{"href":"https:\/\/www.tucomarca.com\/wordpress\/segunda\/wp-json\/wp\/v2\/types\/post"}],"author":[{"embeddable":true,"href":"https:\/\/www.tucomarca.com\/wordpress\/segunda\/wp-json\/wp\/v2\/users\/1"}],"replies":[{"embeddable":true,"href":"https:\/\/www.tucomarca.com\/wordpress\/segunda\/wp-json\/wp\/v2\/comments?post=300265"}],"version-history":[{"count":2,"href":"https:\/\/www.tucomarca.com\/wordpress\/segunda\/wp-json\/wp\/v2\/posts\/300265\/revisions"}],"predecessor-version":[{"id":300313,"href":"https:\/\/www.tucomarca.com\/wordpress\/segunda\/wp-json\/wp\/v2\/posts\/300265\/revisions\/300313"}],"wp:featuredmedia":[{"embeddable":true,"href":"https:\/\/www.tucomarca.com\/wordpress\/segunda\/wp-json\/wp\/v2\/media\/300268"}],"wp:attachment":[{"href":"https:\/\/www.tucomarca.com\/wordpress\/segunda\/wp-json\/wp\/v2\/media?parent=300265"}],"wp:term":[{"taxonomy":"category","embeddable":true,"href":"https:\/\/www.tucomarca.com\/wordpress\/segunda\/wp-json\/wp\/v2\/categories?post=300265"},{"taxonomy":"post_tag","embeddable":true,"href":"https:\/\/www.tucomarca.com\/wordpress\/segunda\/wp-json\/wp\/v2\/tags?post=300265"}],"curies":[{"name":"wp","href":"https:\/\/api.w.org\/{rel}","templated":true}]}}