{"id":300266,"date":"2026-04-28T10:00:00","date_gmt":"2026-04-28T08:00:00","guid":{"rendered":"https:\/\/www.tucomarca.com\/wordpress\/segunda\/?p=300266"},"modified":"2026-04-28T20:19:49","modified_gmt":"2026-04-28T18:19:49","slug":"vuelve-este-jueves-a-bunol-el-ciclo-vivir-de-cine","status":"publish","type":"post","link":"https:\/\/www.tucomarca.com\/wordpress\/segunda\/vuelve-este-jueves-a-bunol-el-ciclo-vivir-de-cine\/","title":{"rendered":"Vuelve este jueves a Bu\u00f1ol el ciclo \u00abVivir de Cine\u00bb"},"content":{"rendered":"\n<p>Esta semana llega una nueva edici\u00f3n de \u201cVivir de Cine\u201d, el veterano ciclo cinematogr\u00e1fico que se desarrollar\u00e1 del 30 de abril al 11 de junio con una programaci\u00f3n dedicada al s\u00e9ptimo arte.<\/p>\n\n\n\n<p>La inauguraci\u00f3n tendr\u00e1 lugar el jueves 30 de abril a las 19,30 horas en el Palacio de la M\u00fasica, con la participaci\u00f3n de Rafa Alarc\u00f3n y Marta Chiner tras la presentaci\u00f3n se proyectar\u00e1 <strong>\u201cAmarga Navidad\u201d<\/strong>, de Pedro Almod\u00f3var.<\/p>\n\n\n\n<p>Un ciclo que vuelve a situar el cine como protagonista de la programaci\u00f3n cultural del municipio y en el que este a\u00f1o se conmemora el que hubiera sido el 100 cumplea\u00f1os de Marilyn Monroe, una de las figuras m\u00e1s ic\u00f3nicas del cine y de la cultura popular del S. XX.\u00a0El precio en taquilla es de 4\u20ac.<\/p>\n","protected":false},"excerpt":{"rendered":"<div class=\"mh-excerpt\">Esta semana llega una nueva edici\u00f3n de \u201cVivir de Cine\u201d, el veterano ciclo cinematogr\u00e1fico que se desarrollar\u00e1 del 30 de abril al 11 de junio con una programaci\u00f3n dedicada al s\u00e9ptimo arte. La inauguraci\u00f3n tendr\u00e1 <a class=\"mh-excerpt-more\" href=\"https:\/\/www.tucomarca.com\/wordpress\/segunda\/vuelve-este-jueves-a-bunol-el-ciclo-vivir-de-cine\/\" title=\"Vuelve este jueves a Bu\u00f1ol el ciclo \u00abVivir de Cine\u00bb\">[+] <\/a><\/div>\n","protected":false},"author":12,"featured_media":300276,"comment_status":"closed","ping_status":"open","sticky":false,"template":"","format":"standard","meta":{"footnotes":""},"categories":[4,18,8,10,7,3,45],"tags":[10385,5952,24233],"class_list":{"0":"post-300266","1":"post","2":"type-post","3":"status-publish","4":"format-standard","5":"has-post-thumbnail","7":"category-agenda","8":"category-bunol","9":"category-la-comarca","10":"category-la-hoya","11":"category-ocio-y-cultura","12":"category-seccion","13":"category-ventana","14":"tag-bunol","15":"tag-la-hoya-de-bunol-chiva","16":"tag-vivir-de-cine-2026"},"_links":{"self":[{"href":"https:\/\/www.tucomarca.com\/wordpress\/segunda\/wp-json\/wp\/v2\/posts\/300266","targetHints":{"allow":["GET"]}}],"collection":[{"href":"https:\/\/www.tucomarca.com\/wordpress\/segunda\/wp-json\/wp\/v2\/posts"}],"about":[{"href":"https:\/\/www.tucomarca.com\/wordpress\/segunda\/wp-json\/wp\/v2\/types\/post"}],"author":[{"embeddable":true,"href":"https:\/\/www.tucomarca.com\/wordpress\/segunda\/wp-json\/wp\/v2\/users\/12"}],"replies":[{"embeddable":true,"href":"https:\/\/www.tucomarca.com\/wordpress\/segunda\/wp-json\/wp\/v2\/comments?post=300266"}],"version-history":[{"count":3,"href":"https:\/\/www.tucomarca.com\/wordpress\/segunda\/wp-json\/wp\/v2\/posts\/300266\/revisions"}],"predecessor-version":[{"id":300290,"href":"https:\/\/www.tucomarca.com\/wordpress\/segunda\/wp-json\/wp\/v2\/posts\/300266\/revisions\/300290"}],"wp:featuredmedia":[{"embeddable":true,"href":"https:\/\/www.tucomarca.com\/wordpress\/segunda\/wp-json\/wp\/v2\/media\/300276"}],"wp:attachment":[{"href":"https:\/\/www.tucomarca.com\/wordpress\/segunda\/wp-json\/wp\/v2\/media?parent=300266"}],"wp:term":[{"taxonomy":"category","embeddable":true,"href":"https:\/\/www.tucomarca.com\/wordpress\/segunda\/wp-json\/wp\/v2\/categories?post=300266"},{"taxonomy":"post_tag","embeddable":true,"href":"https:\/\/www.tucomarca.com\/wordpress\/segunda\/wp-json\/wp\/v2\/tags?post=300266"}],"curies":[{"name":"wp","href":"https:\/\/api.w.org\/{rel}","templated":true}]}}