{"id":300280,"date":"2026-04-28T10:35:00","date_gmt":"2026-04-28T08:35:00","guid":{"rendered":"https:\/\/www.tucomarca.com\/wordpress\/segunda\/?p=300280"},"modified":"2026-04-28T21:08:29","modified_gmt":"2026-04-28T19:08:29","slug":"el-ayuntamiento-de-utiel-hace-entrega-de-productos-repelentes-para-proteger-los-cultivos-frente-a-la-fauna-silvestre","status":"publish","type":"post","link":"https:\/\/www.tucomarca.com\/wordpress\/segunda\/el-ayuntamiento-de-utiel-hace-entrega-de-productos-repelentes-para-proteger-los-cultivos-frente-a-la-fauna-silvestre\/","title":{"rendered":"El Ayuntamiento de Utiel hace entrega de productos repelentes para proteger los cultivos frente a la fauna silvestre"},"content":{"rendered":"\n<p>El Ayuntamiento de Utiel, en una acci\u00f3n coordinada con los agentes medioambientales y los cotos de caza del municipio, realiz\u00f3 en la Casa de Cultura la entrega de kits de productos repelentes para fauna silvestre destinados a agricultores con parcelas en terrenos forestales.<\/p>\n\n\n\n<p>El acto estuvo encabezado por el alcalde de Utiel, Ricardo Gabald\u00f3n Gabald\u00f3n, acompa\u00f1ado por el concejal de agricultura, Aitor Iniesta, y el jefe de comarca de los agentes medioambientales, Jos\u00e9 Garc\u00eda Garc\u00eda.<\/p>\n\n\n\n<p>Esta iniciativa tiene como objetivo minimizar los da\u00f1os que la fauna silvestre provoca en los cultivos situados en estas zonas. Los productos distribuidos act\u00faan de forma eficaz mediante est\u00edmulos olfativos y gustativos, alejando as\u00ed a los animales de las plantaciones.<\/p>\n\n\n\n<p>Para garantizar el \u00e9xito de la medida, los agentes medioambientales realizar\u00e1n un seguimiento t\u00e9cnico de las zonas tratadas.<\/p>\n\n\n\n<p>Cabe tener en cuenta que la fauna silvestre provoca todos los a\u00f1os da\u00f1os de elevada cuant\u00eda principalmente en los vi\u00f1edos. Informa, <strong>Luis Ib\u00e1\u00f1ez<\/strong>.<\/p>\n","protected":false},"excerpt":{"rendered":"<div class=\"mh-excerpt\">El Ayuntamiento de Utiel, en una acci\u00f3n coordinada con los agentes medioambientales y los cotos de caza del municipio, realiz\u00f3 en la Casa de Cultura la entrega de kits de productos repelentes para fauna silvestre <a class=\"mh-excerpt-more\" href=\"https:\/\/www.tucomarca.com\/wordpress\/segunda\/el-ayuntamiento-de-utiel-hace-entrega-de-productos-repelentes-para-proteger-los-cultivos-frente-a-la-fauna-silvestre\/\" title=\"El Ayuntamiento de Utiel hace entrega de productos repelentes para proteger los cultivos frente a la fauna silvestre\">[+] <\/a><\/div>\n","protected":false},"author":1,"featured_media":300281,"comment_status":"closed","ping_status":"open","sticky":false,"template":"","format":"standard","meta":{"footnotes":""},"categories":[169,128,8,117,142,27,3,116,29],"tags":[4812,10387,10389],"class_list":{"0":"post-300280","1":"post","2":"type-post","3":"status-publish","4":"format-standard","5":"has-post-thumbnail","7":"category-agricultura-la-comarca","8":"category-infraestructuras","9":"category-la-comarca","10":"category-medio-ambiente-la-comarca","11":"category-politica-la-comarca","12":"category-requena-utiel","13":"category-seccion","14":"category-sucesos-la-comarca","15":"category-utiel","16":"tag-fauna","17":"tag-requena-utiel","18":"tag-utiel"},"_links":{"self":[{"href":"https:\/\/www.tucomarca.com\/wordpress\/segunda\/wp-json\/wp\/v2\/posts\/300280","targetHints":{"allow":["GET"]}}],"collection":[{"href":"https:\/\/www.tucomarca.com\/wordpress\/segunda\/wp-json\/wp\/v2\/posts"}],"about":[{"href":"https:\/\/www.tucomarca.com\/wordpress\/segunda\/wp-json\/wp\/v2\/types\/post"}],"author":[{"embeddable":true,"href":"https:\/\/www.tucomarca.com\/wordpress\/segunda\/wp-json\/wp\/v2\/users\/1"}],"replies":[{"embeddable":true,"href":"https:\/\/www.tucomarca.com\/wordpress\/segunda\/wp-json\/wp\/v2\/comments?post=300280"}],"version-history":[{"count":2,"href":"https:\/\/www.tucomarca.com\/wordpress\/segunda\/wp-json\/wp\/v2\/posts\/300280\/revisions"}],"predecessor-version":[{"id":300287,"href":"https:\/\/www.tucomarca.com\/wordpress\/segunda\/wp-json\/wp\/v2\/posts\/300280\/revisions\/300287"}],"wp:featuredmedia":[{"embeddable":true,"href":"https:\/\/www.tucomarca.com\/wordpress\/segunda\/wp-json\/wp\/v2\/media\/300281"}],"wp:attachment":[{"href":"https:\/\/www.tucomarca.com\/wordpress\/segunda\/wp-json\/wp\/v2\/media?parent=300280"}],"wp:term":[{"taxonomy":"category","embeddable":true,"href":"https:\/\/www.tucomarca.com\/wordpress\/segunda\/wp-json\/wp\/v2\/categories?post=300280"},{"taxonomy":"post_tag","embeddable":true,"href":"https:\/\/www.tucomarca.com\/wordpress\/segunda\/wp-json\/wp\/v2\/tags?post=300280"}],"curies":[{"name":"wp","href":"https:\/\/api.w.org\/{rel}","templated":true}]}}