{"id":300294,"date":"2026-04-28T09:20:00","date_gmt":"2026-04-28T07:20:00","guid":{"rendered":"https:\/\/www.tucomarca.com\/wordpress\/segunda\/?p=300294"},"modified":"2026-04-28T21:02:59","modified_gmt":"2026-04-28T19:02:59","slug":"cheste-presenta-una-nueva-edicion-del-ciclo-musica-en-primavera-con-nueve-conciertos-gratuitos","status":"publish","type":"post","link":"https:\/\/www.tucomarca.com\/wordpress\/segunda\/cheste-presenta-una-nueva-edicion-del-ciclo-musica-en-primavera-con-nueve-conciertos-gratuitos\/","title":{"rendered":"Cheste presenta una nueva edici\u00f3n del ciclo \u201cM\u00fasica en Primavera\u201d con nueve conciertos gratuitos"},"content":{"rendered":"\n<p>El Ayuntamiento de Cheste, a trav\u00e9s de la concejal\u00eda de Cultura, lanza una nueva edici\u00f3n del ciclo&nbsp;<strong>\u201cM\u00fasica en Primavera\u201d<\/strong>, una propuesta cultural consolidada que volver\u00e1 a llenar de m\u00fasica distintos espacios emblem\u00e1ticos del municipio entre los meses de mayo y junio.<\/p>\n\n\n\n<p>El programa de este a\u00f1o ofrece&nbsp;<strong>ocho actuaciones gratuitas<\/strong>&nbsp;que abarcan una amplia variedad de estilos y formaciones, desde m\u00fasica coral y de c\u00e1mara hasta conciertos sinf\u00f3nicos y propuestas contempor\u00e1neas. Los conciertos se celebrar\u00e1n en enclaves como el Teatro Liceo, la Iglesia San Lucas Evangelista y la Ermita, acercando la m\u00fasica a diferentes rincones de Cheste.<\/p>\n\n\n\n<p>La concejala de Cultura del Ayuntamiento de Cheste, <strong>M\u00aa \u00c1ngeles Llorente<\/strong>, ha subrayado la importancia de este ciclo como herramienta de cohesi\u00f3n social y acceso a la cultura: \u201cDesde el Ayuntamiento seguimos apostando por acercar la cultura a toda la ciudadan\u00eda, entendiendo la m\u00fasica como un lenguaje universal que conecta a las personas. \u2018M\u00fasica en Primavera\u2019 nos permite ofrecer una programaci\u00f3n diversa, de calidad y accesible, en la que conviven distintos estilos musicales y p\u00fablicos, y que pone en valor tanto el talento local como las propuestas externas\u201d.<\/p>\n\n\n\n<p>La programaci\u00f3n arrancar\u00e1 el&nbsp;<strong>s\u00e1bado 2 de mayo<\/strong>&nbsp;con la actuaci\u00f3n del&nbsp;<strong>Coro del Casino Musical de Godella<\/strong>, a las 20:30 horas en la Iglesia San Lucas Evangelista. El ciclo continuar\u00e1 el&nbsp;<strong>domingo 3 de mayo<\/strong>&nbsp;con el&nbsp;<strong>Tr\u00edo SenalaG<\/strong>, que presentar\u00e1 su espect\u00e1culo&nbsp;<em>Sincron\u00edas<\/em>&nbsp;en el Teatro Liceo a las 19:00 horas.<\/p>\n\n\n\n<p>El&nbsp;<strong>domingo 10 de mayo<\/strong>, el p\u00fablico podr\u00e1 disfrutar de&nbsp;<strong>Enrique Vicente S\u00e1nchez<\/strong>&nbsp;con un concierto de m\u00fasica para flauta y cuarteto de cuerda en la Ermita, tambi\u00e9n a las 19:00 horas. El siguiente fin de semana, el&nbsp;<strong>s\u00e1bado 16 de mayo<\/strong>, ser\u00e1 el turno de la&nbsp;<strong>Banda Sinf\u00f3nica de La Lira de Cheste<\/strong>, que actuar\u00e1 en el Teatro Liceo a las 19:00 horas.<\/p>\n\n\n\n<p>El&nbsp;<strong>domingo 17 de mayo<\/strong>, a las 18:30 horas, el Teatro Liceo acoger\u00e1 el concierto de&nbsp;<strong>Sara Dowling<\/strong>, en el marco de la presentaci\u00f3n de&nbsp;<strong>Graffitea 2026<\/strong>. Este evento dar\u00e1 paso al cierre del festival urbano el&nbsp;<strong>domingo 24 de mayo<\/strong>, con la actuaci\u00f3n de&nbsp;<strong>D\u00f3misol Sisters<\/strong>, que incluir\u00e1 la clausura de Graffitea y la entrega de premios Urban-EducArt, a las 18:30 horas en el mismo espacio.<\/p>\n\n\n\n<p>La programaci\u00f3n continuar\u00e1 el&nbsp;<strong>s\u00e1bado 30 de mayo<\/strong>&nbsp;con el concierto solista de la&nbsp;<strong>Banda Juvenil La Lira de Cheste<\/strong>, a las 19:00 horas en el Teatro Liceo. Ya en junio, el ciclo se clausurar\u00e1 el&nbsp;<strong>s\u00e1bado 6 de junio<\/strong>, con la actuaci\u00f3n de&nbsp;<strong>PADS<\/strong>&nbsp;a las 19:00 horas.<\/p>\n\n\n\n<p>Desde el Ayuntamiento se invita a toda la ciudadan\u00eda y visitantes a disfrutar de esta programaci\u00f3n, que combina talento local y propuestas de calidad, reafirmando el compromiso de Cheste con la promoci\u00f3n cultural y el acceso universal a la m\u00fasica en directo.<\/p>\n","protected":false},"excerpt":{"rendered":"<div class=\"mh-excerpt\">El Ayuntamiento de Cheste, a trav\u00e9s de la concejal\u00eda de Cultura, lanza una nueva edici\u00f3n del ciclo&nbsp;\u201cM\u00fasica en Primavera\u201d, una propuesta cultural consolidada que volver\u00e1 a llenar de m\u00fasica distintos espacios emblem\u00e1ticos del municipio entre <a class=\"mh-excerpt-more\" href=\"https:\/\/www.tucomarca.com\/wordpress\/segunda\/cheste-presenta-una-nueva-edicion-del-ciclo-musica-en-primavera-con-nueve-conciertos-gratuitos\/\" title=\"Cheste presenta una nueva edici\u00f3n del ciclo \u201cM\u00fasica en Primavera\u201d con nueve conciertos gratuitos\">[+] <\/a><\/div>\n","protected":false},"author":12,"featured_media":300296,"comment_status":"closed","ping_status":"open","sticky":false,"template":"","format":"standard","meta":{"footnotes":""},"categories":[4,66,17,8,10,7,3],"tags":[339,4446,5952],"class_list":{"0":"post-300294","1":"post","2":"type-post","3":"status-publish","4":"format-standard","5":"has-post-thumbnail","7":"category-agenda","8":"category-musica","9":"category-cheste","10":"category-la-comarca","11":"category-la-hoya","12":"category-ocio-y-cultura","13":"category-seccion","14":"tag-cheste-2","15":"tag-ciclo-musica-en-primavera","16":"tag-la-hoya-de-bunol-chiva"},"_links":{"self":[{"href":"https:\/\/www.tucomarca.com\/wordpress\/segunda\/wp-json\/wp\/v2\/posts\/300294","targetHints":{"allow":["GET"]}}],"collection":[{"href":"https:\/\/www.tucomarca.com\/wordpress\/segunda\/wp-json\/wp\/v2\/posts"}],"about":[{"href":"https:\/\/www.tucomarca.com\/wordpress\/segunda\/wp-json\/wp\/v2\/types\/post"}],"author":[{"embeddable":true,"href":"https:\/\/www.tucomarca.com\/wordpress\/segunda\/wp-json\/wp\/v2\/users\/12"}],"replies":[{"embeddable":true,"href":"https:\/\/www.tucomarca.com\/wordpress\/segunda\/wp-json\/wp\/v2\/comments?post=300294"}],"version-history":[{"count":1,"href":"https:\/\/www.tucomarca.com\/wordpress\/segunda\/wp-json\/wp\/v2\/posts\/300294\/revisions"}],"predecessor-version":[{"id":300295,"href":"https:\/\/www.tucomarca.com\/wordpress\/segunda\/wp-json\/wp\/v2\/posts\/300294\/revisions\/300295"}],"wp:featuredmedia":[{"embeddable":true,"href":"https:\/\/www.tucomarca.com\/wordpress\/segunda\/wp-json\/wp\/v2\/media\/300296"}],"wp:attachment":[{"href":"https:\/\/www.tucomarca.com\/wordpress\/segunda\/wp-json\/wp\/v2\/media?parent=300294"}],"wp:term":[{"taxonomy":"category","embeddable":true,"href":"https:\/\/www.tucomarca.com\/wordpress\/segunda\/wp-json\/wp\/v2\/categories?post=300294"},{"taxonomy":"post_tag","embeddable":true,"href":"https:\/\/www.tucomarca.com\/wordpress\/segunda\/wp-json\/wp\/v2\/tags?post=300294"}],"curies":[{"name":"wp","href":"https:\/\/api.w.org\/{rel}","templated":true}]}}