{"id":300323,"date":"2026-04-29T11:00:00","date_gmt":"2026-04-29T09:00:00","guid":{"rendered":"https:\/\/www.tucomarca.com\/wordpress\/segunda\/?p=300323"},"modified":"2026-04-29T20:31:33","modified_gmt":"2026-04-29T18:31:33","slug":"turis-inaugura-este-viernes-la-xxi-edicion-de-su-feria","status":"publish","type":"post","link":"https:\/\/www.tucomarca.com\/wordpress\/segunda\/turis-inaugura-este-viernes-la-xxi-edicion-de-su-feria\/","title":{"rendered":"Tur\u00eds inaugura este viernes la XXI edici\u00f3n de su feria"},"content":{"rendered":"\n<h3 class=\"wp-block-heading\">Feria Tur\u00eds tendr\u00e1 lugar del 1 al 3 de mayo.&nbsp;<\/h3>\n\n\n\n<p>El Ayuntamiento de Tur\u00eds est\u00e1 ultimando los preparativos de la XXI edici\u00f3n de Feria Tur\u00eds. La inauguraci\u00f3n tendr\u00e1 lugar viernes a las 19.00 h a cargo de la Reina de las Fiestas, Diana Vicente, y su corte. Se contar\u00e1 con la presencia de M\u00aa \u00c0ngels Ram\u00f3n-Llin Mart\u00ednez, Directora General de Producci\u00f3n Agr\u00edcola y Ganadera de la Conseller\u00eda de Agricultura; y Remedios Mazzolari Tortajada, Vicepresidenta 2\u00aa y Diputada del \u00c1rea de Carreteras de la Diputaci\u00f3n de Val\u00e8ncia.<\/p>\n\n\n\n<p>Nuevamente, una amplia representaci\u00f3n del sector comercial del pueblo estar\u00e1 presente en la Plaza Vicent Ribes junto con las dos dos cooperativas del pueblo, La Turisana y La Baron\u00eda, que un a\u00f1o m\u00e1s estar\u00e1n presentes como representantes de uno de los sectores econ\u00f3micos m\u00e1s importantes.<\/p>\n\n\n\n<figure class=\"wp-block-gallery has-nested-images columns-default is-cropped wp-block-gallery-1 is-layout-flex wp-block-gallery-is-layout-flex\">\n<figure class=\"wp-block-image size-large\"><img loading=\"lazy\" decoding=\"async\" width=\"945\" height=\"532\" data-id=\"300329\" src=\"https:\/\/www.tucomarca.com\/wordpress\/segunda\/wp-content\/uploads\/2026\/04\/TurisFeria25_2.jpg\" alt=\"\" class=\"wp-image-300329\" srcset=\"https:\/\/www.tucomarca.com\/wordpress\/segunda\/wp-content\/uploads\/2026\/04\/TurisFeria25_2.jpg 945w, https:\/\/www.tucomarca.com\/wordpress\/segunda\/wp-content\/uploads\/2026\/04\/TurisFeria25_2-300x169.jpg 300w, https:\/\/www.tucomarca.com\/wordpress\/segunda\/wp-content\/uploads\/2026\/04\/TurisFeria25_2-768x432.jpg 768w, https:\/\/www.tucomarca.com\/wordpress\/segunda\/wp-content\/uploads\/2026\/04\/TurisFeria25_2-678x381.jpg 678w\" sizes=\"auto, (max-width: 945px) 100vw, 945px\" \/><\/figure>\n\n\n\n<figure class=\"wp-block-image size-large\"><img loading=\"lazy\" decoding=\"async\" width=\"945\" height=\"532\" data-id=\"300331\" src=\"https:\/\/www.tucomarca.com\/wordpress\/segunda\/wp-content\/uploads\/2026\/04\/TurisFeria25_3.jpg\" alt=\"\" class=\"wp-image-300331\" srcset=\"https:\/\/www.tucomarca.com\/wordpress\/segunda\/wp-content\/uploads\/2026\/04\/TurisFeria25_3.jpg 945w, https:\/\/www.tucomarca.com\/wordpress\/segunda\/wp-content\/uploads\/2026\/04\/TurisFeria25_3-300x169.jpg 300w, https:\/\/www.tucomarca.com\/wordpress\/segunda\/wp-content\/uploads\/2026\/04\/TurisFeria25_3-768x432.jpg 768w, https:\/\/www.tucomarca.com\/wordpress\/segunda\/wp-content\/uploads\/2026\/04\/TurisFeria25_3-678x381.jpg 678w\" sizes=\"auto, (max-width: 945px) 100vw, 945px\" \/><\/figure>\n<\/figure>\n\n\n\n<p><\/p>\n\n\n\n<p>A lo largo de toda la jornada de viernes el deporte ser\u00e1 el protagonista, con la celebraci\u00f3n de un campeonato de f\u00fatbol 3&#215;3 en la Plaza de la Constituci\u00f3n al cual se est\u00e1n apuntando un gran n\u00famero de ni\u00f1os y ni\u00f1as de todas las edades.<\/p>\n\n\n\n<p>La exhibici\u00f3n de todo tipo de complementos, productos aut\u00f3ctonos, jardiner\u00eda y gastronom\u00eda se complementa con talleres y actuaciones para los m\u00e1s peque\u00f1os el s\u00e1bado por la ma\u00f1ana, con la representaci\u00f3n de Matilda, y un \u201ctardeo\u201d con versiones de m\u00fasica pop rock por la tarde.<\/p>\n\n\n\n<p>Una feria que favorece el paseo por el centro de Tur\u00eds donde, adem\u00e1s de disfrutar en un mismo punto de una amplia oferta comercial y gastron\u00f3mica tambi\u00e9n permite visitar y conocer un poco m\u00e1s el n\u00facleo antiguo y monumentos como el templo parroquial.<\/p>\n\n\n\n<p>Una buena oferta para dejarse caer por Tur\u00eds este fin de semana y pasar una jornada entretenida y, quien sabe, encontrar el producto, el complemento o el detalle que necesitas, especialmente pensando en el d\u00eda de la madre.<\/p>\n\n\n\n<p>En el web municipal <a href=\"http:\/\/turis.es\" data-type=\"link\" data-id=\"turis.es\">www.turis.es<\/a> se puede consultar la programaci\u00f3n. Informa, <strong>E. Mora<\/strong>.<\/p>\n","protected":false},"excerpt":{"rendered":"<div class=\"mh-excerpt\">Feria Tur\u00eds tendr\u00e1 lugar del 1 al 3 de mayo.&nbsp; El Ayuntamiento de Tur\u00eds est\u00e1 ultimando los preparativos de la XXI edici\u00f3n de Feria Tur\u00eds. La inauguraci\u00f3n tendr\u00e1 lugar viernes a las 19.00 h a <a class=\"mh-excerpt-more\" href=\"https:\/\/www.tucomarca.com\/wordpress\/segunda\/turis-inaugura-este-viernes-la-xxi-edicion-de-su-feria\/\" title=\"Tur\u00eds inaugura este viernes la XXI edici\u00f3n de su feria\">[+] <\/a><\/div>\n","protected":false},"author":12,"featured_media":300327,"comment_status":"closed","ping_status":"open","sticky":false,"template":"","format":"standard","meta":{"footnotes":""},"categories":[4,8,42,7,3,43,45],"tags":[1407,10394,24197],"class_list":{"0":"post-300323","1":"post","2":"type-post","3":"status-publish","4":"format-standard","5":"has-post-thumbnail","7":"category-agenda","8":"category-la-comarca","9":"category-la-ribera","10":"category-ocio-y-cultura","11":"category-seccion","12":"category-turis","13":"category-ventana","14":"tag-ribera-alta","15":"tag-turis","16":"tag-xxi-feria-turis"},"_links":{"self":[{"href":"https:\/\/www.tucomarca.com\/wordpress\/segunda\/wp-json\/wp\/v2\/posts\/300323","targetHints":{"allow":["GET"]}}],"collection":[{"href":"https:\/\/www.tucomarca.com\/wordpress\/segunda\/wp-json\/wp\/v2\/posts"}],"about":[{"href":"https:\/\/www.tucomarca.com\/wordpress\/segunda\/wp-json\/wp\/v2\/types\/post"}],"author":[{"embeddable":true,"href":"https:\/\/www.tucomarca.com\/wordpress\/segunda\/wp-json\/wp\/v2\/users\/12"}],"replies":[{"embeddable":true,"href":"https:\/\/www.tucomarca.com\/wordpress\/segunda\/wp-json\/wp\/v2\/comments?post=300323"}],"version-history":[{"count":6,"href":"https:\/\/www.tucomarca.com\/wordpress\/segunda\/wp-json\/wp\/v2\/posts\/300323\/revisions"}],"predecessor-version":[{"id":300363,"href":"https:\/\/www.tucomarca.com\/wordpress\/segunda\/wp-json\/wp\/v2\/posts\/300323\/revisions\/300363"}],"wp:featuredmedia":[{"embeddable":true,"href":"https:\/\/www.tucomarca.com\/wordpress\/segunda\/wp-json\/wp\/v2\/media\/300327"}],"wp:attachment":[{"href":"https:\/\/www.tucomarca.com\/wordpress\/segunda\/wp-json\/wp\/v2\/media?parent=300323"}],"wp:term":[{"taxonomy":"category","embeddable":true,"href":"https:\/\/www.tucomarca.com\/wordpress\/segunda\/wp-json\/wp\/v2\/categories?post=300323"},{"taxonomy":"post_tag","embeddable":true,"href":"https:\/\/www.tucomarca.com\/wordpress\/segunda\/wp-json\/wp\/v2\/tags?post=300323"}],"curies":[{"name":"wp","href":"https:\/\/api.w.org\/{rel}","templated":true}]}}