{"id":300364,"date":"2026-04-29T09:00:00","date_gmt":"2026-04-29T07:00:00","guid":{"rendered":"https:\/\/www.tucomarca.com\/wordpress\/segunda\/?p=300364"},"modified":"2026-04-29T20:54:51","modified_gmt":"2026-04-29T18:54:51","slug":"jose-diez-reivindica-el-rallye-ciudad-de-utiel-como-referente-de-deporte-de-alto-nivel-con-impacto-economico-y-social","status":"publish","type":"post","link":"https:\/\/www.tucomarca.com\/wordpress\/segunda\/jose-diez-reivindica-el-rallye-ciudad-de-utiel-como-referente-de-deporte-de-alto-nivel-con-impacto-economico-y-social\/","title":{"rendered":"Jos\u00e9 D\u00edez reivindica el Rallye Ciudad de Utiel como referente de deporte de alto nivel con impacto econ\u00f3mico y social"},"content":{"rendered":"\n<h3 class=\"wp-block-heading\">El vicepresidente segundo del Consell participa en la presentaci\u00f3n de la prueba, que se celebra del 13 al 16 de mayo con el apoyo de la Generalitat y la Real Federaci\u00f3n Espa\u00f1ola de Automovilismo.<\/h3>\n\n\n\n<h3 class=\"wp-block-heading\">D\u00edez se\u00f1ala que \u00abeste rallye refleja el modelo de evento que defendemos donde se combina deporte de alto nivel, impacto econ\u00f3mico positivo, promoci\u00f3n del territorio y valores como el esfuerzo\u201d.<\/h3>\n\n\n\n<p>El vicepresidente segundo y conseller de Presidencia, Jos\u00e9 D\u00edez, ha participado en el acto de presentaci\u00f3n del Rallye Ciudad de Utiel 2026 y ha trasladado el respaldo de la Generalitat a un evento que \u201cse convierte en una herramienta de revitalizaci\u00f3n econ\u00f3mica y social de esta comarca de interior\u201d.<\/p>\n\n\n\n<p>En este sentido, ha afirmado que eventos como este \u201cdemuestran que el deporte es un importante recurso de dinamizaci\u00f3n econ\u00f3mica, de retorno tur\u00edstico y, sobre todo, de impulso an\u00edmico y social para el territorio\u201d.<\/p>\n\n\n\n<p>D\u00edez ha remarcado que el \u00e9xito del Rallye Ciudad de Utiel es el resultado de \u201cuna tradici\u00f3n deportiva construida durante d\u00e9cadas gracias al compromiso del municipio, de la organizaci\u00f3n y de una afici\u00f3n que vive este evento como algo propio. No es solo una competici\u00f3n: es identidad, es territorio y es proyecci\u00f3n de la Comunitat Valenciana\u201d.<\/p>\n\n\n\n<p>Para el vicepresidente, este rallye \u201crefleja muy bien el modelo de evento que defendemos: un evento que combina deporte de alto nivel, impacto econ\u00f3mico positivo, promoci\u00f3n del territorio y valores como el esfuerzo, la seguridad, la responsabilidad y el respeto al entorno\u201d.<\/p>\n\n\n\n<p>\u201cApostar por el deporte es apostar por el futuro de nuestros municipios. Por eso, desde la Generalitat seguiremos apoyando este tipo de pruebas que refuerzan nuestro ecosistema deportivo y ayudan a vertebrar la Comunitat Valenciana\u201d, ha destacado.<\/p>\n\n\n\n<p>Finalmente, ha felicitado a la organizaci\u00f3n, al Ayuntamiento de Utiel y a todas las personas que hacen posible este evento y ha resaltado \u201cla coordinaci\u00f3n y el trabajo conjunto realizado por las autoridades locales junto con la Federaci\u00f3n de Automovilismo de la Comunitat Valenciana y con la Real Federaci\u00f3n Espa\u00f1ola de Automovilismo, que permite garantizar pruebas seguras, bien organizadas y con los m\u00e1ximos est\u00e1ndares deportivos y t\u00e9cnicos\u201d.<\/p>\n\n\n\n<p>El Rallye Ciudad de Utiel 2026, primera prueba de tierra del Supercampeonato de Espa\u00f1a de Rallyes (S-CER), se celebra del 13 al 16 de mayo con el apoyo de la Generalitat y la Real Federaci\u00f3n Espa\u00f1ola de Automovilismo (RFEA).<\/p>\n\n\n\n<figure class=\"wp-block-gallery has-nested-images columns-default is-cropped wp-block-gallery-1 is-layout-flex wp-block-gallery-is-layout-flex\">\n<figure class=\"wp-block-image size-large\"><img loading=\"lazy\" decoding=\"async\" width=\"945\" height=\"630\" data-id=\"300370\" src=\"https:\/\/www.tucomarca.com\/wordpress\/segunda\/wp-content\/uploads\/2026\/04\/JDiez_Rallye_Utiel_presentacion2.jpg\" alt=\"\" class=\"wp-image-300370\" srcset=\"https:\/\/www.tucomarca.com\/wordpress\/segunda\/wp-content\/uploads\/2026\/04\/JDiez_Rallye_Utiel_presentacion2.jpg 945w, https:\/\/www.tucomarca.com\/wordpress\/segunda\/wp-content\/uploads\/2026\/04\/JDiez_Rallye_Utiel_presentacion2-300x200.jpg 300w, https:\/\/www.tucomarca.com\/wordpress\/segunda\/wp-content\/uploads\/2026\/04\/JDiez_Rallye_Utiel_presentacion2-768x512.jpg 768w\" sizes=\"auto, (max-width: 945px) 100vw, 945px\" \/><\/figure>\n\n\n\n<figure class=\"wp-block-image size-full\"><img loading=\"lazy\" decoding=\"async\" width=\"945\" height=\"630\" data-id=\"300368\" src=\"https:\/\/www.tucomarca.com\/wordpress\/segunda\/wp-content\/uploads\/2026\/04\/JDiez_Rallye_Utiel_presentacion1.jpg\" alt=\"\" class=\"wp-image-300368\" srcset=\"https:\/\/www.tucomarca.com\/wordpress\/segunda\/wp-content\/uploads\/2026\/04\/JDiez_Rallye_Utiel_presentacion1.jpg 945w, https:\/\/www.tucomarca.com\/wordpress\/segunda\/wp-content\/uploads\/2026\/04\/JDiez_Rallye_Utiel_presentacion1-300x200.jpg 300w, https:\/\/www.tucomarca.com\/wordpress\/segunda\/wp-content\/uploads\/2026\/04\/JDiez_Rallye_Utiel_presentacion1-768x512.jpg 768w\" sizes=\"auto, (max-width: 945px) 100vw, 945px\" \/><\/figure>\n<\/figure>\n","protected":false},"excerpt":{"rendered":"<div class=\"mh-excerpt\">El vicepresidente segundo del Consell participa en la presentaci\u00f3n de la prueba, que se celebra del 13 al 16 de mayo con el apoyo de la Generalitat y la Real Federaci\u00f3n Espa\u00f1ola de Automovilismo. D\u00edez <a class=\"mh-excerpt-more\" href=\"https:\/\/www.tucomarca.com\/wordpress\/segunda\/jose-diez-reivindica-el-rallye-ciudad-de-utiel-como-referente-de-deporte-de-alto-nivel-con-impacto-economico-y-social\/\" title=\"Jos\u00e9 D\u00edez reivindica el Rallye Ciudad de Utiel como referente de deporte de alto nivel con impacto econ\u00f3mico y social\">[+] <\/a><\/div>\n","protected":false},"author":12,"featured_media":300372,"comment_status":"closed","ping_status":"open","sticky":false,"template":"","format":"gallery","meta":{"footnotes":""},"categories":[83,6,128,8,72,142,27,3,29,45],"tags":[24239,10387,10389],"class_list":{"0":"post-300364","1":"post","2":"type-post","3":"status-publish","4":"format-gallery","5":"has-post-thumbnail","7":"category-automovilismo","8":"category-deportes","9":"category-infraestructuras","10":"category-la-comarca","11":"category-sin-categorizar","12":"category-politica-la-comarca","13":"category-requena-utiel","14":"category-seccion","15":"category-utiel","16":"category-ventana","17":"tag-rally-ciudad-de-utiel","18":"tag-requena-utiel","19":"tag-utiel","20":"post_format-post-format-gallery"},"_links":{"self":[{"href":"https:\/\/www.tucomarca.com\/wordpress\/segunda\/wp-json\/wp\/v2\/posts\/300364","targetHints":{"allow":["GET"]}}],"collection":[{"href":"https:\/\/www.tucomarca.com\/wordpress\/segunda\/wp-json\/wp\/v2\/posts"}],"about":[{"href":"https:\/\/www.tucomarca.com\/wordpress\/segunda\/wp-json\/wp\/v2\/types\/post"}],"author":[{"embeddable":true,"href":"https:\/\/www.tucomarca.com\/wordpress\/segunda\/wp-json\/wp\/v2\/users\/12"}],"replies":[{"embeddable":true,"href":"https:\/\/www.tucomarca.com\/wordpress\/segunda\/wp-json\/wp\/v2\/comments?post=300364"}],"version-history":[{"count":3,"href":"https:\/\/www.tucomarca.com\/wordpress\/segunda\/wp-json\/wp\/v2\/posts\/300364\/revisions"}],"predecessor-version":[{"id":300380,"href":"https:\/\/www.tucomarca.com\/wordpress\/segunda\/wp-json\/wp\/v2\/posts\/300364\/revisions\/300380"}],"wp:featuredmedia":[{"embeddable":true,"href":"https:\/\/www.tucomarca.com\/wordpress\/segunda\/wp-json\/wp\/v2\/media\/300372"}],"wp:attachment":[{"href":"https:\/\/www.tucomarca.com\/wordpress\/segunda\/wp-json\/wp\/v2\/media?parent=300364"}],"wp:term":[{"taxonomy":"category","embeddable":true,"href":"https:\/\/www.tucomarca.com\/wordpress\/segunda\/wp-json\/wp\/v2\/categories?post=300364"},{"taxonomy":"post_tag","embeddable":true,"href":"https:\/\/www.tucomarca.com\/wordpress\/segunda\/wp-json\/wp\/v2\/tags?post=300364"}],"curies":[{"name":"wp","href":"https:\/\/api.w.org\/{rel}","templated":true}]}}