{"id":300401,"date":"2026-04-29T12:45:00","date_gmt":"2026-04-29T10:45:00","guid":{"rendered":"https:\/\/www.tucomarca.com\/wordpress\/segunda\/?p=300401"},"modified":"2026-04-30T08:07:24","modified_gmt":"2026-04-30T06:07:24","slug":"perez-llorca-destaca-la-labor-de-recuperacion-tras-la-dana-y-urge-al-gobierno-a-habilitar-los-mecanismos-necesarios-a-los-ayuntamientos-para-conseguir-una-reconstruccion-real","status":"publish","type":"post","link":"https:\/\/www.tucomarca.com\/wordpress\/segunda\/perez-llorca-destaca-la-labor-de-recuperacion-tras-la-dana-y-urge-al-gobierno-a-habilitar-los-mecanismos-necesarios-a-los-ayuntamientos-para-conseguir-una-reconstruccion-real\/","title":{"rendered":"P\u00e9rez Llorca destaca la labor de recuperaci\u00f3n tras la DANA y urge al Gobierno a habilitar los mecanismos necesarios a los ayuntamientos para conseguir una reconstrucci\u00f3n real"},"content":{"rendered":"\n<h3 class=\"wp-block-heading\">Aboga por la colaboraci\u00f3n entre administraciones e insta al Ejecutivo central a que las ayudas de la Generalitat tras la dana&nbsp;no tributen.<\/h3>\n\n\n\n<h3 class=\"wp-block-heading\">El president de la Generalitat visita las nuevas instalaciones de Val\u00e8ncia Sud y el Puesto de Mando, en los que se han invertido 60 millones, y con las que culmina la reconstrucci\u00f3n de Metrovalencia tras recuperar el servicio en junio.<\/h3>\n\n\n\n<p>El president de la Generalitat, Juanfran P\u00e9rez Llorca, ha destacado el \u201ctrabajo encomiable y el gran esfuerzo\u201d realizado por el Consell en la reconstrucci\u00f3n tras la DANA ocurrida en octubre de 2024 ejemplificada en los trabajos de Metrovalencia y su nuevo Puesto de Mando. Asimismo, ha instado al Gobierno a realizar cambios normativos que permitan actuar a los Ayuntamientos con m\u00e1s libertad y menos burocracia para lograr que la reconstrucci\u00f3n f\u00edsica sea real y facilite la recuperaci\u00f3n moral de los afectados.<\/p>\n\n\n\n<p>El jefe del Consell, que ha visitado las nuevas instalaciones de Val\u00e8ncia Sud y el Puesto de Mando de Metrovalencia, ha hecho balance de la reconstrucci\u00f3n cuando se cumple justo a\u00f1o y medio de la tragedia. As\u00ed, ha puesto en valor que en un \u201ctiempo r\u00e9cord\u201d se han recuperado 57 centros de salud, casi 60 puentes y carreteras locales que los ayuntamientos no pod\u00edan asumir, 18 v\u00edas auton\u00f3micas y m\u00e1s de un centenar depuradoras, entre otras actuaciones que suman 3.100 millones de euros movilizados por parte de la Generalitat.<\/p>\n\n\n\n<p>P\u00e9rez Llorca ha instado a las administraciones a \u201cdialogar, a entendernos y a ser valientes en la toma de decisiones\u201d y ha abogado por realizar \u201ccambios normativos que permitan a los alcaldes afectados poner en marcha las obras de recuperaci\u00f3n en cada una de sus calles, ya que la burocracia que existe en este pa\u00eds hace que se tarde mucho y sea dif\u00edcil\u201d.<\/p>\n\n\n\n<p>Asimismo, ha destacado que el Gobierno haya aceptado la reivindicaci\u00f3n que hizo a su presidente de que las ayudas a los afectados de la dana de 2025 no pagasen impuestos, si bien ha solicitado que las \u201cayudas de 2024 que aprob\u00f3 la Generalitat tampoco tributen\u201d.<\/p>\n\n\n\n<p>\u201cSeguimos necesitando que se confronte menos y se avance m\u00e1s, y que para un caso excepcional y extraordinario como ha sido la dana, se adopten medidas extraordinarias, sin trampas, en las que se d\u00e9 prioridad ante todo a la reconstrucci\u00f3n\u201d, ha a\u00f1adido.<\/p>\n\n\n\n<p><strong>Val\u00e8ncia Sud<\/strong><\/p>\n\n\n\n<p>El president, que ha estado acompa\u00f1ado por el conseller de Medio Ambiente, Infraestructuras y Territorio y de la Recuperaci\u00f3n, Vicente Mart\u00ednez Mus; los alcaldes de Picanya y Paiporta, el concejal del \u00c1rea de Seguridad y Movilidad del Ayuntamiento de Val\u00e8ncia y otros representantes de los ayuntamientos afectados por la dana, ha anunciado la culminaci\u00f3n del proceso de reconstrucci\u00f3n de las infraestructuras de Metrovalencia, en el que se han invertido 140 millones de euros, con la apertura de las instalaciones de Val\u00e8ncia Sud y el Puesto de Mando.<\/p>\n\n\n\n<p>Estas dos instalaciones han supuesto una enorme obra de ingenier\u00eda y se han llevado a cabo en paralelo a la recuperaci\u00f3n de la red de Metrovalencia, donde se ha intervenido sobre 50 kil\u00f3metros de v\u00eda y 20 kil\u00f3metros de catenaria. Unos trabajos que permitieron recuperar la circulaci\u00f3n el pasado 27 de junio y proseguir en paralelo con la reparaci\u00f3n de las instalaciones. Adem\u00e1s, en todos los trabajos no solo se ha trabajado para reparar da\u00f1os, sino que se ha buscado mejorar las infraestructuras y hacerlas m\u00e1s resistentes.&nbsp;<\/p>\n\n\n\n<p>As\u00ed, Val\u00e8ncia Sud, el coraz\u00f3n operativo de Metrovalencia, es ahora un complejo m\u00e1s fuerte y seguro, mientras que los sistemas cr\u00edticos como el Puesto de Mando, los centros de alimentaci\u00f3n el\u00e9ctrica, servidores y comunicaciones se han dise\u00f1ado en altura para reforzar la respuesta ante fen\u00f3menos extremos.<\/p>\n\n\n\n<p>Adem\u00e1s, el nuevo Puesto de mando, recuperar\u00e1 en breve la direcci\u00f3n de Metrovalencia manteniendo un elemento clave de seguridad como es el equipo alternativo que actualmente opera desde los talleres de machado.<\/p>\n\n\n\n<p>En total, en las nuevas instalaciones de Val\u00e8ncia Sud, que incluyen un aparcamiento intermodal con capacidad para 500 veh\u00edculos, se han invertido cerca de 60 millones de euros.<\/p>\n\n\n\n<figure class=\"wp-block-image size-large\"><img loading=\"lazy\" decoding=\"async\" width=\"1024\" height=\"761\" src=\"https:\/\/www.tucomarca.com\/wordpress\/segunda\/wp-content\/uploads\/2026\/04\/PerezLlorcaDanaValenciaSud2-1024x761.jpeg\" alt=\"\" class=\"wp-image-300409\" srcset=\"https:\/\/www.tucomarca.com\/wordpress\/segunda\/wp-content\/uploads\/2026\/04\/PerezLlorcaDanaValenciaSud2-1024x761.jpeg 1024w, https:\/\/www.tucomarca.com\/wordpress\/segunda\/wp-content\/uploads\/2026\/04\/PerezLlorcaDanaValenciaSud2-300x223.jpeg 300w, https:\/\/www.tucomarca.com\/wordpress\/segunda\/wp-content\/uploads\/2026\/04\/PerezLlorcaDanaValenciaSud2-768x571.jpeg 768w, https:\/\/www.tucomarca.com\/wordpress\/segunda\/wp-content\/uploads\/2026\/04\/PerezLlorcaDanaValenciaSud2-1536x1142.jpeg 1536w, https:\/\/www.tucomarca.com\/wordpress\/segunda\/wp-content\/uploads\/2026\/04\/PerezLlorcaDanaValenciaSud2-2048x1522.jpeg 2048w, https:\/\/www.tucomarca.com\/wordpress\/segunda\/wp-content\/uploads\/2026\/04\/PerezLlorcaDanaValenciaSud2-80x60.jpeg 80w\" sizes=\"auto, (max-width: 1024px) 100vw, 1024px\" \/><\/figure>\n\n\n\n<p><\/p>\n\n\n\n<p><strong>Plan de Inversiones<\/strong><\/p>\n\n\n\n<p>El jefe del Ejecutivo valenciano ha resaltado que la reconstrucci\u00f3n no acaba con las inversiones en FGV y que la Generalitat ya est\u00e1 ejecutando las actuaciones previstas en el Plan de Actuaci\u00f3n 2026-2030, con una inversi\u00f3n que roza los 840 millones de euros para mantener, modernizar y ampliar la red en servicio.<\/p>\n\n\n\n<p>Este plan incluye la incorporaci\u00f3n de nuevos trenes y tranv\u00edas, estaciones m\u00e1s accesibles, una mayor oferta de servicio y una planificaci\u00f3n m\u00e1s realista de las pr\u00f3ximas ampliaciones.<\/p>\n\n\n\n<p>El objetivo es hacer que cada desplazamiento sea m\u00e1s c\u00f3modo, seguro y sostenible y hacer que la movilidad siga siendo igualdad de oportunidades, cohesi\u00f3n social y normalidad en la vida cotidiana.<\/p>\n","protected":false},"excerpt":{"rendered":"<div class=\"mh-excerpt\">Aboga por la colaboraci\u00f3n entre administraciones e insta al Ejecutivo central a que las ayudas de la Generalitat tras la dana&nbsp;no tributen. El president de la Generalitat visita las nuevas instalaciones de Val\u00e8ncia Sud y <a class=\"mh-excerpt-more\" href=\"https:\/\/www.tucomarca.com\/wordpress\/segunda\/perez-llorca-destaca-la-labor-de-recuperacion-tras-la-dana-y-urge-al-gobierno-a-habilitar-los-mecanismos-necesarios-a-los-ayuntamientos-para-conseguir-una-reconstruccion-real\/\" title=\"P\u00e9rez Llorca destaca la labor de recuperaci\u00f3n tras la DANA y urge al Gobierno a habilitar los mecanismos necesarios a los ayuntamientos para conseguir una reconstrucci\u00f3n real\">[+] <\/a><\/div>\n","protected":false},"author":1,"featured_media":300407,"comment_status":"closed","ping_status":"open","sticky":false,"template":"","format":"standard","meta":{"footnotes":""},"categories":[21465,128,8,72,42,117,142,3,116,45],"tags":[12831,23465],"class_list":{"0":"post-300401","1":"post","2":"type-post","3":"status-publish","4":"format-standard","5":"has-post-thumbnail","7":"category-dana","8":"category-infraestructuras","9":"category-la-comarca","10":"category-sin-categorizar","11":"category-la-ribera","12":"category-medio-ambiente-la-comarca","13":"category-politica-la-comarca","14":"category-seccion","15":"category-sucesos-la-comarca","16":"category-ventana","17":"tag-dana-2","18":"tag-juanfran-perez-llorca"},"_links":{"self":[{"href":"https:\/\/www.tucomarca.com\/wordpress\/segunda\/wp-json\/wp\/v2\/posts\/300401","targetHints":{"allow":["GET"]}}],"collection":[{"href":"https:\/\/www.tucomarca.com\/wordpress\/segunda\/wp-json\/wp\/v2\/posts"}],"about":[{"href":"https:\/\/www.tucomarca.com\/wordpress\/segunda\/wp-json\/wp\/v2\/types\/post"}],"author":[{"embeddable":true,"href":"https:\/\/www.tucomarca.com\/wordpress\/segunda\/wp-json\/wp\/v2\/users\/1"}],"replies":[{"embeddable":true,"href":"https:\/\/www.tucomarca.com\/wordpress\/segunda\/wp-json\/wp\/v2\/comments?post=300401"}],"version-history":[{"count":3,"href":"https:\/\/www.tucomarca.com\/wordpress\/segunda\/wp-json\/wp\/v2\/posts\/300401\/revisions"}],"predecessor-version":[{"id":300415,"href":"https:\/\/www.tucomarca.com\/wordpress\/segunda\/wp-json\/wp\/v2\/posts\/300401\/revisions\/300415"}],"wp:featuredmedia":[{"embeddable":true,"href":"https:\/\/www.tucomarca.com\/wordpress\/segunda\/wp-json\/wp\/v2\/media\/300407"}],"wp:attachment":[{"href":"https:\/\/www.tucomarca.com\/wordpress\/segunda\/wp-json\/wp\/v2\/media?parent=300401"}],"wp:term":[{"taxonomy":"category","embeddable":true,"href":"https:\/\/www.tucomarca.com\/wordpress\/segunda\/wp-json\/wp\/v2\/categories?post=300401"},{"taxonomy":"post_tag","embeddable":true,"href":"https:\/\/www.tucomarca.com\/wordpress\/segunda\/wp-json\/wp\/v2\/tags?post=300401"}],"curies":[{"name":"wp","href":"https:\/\/api.w.org\/{rel}","templated":true}]}}