{"id":300417,"date":"2026-04-30T12:20:00","date_gmt":"2026-04-30T10:20:00","guid":{"rendered":"https:\/\/www.tucomarca.com\/wordpress\/segunda\/?p=300417"},"modified":"2026-04-30T21:20:39","modified_gmt":"2026-04-30T19:20:39","slug":"detenido-tras-huir-de-la-policia-local-de-benifaio-con-mas-de-un-kilogramo-de-cocaina","status":"publish","type":"post","link":"https:\/\/www.tucomarca.com\/wordpress\/segunda\/detenido-tras-huir-de-la-policia-local-de-benifaio-con-mas-de-un-kilogramo-de-cocaina\/","title":{"rendered":"Detenido tras huir de la Polic\u00eda Local de Benifai\u00f3 con m\u00e1s de un kilogramo de coca\u00edna"},"content":{"rendered":"\n<h3 class=\"wp-block-heading\">Escap\u00f3 primero en su veh\u00edculo y, posteriormente, cuando se le localiz\u00f3, inici\u00f3 la fuga corriendo.<\/h3>\n\n\n\n<p>La Guardia Civil ha detenido en Benifai\u00f3 a un hombre que se dio a la fuga de la Polic\u00eda Local de Benifai\u00f3 y huy\u00f3 con 1.165 gramos de coca\u00edna y 3.236 euros en efectivo.&nbsp;<\/p>\n\n\n\n<p>Los hechos tuvieron lugar el pasado 11 de abril, cuando un veh\u00edculo se da a la fuga de una patrulla de Polic\u00eda Local de Benifai\u00f3. En ese momento se inicia un operativo para localizarlo en el que se implican varias patrullas y personal de la Guardia Civil.<\/p>\n\n\n\n<p>Posteriormente, se logra localizar el veh\u00edculo, momento en el que su ocupante sale corriendo a pie pero es interceptado por los agentes. En ese momento el autor se resiste a la intervenci\u00f3n policial pero finalmente se logra detenerlo.&nbsp;<\/p>\n\n\n\n<p>Se comprueba que, en el interior del veh\u00edculo hab\u00eda 1.165 gramos de coca\u00edna, adem\u00e1s de b\u00e1scula de precisi\u00f3n y \u00fatiles para preparar dosis individualizadas para la venta. Tambi\u00e9n se aprehenden 3.236 euros en efectivo que ten\u00eda el detenido entre sus pertenencias.<\/p>\n\n\n\n<p>Los agentes, al comprobar la identidad del detenido, se dan cuenta de que se trata de un interno del centro penitenciario de Picassent que se encuentra en r\u00e9gimen abierto cumpliendo pena por delitos anteriores de la misma naturaleza.<\/p>\n\n\n\n<p>Puesto el detenido a disposici\u00f3n judicial, la autoridad decreta su ingreso en prisi\u00f3n. Se trata de un hombre de 28 a\u00f1os y nacionalidad espa\u00f1ola al que se le imputa un delito contra la salud p\u00fablica (tr\u00e1fico de drogas), resistencia y desobediencia grave a agente de la autoridad y atentado a agente de la autoridad.&nbsp;<\/p>\n\n\n\n<p>La actuaci\u00f3n ha sido llevada a cabo por agentes del Puesto Principal de Almussafes y de la Polic\u00eda Local de Benifai\u00f3.\u00a0Las diligencias fueron entregadas en la Secci\u00f3n Civil y de Instrucci\u00f3n del Tribunal de Carlet Plaza n\u00famero 01.\u00a0<\/p>\n","protected":false},"excerpt":{"rendered":"<div class=\"mh-excerpt\">Escap\u00f3 primero en su veh\u00edculo y, posteriormente, cuando se le localiz\u00f3, inici\u00f3 la fuga corriendo. La Guardia Civil ha detenido en Benifai\u00f3 a un hombre que se dio a la fuga de la Polic\u00eda Local <a class=\"mh-excerpt-more\" href=\"https:\/\/www.tucomarca.com\/wordpress\/segunda\/detenido-tras-huir-de-la-policia-local-de-benifaio-con-mas-de-un-kilogramo-de-cocaina\/\" title=\"Detenido tras huir de la Polic\u00eda Local de Benifai\u00f3 con m\u00e1s de un kilogramo de coca\u00edna\">[+] <\/a><\/div>\n","protected":false},"author":12,"featured_media":300420,"comment_status":"closed","ping_status":"open","sticky":false,"template":"","format":"standard","meta":{"footnotes":""},"categories":[267,8,42,3,116,45],"tags":[10460,944,1098,1407],"class_list":{"0":"post-300417","1":"post","2":"type-post","3":"status-publish","4":"format-standard","5":"has-post-thumbnail","7":"category-benifaio","8":"category-la-comarca","9":"category-la-ribera","10":"category-seccion","11":"category-sucesos-la-comarca","12":"category-ventana","13":"tag-benifaio","14":"tag-cocaina","15":"tag-guardia-civil","16":"tag-ribera-alta"},"_links":{"self":[{"href":"https:\/\/www.tucomarca.com\/wordpress\/segunda\/wp-json\/wp\/v2\/posts\/300417","targetHints":{"allow":["GET"]}}],"collection":[{"href":"https:\/\/www.tucomarca.com\/wordpress\/segunda\/wp-json\/wp\/v2\/posts"}],"about":[{"href":"https:\/\/www.tucomarca.com\/wordpress\/segunda\/wp-json\/wp\/v2\/types\/post"}],"author":[{"embeddable":true,"href":"https:\/\/www.tucomarca.com\/wordpress\/segunda\/wp-json\/wp\/v2\/users\/12"}],"replies":[{"embeddable":true,"href":"https:\/\/www.tucomarca.com\/wordpress\/segunda\/wp-json\/wp\/v2\/comments?post=300417"}],"version-history":[{"count":2,"href":"https:\/\/www.tucomarca.com\/wordpress\/segunda\/wp-json\/wp\/v2\/posts\/300417\/revisions"}],"predecessor-version":[{"id":300532,"href":"https:\/\/www.tucomarca.com\/wordpress\/segunda\/wp-json\/wp\/v2\/posts\/300417\/revisions\/300532"}],"wp:featuredmedia":[{"embeddable":true,"href":"https:\/\/www.tucomarca.com\/wordpress\/segunda\/wp-json\/wp\/v2\/media\/300420"}],"wp:attachment":[{"href":"https:\/\/www.tucomarca.com\/wordpress\/segunda\/wp-json\/wp\/v2\/media?parent=300417"}],"wp:term":[{"taxonomy":"category","embeddable":true,"href":"https:\/\/www.tucomarca.com\/wordpress\/segunda\/wp-json\/wp\/v2\/categories?post=300417"},{"taxonomy":"post_tag","embeddable":true,"href":"https:\/\/www.tucomarca.com\/wordpress\/segunda\/wp-json\/wp\/v2\/tags?post=300417"}],"curies":[{"name":"wp","href":"https:\/\/api.w.org\/{rel}","templated":true}]}}