{"id":300424,"date":"2026-04-30T12:10:00","date_gmt":"2026-04-30T10:10:00","guid":{"rendered":"https:\/\/www.tucomarca.com\/wordpress\/segunda\/?p=300424"},"modified":"2026-04-30T21:23:05","modified_gmt":"2026-04-30T19:23:05","slug":"camarero-destaca-el-papel-del-centro-de-orientacion-para-el-empleo-de-labora-como-punto-clave-para-mejorar-la-empleabilidad-con-formulas-innovadoras-al-servicio-de-las-personas","status":"publish","type":"post","link":"https:\/\/www.tucomarca.com\/wordpress\/segunda\/camarero-destaca-el-papel-del-centro-de-orientacion-para-el-empleo-de-labora-como-punto-clave-para-mejorar-la-empleabilidad-con-formulas-innovadoras-al-servicio-de-las-personas\/","title":{"rendered":"Camarero destaca el papel del Centro de Orientaci\u00f3n para el Empleo de Labora como punto clave para mejorar la empleabilidad con f\u00f3rmulas innovadoras al servicio de las personas"},"content":{"rendered":"\n<h3 class=\"wp-block-heading\">La vicepresidenta comprueba el funcionamiento de las nuevas herramientas pioneras para el entrenamiento de entrevistas, basadas en inteligencia artificial, durante su\u00a0visita al COE.\u00a0<\/h3>\n\n\n\n<p>La vicepresidenta primera y consellera de Vivienda, Empleo, Juventud e Igualdad, Susana Camarero, ha visitado el Centro de Orientaci\u00f3n para el Empleo (COE) de Labora, donde ha destacado la importancia de la orientaci\u00f3n personalizada para mejorar la empleabilidad de las personas.<\/p>\n\n\n\n<p>El COE es un servicio especializado de Labora, que tiene como objetivo mejorar la empleabilidad mediante orientaci\u00f3n avanzada, diagn\u00f3stico individualizado y dise\u00f1o de itinerarios personalizados de inserci\u00f3n, prestando especial atenci\u00f3n a quienes acreditan mayores dificultades de acceso al mercado laboral.<\/p>\n\n\n\n<p>Durante la visita, Camarero ha se\u00f1alado que Labora es \u00abun servicio p\u00fablico que acompa\u00f1a, orienta y conecta a las personas con oportunidades reales de empleo\u201d, y ha subrayado el papel de estos centros como espacios clave para facilitar el acceso al mercado laboral.<\/p>\n\n\n\n<p>Asimismo, la vicepresidenta ha podido comprobar de primera mano el funcionamiento de las nuevas herramientas de entrenamiento de entrevistas basadas en inteligencia artificial. Este sistema permite a las personas usuarias practicar entrevistas de trabajo de forma aut\u00f3noma y personalizada a trav\u00e9s de un asistente virtual que recrea situaciones reales de selecci\u00f3n y ofrece un an\u00e1lisis detallado con recomendaciones para mejorar su desempe\u00f1o.<\/p>\n\n\n\n<figure class=\"wp-block-gallery has-nested-images columns-default is-cropped wp-block-gallery-1 is-layout-flex wp-block-gallery-is-layout-flex\">\n<figure class=\"wp-block-image size-large\"><img loading=\"lazy\" decoding=\"async\" width=\"945\" height=\"660\" data-id=\"300430\" src=\"https:\/\/www.tucomarca.com\/wordpress\/segunda\/wp-content\/uploads\/2026\/04\/Labora2.jpg\" alt=\"\" class=\"wp-image-300430\" srcset=\"https:\/\/www.tucomarca.com\/wordpress\/segunda\/wp-content\/uploads\/2026\/04\/Labora2.jpg 945w, https:\/\/www.tucomarca.com\/wordpress\/segunda\/wp-content\/uploads\/2026\/04\/Labora2-300x210.jpg 300w, https:\/\/www.tucomarca.com\/wordpress\/segunda\/wp-content\/uploads\/2026\/04\/Labora2-768x536.jpg 768w\" sizes=\"auto, (max-width: 945px) 100vw, 945px\" \/><\/figure>\n\n\n\n<figure class=\"wp-block-image size-large\"><img loading=\"lazy\" decoding=\"async\" width=\"945\" height=\"630\" data-id=\"300432\" src=\"https:\/\/www.tucomarca.com\/wordpress\/segunda\/wp-content\/uploads\/2026\/04\/Labora3.jpg\" alt=\"\" class=\"wp-image-300432\" srcset=\"https:\/\/www.tucomarca.com\/wordpress\/segunda\/wp-content\/uploads\/2026\/04\/Labora3.jpg 945w, https:\/\/www.tucomarca.com\/wordpress\/segunda\/wp-content\/uploads\/2026\/04\/Labora3-300x200.jpg 300w, https:\/\/www.tucomarca.com\/wordpress\/segunda\/wp-content\/uploads\/2026\/04\/Labora3-768x512.jpg 768w\" sizes=\"auto, (max-width: 945px) 100vw, 945px\" \/><\/figure>\n<\/figure>\n\n\n\n<p><\/p>\n\n\n\n<p>Esta innovaci\u00f3n incorpora un proceso estructurado que incluye una evaluaci\u00f3n inicial, el aprendizaje de t\u00e9cnicas de comunicaci\u00f3n y preparaci\u00f3n, y un entrenamiento guiado con &#8216;feedback&#8217; inmediato, lo que facilita mejorar la confianza y las competencias necesarias para afrontar procesos de selecci\u00f3n.<\/p>\n\n\n\n<p>La incorporaci\u00f3n de esta tecnolog\u00eda permite ofrecer un acompa\u00f1amiento m\u00e1s \u00e1gil y adaptado a cada perfil, reforzando la preparaci\u00f3n de las personas usuarias y mejorando sus oportunidades de acceso al mercado laboral.<\/p>\n\n\n\n<p>Asimismo, Camarero ha recordado que la Generalitat, a trav\u00e9s de Labora, impulsa pol\u00edticas activas de empleo centradas en la formaci\u00f3n, la orientaci\u00f3n y la intermediaci\u00f3n laboral, con el objetivo de mejorar la cualificaci\u00f3n y favorecer el acceso a un empleo digno.<\/p>\n\n\n\n<p>En este sentido, la titular de Empleo ha destacado la nueva convocatoria de ayudas para que los ayuntamientos contraten a mujeres desempleadas, con prioridad para mayores de 45 a\u00f1os, con el objetivo de mejorar su empleabilidad y facilitar su retorno al mercado laboral; as\u00ed como la l\u00ednea de ayudas dirigidas a los ayuntamientos para la contrataci\u00f3n de j\u00f3venes desempleados, que cuenta con una inversi\u00f3n de m\u00e1s de doce millones de euros, y que permitir\u00e1 que muchos j\u00f3venes tengan su primera experiencia laboral y comiencen su proyecto de vida.<\/p>\n\n\n\n<p>Del mismo modo, la vicepresidencia ha resaltado la l\u00ednea de ayudas de hasta 25.000 euros puesta en marcha desde Labora para las empresas valencianas que contraten a personas j\u00f3venes cualificadas de entre 16 y 30 a\u00f1os. Una convocatoria que cuenta con una dotaci\u00f3n presupuestaria de 3,7 millones de euros.<\/p>\n\n\n\n<p>En \u00faltima instancia, Camarero ha se\u00f1alado que el objetivo de este Consell \u201ces que cada persona que acuda a Labora encuentre una oportunidad y el acompa\u00f1amiento necesario para desarrollar su proyecto profesional\u201d.<\/p>\n","protected":false},"excerpt":{"rendered":"<div class=\"mh-excerpt\">La vicepresidenta comprueba el funcionamiento de las nuevas herramientas pioneras para el entrenamiento de entrevistas, basadas en inteligencia artificial, durante su\u00a0visita al COE.\u00a0 La vicepresidenta primera y consellera de Vivienda, Empleo, Juventud e Igualdad, Susana <a class=\"mh-excerpt-more\" href=\"https:\/\/www.tucomarca.com\/wordpress\/segunda\/camarero-destaca-el-papel-del-centro-de-orientacion-para-el-empleo-de-labora-como-punto-clave-para-mejorar-la-empleabilidad-con-formulas-innovadoras-al-servicio-de-las-personas\/\" title=\"Camarero destaca el papel del Centro de Orientaci\u00f3n para el Empleo de Labora como punto clave para mejorar la empleabilidad con f\u00f3rmulas innovadoras al servicio de las personas\">[+] <\/a><\/div>\n","protected":false},"author":12,"featured_media":300428,"comment_status":"closed","ping_status":"open","sticky":false,"template":"","format":"standard","meta":{"footnotes":""},"categories":[128,8,72,142,3,45],"tags":[10716,11484,21388],"class_list":{"0":"post-300424","1":"post","2":"type-post","3":"status-publish","4":"format-standard","5":"has-post-thumbnail","7":"category-infraestructuras","8":"category-la-comarca","9":"category-sin-categorizar","10":"category-politica-la-comarca","11":"category-seccion","12":"category-ventana","13":"tag-generalitat-valenciana","14":"tag-labora","15":"tag-susana-camarero"},"_links":{"self":[{"href":"https:\/\/www.tucomarca.com\/wordpress\/segunda\/wp-json\/wp\/v2\/posts\/300424","targetHints":{"allow":["GET"]}}],"collection":[{"href":"https:\/\/www.tucomarca.com\/wordpress\/segunda\/wp-json\/wp\/v2\/posts"}],"about":[{"href":"https:\/\/www.tucomarca.com\/wordpress\/segunda\/wp-json\/wp\/v2\/types\/post"}],"author":[{"embeddable":true,"href":"https:\/\/www.tucomarca.com\/wordpress\/segunda\/wp-json\/wp\/v2\/users\/12"}],"replies":[{"embeddable":true,"href":"https:\/\/www.tucomarca.com\/wordpress\/segunda\/wp-json\/wp\/v2\/comments?post=300424"}],"version-history":[{"count":3,"href":"https:\/\/www.tucomarca.com\/wordpress\/segunda\/wp-json\/wp\/v2\/posts\/300424\/revisions"}],"predecessor-version":[{"id":300534,"href":"https:\/\/www.tucomarca.com\/wordpress\/segunda\/wp-json\/wp\/v2\/posts\/300424\/revisions\/300534"}],"wp:featuredmedia":[{"embeddable":true,"href":"https:\/\/www.tucomarca.com\/wordpress\/segunda\/wp-json\/wp\/v2\/media\/300428"}],"wp:attachment":[{"href":"https:\/\/www.tucomarca.com\/wordpress\/segunda\/wp-json\/wp\/v2\/media?parent=300424"}],"wp:term":[{"taxonomy":"category","embeddable":true,"href":"https:\/\/www.tucomarca.com\/wordpress\/segunda\/wp-json\/wp\/v2\/categories?post=300424"},{"taxonomy":"post_tag","embeddable":true,"href":"https:\/\/www.tucomarca.com\/wordpress\/segunda\/wp-json\/wp\/v2\/tags?post=300424"}],"curies":[{"name":"wp","href":"https:\/\/api.w.org\/{rel}","templated":true}]}}