{"id":300437,"date":"2026-04-30T12:05:00","date_gmt":"2026-04-30T10:05:00","guid":{"rendered":"https:\/\/www.tucomarca.com\/wordpress\/segunda\/?p=300437"},"modified":"2026-04-30T21:28:43","modified_gmt":"2026-04-30T19:28:43","slug":"la-generalitat-activa-una-linea-de-ayudas-para-fortalecer-la-capacidad-de-adaptacion-de-los-territorios-valencianos-frente-a-los-impactos-meteorologicos","status":"publish","type":"post","link":"https:\/\/www.tucomarca.com\/wordpress\/segunda\/la-generalitat-activa-una-linea-de-ayudas-para-fortalecer-la-capacidad-de-adaptacion-de-los-territorios-valencianos-frente-a-los-impactos-meteorologicos\/","title":{"rendered":"La Generalitat activa una l\u00ednea de ayudas para fortalecer la capacidad de adaptaci\u00f3n de los territorios valencianos frente a los impactos meteorol\u00f3gicos"},"content":{"rendered":"\n<h3 class=\"wp-block-heading\">El plazo de solicitud para los planes de acci\u00f3n permanece abierto hasta el 30 de abril.<\/h3>\n\n\n\n<h3 class=\"wp-block-heading\">Incluye tambi\u00e9n apoyo espec\u00edfico para la redacci\u00f3n de los Planes de Acci\u00f3n para el Clima y la Energ\u00eda Sostenible por parte de los municipios.<\/h3>\n\n\n\n<p>La Generalitat Valenciana ha puesto en marcha una l\u00ednea de ayudas destinada a impulsar actuaciones para la soberan\u00eda energ\u00e9tica, la resiliencia del territorio y la adaptaci\u00f3n a los efectos meteorol\u00f3gicos adversos, que incluye tambi\u00e9n apoyo espec\u00edfico para la redacci\u00f3n de los Planes de Acci\u00f3n para el Clima y la Energ\u00eda Sostenible (PACES) por parte de los municipios.<\/p>\n\n\n\n<p>El objetivo de esta convocatoria es fortalecer la capacidad de adaptaci\u00f3n de los territorios valencianos frente a los impactos meteorol\u00f3gicos. Entre las actuaciones subvencionables se encuentran proyectos de renaturalizaci\u00f3n de parques y jardines, incremento y mejora del arbolado urbano, creaci\u00f3n de infraestructura verde, implantaci\u00f3n de zonas de sombra, as\u00ed como intervenciones que contribuyen a mitigar el efecto isla de calor y reforzar la biodiversidad urbana. Asimismo, se contempla la integraci\u00f3n de energ\u00edas renovables en instalaciones municipales.<\/p>\n\n\n\n<p>El plazo de solicitud permanece abierto hasta el 29 de abril para las ayudas destinadas a la soberan\u00eda energ\u00e9tica del municipio y resiliencia del territorio, y hasta el 30 de abril para la redacci\u00f3n de los Planes de Acci\u00f3n para el Clima y la Energ\u00eda Sostenible (PACES). Toda la informaci\u00f3n relativa a estas convocatorias puede consultarse en el DOGV n\u00fameros&nbsp;<a href=\"https:\/\/dogv.gva.es\/datos\/2026\/04\/08\/pdf\/2026_10272_es.pdf\" target=\"_blank\" rel=\"noreferrer noopener\">10337<\/a>&nbsp;y&nbsp;<a href=\"https:\/\/dogv.gva.es\/datos\/2026\/04\/09\/pdf\/2026_10271_es.pdf\" target=\"_blank\" rel=\"noreferrer noopener\">10338<\/a>, de los d\u00edas 8 y 9 de abril, respectivamente, as\u00ed como en la web de la Generalitat.&nbsp;<\/p>\n\n\n\n<p>La convocatoria incluye tambi\u00e9n ayudas para la elaboraci\u00f3n o actualizaci\u00f3n de los Planes de Acci\u00f3n para el Clima y la Energ\u00eda Sostenible (PACES), una herramienta fundamental para que los municipios puedan identificar riesgos clim\u00e1ticos, planificar medidas de adaptaci\u00f3n y mitigaci\u00f3n y definir actuaciones concretas frente a fen\u00f3menos meteorol\u00f3gicos adversos.<\/p>\n\n\n\n<p>Como elemento destacado, los criterios de valoraci\u00f3n de las actuaciones de adaptaci\u00f3n incorporan una puntuaci\u00f3n adicional de 10 puntos para aquellas iniciativas dirigidas a la renaturalizaci\u00f3n de espacios escolares, con el fin de mejorar el confort t\u00e9rmico en los centros educativos.&nbsp;<\/p>\n\n\n\n<p>De este modo, la Generalitat refuerza la planificaci\u00f3n clim\u00e1tica municipal como elemento clave para una anticipaci\u00f3n eficaz y una gesti\u00f3n responsable de los impactos medioambientales, alineando las pol\u00edticas locales con los objetivos auton\u00f3micos y europeos en materia de acci\u00f3n clim\u00e1tica y resiliencia territorial.<\/p>\n","protected":false},"excerpt":{"rendered":"<div class=\"mh-excerpt\">El plazo de solicitud para los planes de acci\u00f3n permanece abierto hasta el 30 de abril. Incluye tambi\u00e9n apoyo espec\u00edfico para la redacci\u00f3n de los Planes de Acci\u00f3n para el Clima y la Energ\u00eda Sostenible <a class=\"mh-excerpt-more\" href=\"https:\/\/www.tucomarca.com\/wordpress\/segunda\/la-generalitat-activa-una-linea-de-ayudas-para-fortalecer-la-capacidad-de-adaptacion-de-los-territorios-valencianos-frente-a-los-impactos-meteorologicos\/\" title=\"La Generalitat activa una l\u00ednea de ayudas para fortalecer la capacidad de adaptaci\u00f3n de los territorios valencianos frente a los impactos meteorol\u00f3gicos\">[+] <\/a><\/div>\n","protected":false},"author":12,"featured_media":300439,"comment_status":"closed","ping_status":"open","sticky":false,"template":"","format":"standard","meta":{"footnotes":""},"categories":[21465,128,8,72,117,142,3,116,45],"tags":[10716,24243],"class_list":{"0":"post-300437","1":"post","2":"type-post","3":"status-publish","4":"format-standard","5":"has-post-thumbnail","7":"category-dana","8":"category-infraestructuras","9":"category-la-comarca","10":"category-sin-categorizar","11":"category-medio-ambiente-la-comarca","12":"category-politica-la-comarca","13":"category-seccion","14":"category-sucesos-la-comarca","15":"category-ventana","16":"tag-generalitat-valenciana","17":"tag-impactos-meteorologicos"},"_links":{"self":[{"href":"https:\/\/www.tucomarca.com\/wordpress\/segunda\/wp-json\/wp\/v2\/posts\/300437","targetHints":{"allow":["GET"]}}],"collection":[{"href":"https:\/\/www.tucomarca.com\/wordpress\/segunda\/wp-json\/wp\/v2\/posts"}],"about":[{"href":"https:\/\/www.tucomarca.com\/wordpress\/segunda\/wp-json\/wp\/v2\/types\/post"}],"author":[{"embeddable":true,"href":"https:\/\/www.tucomarca.com\/wordpress\/segunda\/wp-json\/wp\/v2\/users\/12"}],"replies":[{"embeddable":true,"href":"https:\/\/www.tucomarca.com\/wordpress\/segunda\/wp-json\/wp\/v2\/comments?post=300437"}],"version-history":[{"count":2,"href":"https:\/\/www.tucomarca.com\/wordpress\/segunda\/wp-json\/wp\/v2\/posts\/300437\/revisions"}],"predecessor-version":[{"id":300536,"href":"https:\/\/www.tucomarca.com\/wordpress\/segunda\/wp-json\/wp\/v2\/posts\/300437\/revisions\/300536"}],"wp:featuredmedia":[{"embeddable":true,"href":"https:\/\/www.tucomarca.com\/wordpress\/segunda\/wp-json\/wp\/v2\/media\/300439"}],"wp:attachment":[{"href":"https:\/\/www.tucomarca.com\/wordpress\/segunda\/wp-json\/wp\/v2\/media?parent=300437"}],"wp:term":[{"taxonomy":"category","embeddable":true,"href":"https:\/\/www.tucomarca.com\/wordpress\/segunda\/wp-json\/wp\/v2\/categories?post=300437"},{"taxonomy":"post_tag","embeddable":true,"href":"https:\/\/www.tucomarca.com\/wordpress\/segunda\/wp-json\/wp\/v2\/tags?post=300437"}],"curies":[{"name":"wp","href":"https:\/\/api.w.org\/{rel}","templated":true}]}}