{"id":300463,"date":"2026-04-30T09:00:00","date_gmt":"2026-04-30T07:00:00","guid":{"rendered":"https:\/\/www.tucomarca.com\/wordpress\/segunda\/?p=300463"},"modified":"2026-04-30T21:16:24","modified_gmt":"2026-04-30T19:16:24","slug":"godelleta-celebra-con-gran-exito-su-i-feria-del-libro-y-consolida-un-nuevo-espacio-cultural-para-todo-el-municipio","status":"publish","type":"post","link":"https:\/\/www.tucomarca.com\/wordpress\/segunda\/godelleta-celebra-con-gran-exito-su-i-feria-del-libro-y-consolida-un-nuevo-espacio-cultural-para-todo-el-municipio\/","title":{"rendered":"Godelleta celebra con gran \u00e9xito su I Feria del Libro y consolida un nuevo espacio cultural para todo el municipio\u00a0"},"content":{"rendered":"\n<h3 class=\"wp-block-heading\">La Plaza Espa\u00f1a acogi\u00f3 el pasado s\u00e1bado \u00abLa Plaza de los Libros\u00bb, con la participaci\u00f3n de m\u00e1s de una quincena de autores y autoras, editoriales, librer\u00edas y entidades, y cientos de vecinos y vecinas.<\/h3>\n\n\n\n<h3 class=\"wp-block-heading\">Talleres creativos, cuentacuentos, juegos, sorteos y firmas de libros configuraron una jornada festiva y participativa para todos los p\u00fablicos.<\/h3>\n\n\n\n<h3 class=\"wp-block-heading\">La I Feria del Libro nace con vocaci\u00f3n de consolidarse como cita cultural de referencia en el calendario municipal de Godelleta.&nbsp;<\/h3>\n\n\n\n<p>La Plaza Espa\u00f1a de Godelleta se transform\u00f3 el pasado s\u00e1bado 25 de abril en \u00abLa Plaza de los Libros\u00bb, escenario de la I Feria del Libro de Godelleta, una jornada cultural que reuni\u00f3 a cientos de vecinos y vecinas en torno a la lectura, la creatividad y la cultura. La iniciativa, impulsada por la Biblioteca Municipal en colaboraci\u00f3n con el Ayuntamiento, super\u00f3 todas las expectativas en su primera edici\u00f3n y se consolida ya como una nueva cita en el calendario cultural del municipio.<\/p>\n\n\n\n<p>Desde las 10:00 horas, la plaza acogi\u00f3 un ambiente festivo y familiar en el que convivieron firmas de libros y talleres creativos para todas las edades: elaboraci\u00f3n de marionetas, bolsas y marcap\u00e1ginas pintados a mano, y un puesto para crear un exlibris propio desde cero. Completaron la jornada juegos de mesa, photocall, pintacaras y una sesi\u00f3n de cuentacuentos con \u00abEl Principito\u00bb que congreg\u00f3 a la infancia del municipio. Durante toda la ma\u00f1ana, la ciudadan\u00eda pudo disfrutar tambi\u00e9n de las pizzas reci\u00e9n hechas en horno de le\u00f1a de Manolo Mosconi, pizzero de eventos residente en Godelleta, que deleit\u00f3 a los y las asistentes tanto con sus recetas caseras como con sus acrobacias y espect\u00e1culo con la masa. La jornada matinal cerr\u00f3 a las 14:00 horas con el sorteo entre las casi 200 papeletas obtenidas al realizar compras en los stands, que premi\u00f3 a las dos personas ganadoras entre los aplausos de todos y todas las asistentes.\u00a0<\/p>\n\n\n\n<figure class=\"wp-block-gallery has-nested-images columns-2 is-cropped wp-block-gallery-1 is-layout-flex wp-block-gallery-is-layout-flex\">\n<figure class=\"wp-block-image size-large\"><img loading=\"lazy\" decoding=\"async\" width=\"945\" height=\"531\" data-id=\"300467\" src=\"https:\/\/www.tucomarca.com\/wordpress\/segunda\/wp-content\/uploads\/2026\/04\/GodelletaFeriaLibro2.jpg\" alt=\"\" class=\"wp-image-300467\" srcset=\"https:\/\/www.tucomarca.com\/wordpress\/segunda\/wp-content\/uploads\/2026\/04\/GodelletaFeriaLibro2.jpg 945w, https:\/\/www.tucomarca.com\/wordpress\/segunda\/wp-content\/uploads\/2026\/04\/GodelletaFeriaLibro2-300x169.jpg 300w, https:\/\/www.tucomarca.com\/wordpress\/segunda\/wp-content\/uploads\/2026\/04\/GodelletaFeriaLibro2-768x432.jpg 768w, https:\/\/www.tucomarca.com\/wordpress\/segunda\/wp-content\/uploads\/2026\/04\/GodelletaFeriaLibro2-678x381.jpg 678w\" sizes=\"auto, (max-width: 945px) 100vw, 945px\" \/><\/figure>\n\n\n\n<figure class=\"wp-block-image size-large\"><img loading=\"lazy\" decoding=\"async\" width=\"945\" height=\"532\" data-id=\"300471\" src=\"https:\/\/www.tucomarca.com\/wordpress\/segunda\/wp-content\/uploads\/2026\/04\/GodelletaFeriaLibro4.jpg\" alt=\"\" class=\"wp-image-300471\" srcset=\"https:\/\/www.tucomarca.com\/wordpress\/segunda\/wp-content\/uploads\/2026\/04\/GodelletaFeriaLibro4.jpg 945w, https:\/\/www.tucomarca.com\/wordpress\/segunda\/wp-content\/uploads\/2026\/04\/GodelletaFeriaLibro4-300x169.jpg 300w, https:\/\/www.tucomarca.com\/wordpress\/segunda\/wp-content\/uploads\/2026\/04\/GodelletaFeriaLibro4-768x432.jpg 768w, https:\/\/www.tucomarca.com\/wordpress\/segunda\/wp-content\/uploads\/2026\/04\/GodelletaFeriaLibro4-678x381.jpg 678w\" sizes=\"auto, (max-width: 945px) 100vw, 945px\" \/><\/figure>\n\n\n\n<figure class=\"wp-block-image size-large\"><img loading=\"lazy\" decoding=\"async\" width=\"945\" height=\"532\" data-id=\"300465\" src=\"https:\/\/www.tucomarca.com\/wordpress\/segunda\/wp-content\/uploads\/2026\/04\/GodelletaFeriaLibro1.jpg\" alt=\"\" class=\"wp-image-300465\" srcset=\"https:\/\/www.tucomarca.com\/wordpress\/segunda\/wp-content\/uploads\/2026\/04\/GodelletaFeriaLibro1.jpg 945w, https:\/\/www.tucomarca.com\/wordpress\/segunda\/wp-content\/uploads\/2026\/04\/GodelletaFeriaLibro1-300x169.jpg 300w, https:\/\/www.tucomarca.com\/wordpress\/segunda\/wp-content\/uploads\/2026\/04\/GodelletaFeriaLibro1-768x432.jpg 768w, https:\/\/www.tucomarca.com\/wordpress\/segunda\/wp-content\/uploads\/2026\/04\/GodelletaFeriaLibro1-678x381.jpg 678w\" sizes=\"auto, (max-width: 945px) 100vw, 945px\" \/><\/figure>\n<\/figure>\n\n\n\n<p>La feria cont\u00f3 con la participaci\u00f3n de m\u00e1s de una quincena de autores y autoras locales o de poblaciones vecinas, que firmaron ejemplares a lo largo de toda la ma\u00f1ana: Amparo Peris, Helga Fern\u00e1ndez, Xavier Mart\u00ednez, Marta Roso, Carmen Yeves, Bel\u00e9n L\u00f3pez, Sonia V\u00e1zquez, Jos\u00e9 M\u00aa Mira, Ana Torrero, Teodoro Vallet, Eli Esteve, Pablo Rodr\u00edguez Cort\u00e9s, Emilio Preciado Terrades y Federico Verdet G\u00f3mez, entre otros. La feria acogi\u00f3 tambi\u00e9n a artistas que pintaron en directo, como John Clark y Heidy Greising, y cont\u00f3 con la presencia de editoriales como Bromera y Vinatea, la librer\u00eda Librolandia, la Papeler\u00eda Miguel Antonio y entidades como la Asociaci\u00f3n de Lectura F\u00e1cil de la Comunitat Valenciana, la Fundaci\u00f3n Vicente Ferrer, CataRoja, la Mancomunitat Hoya de Bu\u00f1ol-Chiva, Hoya Diversa, Naturae y La Colmena Domo.\u00a0<\/p>\n\n\n\n<p>La exitosa jornada fue tambi\u00e9n el resultado de un trabajo previo compartido con la comunidad. La infancia del municipio particip\u00f3 en talleres de manualidades previos al evento, elaborando decoraciones que formaron parte de la propia feria. Un grupo de personas voluntarias del municipio sum\u00f3 adem\u00e1s su tiempo y dedicaci\u00f3n a la organizaci\u00f3n, convirtiendo la iniciativa en un proyecto verdaderamente colectivo.&nbsp;<\/p>\n\n\n\n<p>La concejala de Educaci\u00f3n, Cultura, Fiestas y Servicios Municipales, Paqui Rico L\u00e1zaro, valor\u00f3 muy positivamente el resultado: \u201chemos visto a Godelleta volcarse con su primera Feria del Libro y eso es exactamente lo que busc\u00e1bamos: que la cultura sea un punto de encuentro para todo el vecindario. Esta primera edici\u00f3n nos ha demostrado que hab\u00eda mucho inter\u00e9s y que tenemos capacidad para organizar eventos culturales de primer nivel. Seguiremos trabajando para que el a\u00f1o que viene sea a\u00fan mejor. Y todo esto no habr\u00eda sido posible sin Maite Pic\u00f3, nuestra bibliotecaria, que ha dedicado meses de trabajo, ilusi\u00f3n y esfuerzo para hacer realidad esta primera edici\u00f3n.\u201d&nbsp;<\/p>\n\n\n\n<p>La bibliotecaria municipal, Maite Pic\u00f3, principal impulsora de la feria, expres\u00f3 su satisfacci\u00f3n tras el \u00e9xito de la jornada: \u00abVer la plaza llena de familias, de ni\u00f1os y ni\u00f1as con libros en la mano, de vecinos y vecinas descubriendo autores nuevos&#8230; es el mejor resultado posible. Esto es lo que hace la biblioteca: abrir puertas. Y el \u00e9xito de la Feria nos demuestra una vez m\u00e1s que la ciudadan\u00eda de Godelleta est\u00e1 volcada con la cultura, y que el pueblo est\u00e1 m\u00e1s vivo que nunca.\u201d&nbsp;<\/p>\n\n\n\n<p>La jornada se complet\u00f3 por la tarde con el concierto del VII Ciclo de M\u00fasica de C\u00e1mara de Godelleta, que acogi\u00f3 en el Sal\u00f3n de Actos del Ayuntamiento las actuaciones de Liblikad Duo y el Tr\u00edo Aurum Ventorum a beneficio de Payasospital.&nbsp;<\/p>\n","protected":false},"excerpt":{"rendered":"<div class=\"mh-excerpt\">La Plaza Espa\u00f1a acogi\u00f3 el pasado s\u00e1bado \u00abLa Plaza de los Libros\u00bb, con la participaci\u00f3n de m\u00e1s de una quincena de autores y autoras, editoriales, librer\u00edas y entidades, y cientos de vecinos y vecinas. Talleres <a class=\"mh-excerpt-more\" href=\"https:\/\/www.tucomarca.com\/wordpress\/segunda\/godelleta-celebra-con-gran-exito-su-i-feria-del-libro-y-consolida-un-nuevo-espacio-cultural-para-todo-el-municipio\/\" title=\"Godelleta celebra con gran \u00e9xito su I Feria del Libro y consolida un nuevo espacio cultural para todo el municipio\u00a0\">[+] <\/a><\/div>\n","protected":false},"author":12,"featured_media":300469,"comment_status":"closed","ping_status":"open","sticky":false,"template":"","format":"gallery","meta":{"footnotes":""},"categories":[14,8,10,7,3],"tags":[88,10383,5952],"class_list":{"0":"post-300463","1":"post","2":"type-post","3":"status-publish","4":"format-gallery","5":"has-post-thumbnail","7":"category-godelleta","8":"category-la-comarca","9":"category-la-hoya","10":"category-ocio-y-cultura","11":"category-seccion","12":"tag-feria-del-libro","13":"tag-godelleta","14":"tag-la-hoya-de-bunol-chiva","15":"post_format-post-format-gallery"},"_links":{"self":[{"href":"https:\/\/www.tucomarca.com\/wordpress\/segunda\/wp-json\/wp\/v2\/posts\/300463","targetHints":{"allow":["GET"]}}],"collection":[{"href":"https:\/\/www.tucomarca.com\/wordpress\/segunda\/wp-json\/wp\/v2\/posts"}],"about":[{"href":"https:\/\/www.tucomarca.com\/wordpress\/segunda\/wp-json\/wp\/v2\/types\/post"}],"author":[{"embeddable":true,"href":"https:\/\/www.tucomarca.com\/wordpress\/segunda\/wp-json\/wp\/v2\/users\/12"}],"replies":[{"embeddable":true,"href":"https:\/\/www.tucomarca.com\/wordpress\/segunda\/wp-json\/wp\/v2\/comments?post=300463"}],"version-history":[{"count":2,"href":"https:\/\/www.tucomarca.com\/wordpress\/segunda\/wp-json\/wp\/v2\/posts\/300463\/revisions"}],"predecessor-version":[{"id":300473,"href":"https:\/\/www.tucomarca.com\/wordpress\/segunda\/wp-json\/wp\/v2\/posts\/300463\/revisions\/300473"}],"wp:featuredmedia":[{"embeddable":true,"href":"https:\/\/www.tucomarca.com\/wordpress\/segunda\/wp-json\/wp\/v2\/media\/300469"}],"wp:attachment":[{"href":"https:\/\/www.tucomarca.com\/wordpress\/segunda\/wp-json\/wp\/v2\/media?parent=300463"}],"wp:term":[{"taxonomy":"category","embeddable":true,"href":"https:\/\/www.tucomarca.com\/wordpress\/segunda\/wp-json\/wp\/v2\/categories?post=300463"},{"taxonomy":"post_tag","embeddable":true,"href":"https:\/\/www.tucomarca.com\/wordpress\/segunda\/wp-json\/wp\/v2\/tags?post=300463"}],"curies":[{"name":"wp","href":"https:\/\/api.w.org\/{rel}","templated":true}]}}