{"id":300480,"date":"2026-04-30T12:15:00","date_gmt":"2026-04-30T10:15:00","guid":{"rendered":"https:\/\/www.tucomarca.com\/wordpress\/segunda\/?p=300480"},"modified":"2026-04-30T21:09:52","modified_gmt":"2026-04-30T19:09:52","slug":"la-generalitat-y-la-diputacion-de-valencia-estrechan-su-colaboracion-para-fomentar-la-transparencia-y-la-participacion-ciudadana-en-el-ambito-local","status":"publish","type":"post","link":"https:\/\/www.tucomarca.com\/wordpress\/segunda\/la-generalitat-y-la-diputacion-de-valencia-estrechan-su-colaboracion-para-fomentar-la-transparencia-y-la-participacion-ciudadana-en-el-ambito-local\/","title":{"rendered":"La Generalitat y la Diputaci\u00f3n de Val\u00e8ncia estrechan su colaboraci\u00f3n para fomentar la transparencia y la participaci\u00f3n ciudadana en el \u00e1mbito local"},"content":{"rendered":"\n<h3 class=\"wp-block-heading\">Nuria Mart\u00ednez\u00a0cierra con la diputada Amparo Folgado la ronda de encuentros con las tres diputaciones provinciales para afianzar v\u00edas de colaboraci\u00f3n.<\/h3>\n\n\n\n<p>La consellera de Justicia, Transparencia y Participaci\u00f3n, Nuria Mart\u00ednez, ha mantenido una reuni\u00f3n de trabajo con la diputada de Gobierno Abierto e Integridad Institucional de la Diputaci\u00f3n de Val\u00e8ncia, Amparo Folgado, con el objetivo de afianzar la cooperaci\u00f3n institucional en materia de transparencia, participaci\u00f3n ciudadana y buen gobierno.<\/p>\n\n\n\n<p>Este encuentro cierra la ronda de contactos que la titular de Justicia ha mantenido con los responsables de las tres corporaciones provinciales de la Comunitat Valenciana para coordinar acciones conjuntas y optimizar los recursos p\u00fablicos destinados a fomentar la integridad institucional.<\/p>\n\n\n\n<p>Durante la reuni\u00f3n, Mart\u00ednez y Folgado han abordado la renovaci\u00f3n y actualizaci\u00f3n de los convenios de colaboraci\u00f3n en materia de participaci\u00f3n y transparencia. En este sentido, la consellera ha destacado la importancia de que las administraciones trabajen \u201cde forma sincronizada para ofrecer a la ciudadan\u00eda una gesti\u00f3n p\u00fablica cercana y eficiente\u201d.<\/p>\n\n\n\n<p>En el encuentro tambi\u00e9n han participado la secretaria auton\u00f3mica de Transparencia y Participaci\u00f3n, Carmen Uriol, el director general de Transparencia, Jorge Bellver, y el director general de Participaci\u00f3n, Jos\u00e9 T\u00e1rrega.<\/p>\n\n\n\n<p>Con esta reuni\u00f3n, la Conselleria de Justicia, Transparencia y Participaci\u00f3n consolida un frente com\u00fan con las tres diputaciones para avanzar en un modelo de administraci\u00f3n abierta y cercana a los ciudadanos de las provincias de Alicante, Castell\u00f3n y Valencia.<\/p>\n","protected":false},"excerpt":{"rendered":"<div class=\"mh-excerpt\">Nuria Mart\u00ednez\u00a0cierra con la diputada Amparo Folgado la ronda de encuentros con las tres diputaciones provinciales para afianzar v\u00edas de colaboraci\u00f3n. La consellera de Justicia, Transparencia y Participaci\u00f3n, Nuria Mart\u00ednez, ha mantenido una reuni\u00f3n de <a class=\"mh-excerpt-more\" href=\"https:\/\/www.tucomarca.com\/wordpress\/segunda\/la-generalitat-y-la-diputacion-de-valencia-estrechan-su-colaboracion-para-fomentar-la-transparencia-y-la-participacion-ciudadana-en-el-ambito-local\/\" title=\"La Generalitat y la Diputaci\u00f3n de Val\u00e8ncia estrechan su colaboraci\u00f3n para fomentar la transparencia y la participaci\u00f3n ciudadana en el \u00e1mbito local\">[+] <\/a><\/div>\n","protected":false},"author":12,"featured_media":300482,"comment_status":"closed","ping_status":"open","sticky":false,"template":"","format":"standard","meta":{"footnotes":""},"categories":[128,8,72,142,3,45],"tags":[3677,10716,2510],"class_list":{"0":"post-300480","1":"post","2":"type-post","3":"status-publish","4":"format-standard","5":"has-post-thumbnail","7":"category-infraestructuras","8":"category-la-comarca","9":"category-sin-categorizar","10":"category-politica-la-comarca","11":"category-seccion","12":"category-ventana","13":"tag-diputacio-de-valencia","14":"tag-generalitat-valenciana","15":"tag-transparencia"},"_links":{"self":[{"href":"https:\/\/www.tucomarca.com\/wordpress\/segunda\/wp-json\/wp\/v2\/posts\/300480","targetHints":{"allow":["GET"]}}],"collection":[{"href":"https:\/\/www.tucomarca.com\/wordpress\/segunda\/wp-json\/wp\/v2\/posts"}],"about":[{"href":"https:\/\/www.tucomarca.com\/wordpress\/segunda\/wp-json\/wp\/v2\/types\/post"}],"author":[{"embeddable":true,"href":"https:\/\/www.tucomarca.com\/wordpress\/segunda\/wp-json\/wp\/v2\/users\/12"}],"replies":[{"embeddable":true,"href":"https:\/\/www.tucomarca.com\/wordpress\/segunda\/wp-json\/wp\/v2\/comments?post=300480"}],"version-history":[{"count":2,"href":"https:\/\/www.tucomarca.com\/wordpress\/segunda\/wp-json\/wp\/v2\/posts\/300480\/revisions"}],"predecessor-version":[{"id":300529,"href":"https:\/\/www.tucomarca.com\/wordpress\/segunda\/wp-json\/wp\/v2\/posts\/300480\/revisions\/300529"}],"wp:featuredmedia":[{"embeddable":true,"href":"https:\/\/www.tucomarca.com\/wordpress\/segunda\/wp-json\/wp\/v2\/media\/300482"}],"wp:attachment":[{"href":"https:\/\/www.tucomarca.com\/wordpress\/segunda\/wp-json\/wp\/v2\/media?parent=300480"}],"wp:term":[{"taxonomy":"category","embeddable":true,"href":"https:\/\/www.tucomarca.com\/wordpress\/segunda\/wp-json\/wp\/v2\/categories?post=300480"},{"taxonomy":"post_tag","embeddable":true,"href":"https:\/\/www.tucomarca.com\/wordpress\/segunda\/wp-json\/wp\/v2\/tags?post=300480"}],"curies":[{"name":"wp","href":"https:\/\/api.w.org\/{rel}","templated":true}]}}