{"id":300492,"date":"2026-04-30T11:00:00","date_gmt":"2026-04-30T09:00:00","guid":{"rendered":"https:\/\/www.tucomarca.com\/wordpress\/segunda\/?p=300492"},"modified":"2026-04-30T20:52:15","modified_gmt":"2026-04-30T18:52:15","slug":"la-unio-municipalista-entrega-mas-de-11-000-firmas-en-les-corts-para-bajar-el-liston-electoral-al-3","status":"publish","type":"post","link":"https:\/\/www.tucomarca.com\/wordpress\/segunda\/la-unio-municipalista-entrega-mas-de-11-000-firmas-en-les-corts-para-bajar-el-liston-electoral-al-3\/","title":{"rendered":"La Uni\u00f3 Municipalista entrega m\u00e1s de 11.000 firmas en Les Corts para bajar el list\u00f3n electoral al 3%"},"content":{"rendered":"\n<h3 class=\"wp-block-heading\">La ILP propone modificar el sistema electoral valenciano para aumentar la representatividad y equipararlo al de otras comunidades aut\u00f3nomas que ya aplican el 3%.<\/h3>\n\n\n\n<h3 class=\"wp-block-heading\">Jorge Rodr\u00edguez: \u201cQueremos acabar con una anomal\u00eda democr\u00e1tica que hace que exista una infrarrepresentaci\u00f3n del voto y aumente la desafecci\u00f3n ciudadana\u201d.<\/h3>\n\n\n\n<p>La Uni\u00f3 Municipalista, la confederaci\u00f3n de partidos independientes, ha formalizado este mi\u00e9rcoles frente a Les Corts Valencianes la entrega de las firmas para impulsar la reforma de la Ley electoral valenciana a trav\u00e9s de su Iniciativa Legislativa Popular (ILP).&nbsp;La entrega se ha efectuado de manera oficial coincidiendo con la celebraci\u00f3n de la sesi\u00f3n plenaria en la c\u00e1mara auton\u00f3mica. En total, se han presentado m\u00e1s 11.000 firmas, m\u00e1s de los apoyos exigidos por la normativa (10.000) para llevar la propuesta a debate parlamentario.&nbsp;La propuesta plantea reducir el list\u00f3n electoral del 5% al 3% y que el c\u00f3mputo de votos se realice a nivel provincial y no auton\u00f3mico para avanzar hacia un sistema m\u00e1s justo, representativo y que refleje mejor la pluralidad pol\u00edtica y territorial.<\/p>\n\n\n\n<p>La entrega formal de las firmas ha contado con la presencia del alcalde de Ontinyent y coordinador general Uni\u00f3n Municipalista Comunitat Valenciana, Jorge Rodr\u00edguez; la vicepresidenta primera de la Diputaci\u00f3n de Val\u00e8ncia y coordinadora provincial Uni\u00f3n Municipalista, Natalia Enguix; David Garc\u00eda, alcalde de Nules y presidente de la Uni\u00f3n Municipalista y To\u00f1o Carratal\u00e1, alcalde de Alberic y director general de la&nbsp;Federaci\u00f3n&nbsp;Valenciana de&nbsp;Municipios y Provincias. En las puertas de Les Corts, han estado acompa\u00f1ados por representantes de diferentes formaciones pol\u00edticas municipales que integran esta plataforma venidos de distintos puntos de la Comunitat Valenciana.<\/p>\n\n\n\n<figure class=\"wp-block-gallery has-nested-images columns-2 is-cropped wp-block-gallery-1 is-layout-flex wp-block-gallery-is-layout-flex\">\n<figure class=\"wp-block-image size-large\"><img loading=\"lazy\" decoding=\"async\" width=\"1024\" height=\"651\" data-id=\"300501\" src=\"https:\/\/www.tucomarca.com\/wordpress\/segunda\/wp-content\/uploads\/2026\/04\/UnionMunicipalistas3-1024x651.jpg\" alt=\"\" class=\"wp-image-300501\" srcset=\"https:\/\/www.tucomarca.com\/wordpress\/segunda\/wp-content\/uploads\/2026\/04\/UnionMunicipalistas3-1024x651.jpg 1024w, https:\/\/www.tucomarca.com\/wordpress\/segunda\/wp-content\/uploads\/2026\/04\/UnionMunicipalistas3-300x191.jpg 300w, https:\/\/www.tucomarca.com\/wordpress\/segunda\/wp-content\/uploads\/2026\/04\/UnionMunicipalistas3-768x488.jpg 768w, https:\/\/www.tucomarca.com\/wordpress\/segunda\/wp-content\/uploads\/2026\/04\/UnionMunicipalistas3-1536x977.jpg 1536w, https:\/\/www.tucomarca.com\/wordpress\/segunda\/wp-content\/uploads\/2026\/04\/UnionMunicipalistas3-2048x1303.jpg 2048w\" sizes=\"auto, (max-width: 1024px) 100vw, 1024px\" \/><figcaption class=\"wp-element-caption\"> <\/figcaption><\/figure>\n<\/figure>\n\n\n\n<p><\/p>\n\n\n\n<p>Antes de la entrega de las firmas, y ante los medios de comunicaci\u00f3n, el alcalde de Ontinyent y coordinador general de la Uni\u00f3n Municipalista,&nbsp;Jorge Rodr\u00edguez, ha se\u00f1alado que \u201clo que pretendemos es acabar con una anomal\u00eda democr\u00e1tica y tratar de que el voto de la ciudadan\u00eda tenga su reflejo en Les Corts. Una anomal\u00eda democr\u00e1tica que existe solo en la Comunidad Valenciana y en pocos territorios m\u00e1s y que hace que exista una infrarrepresentaci\u00f3n del voto ciudadano: Tenemos una necesidad luchar contra la desafecci\u00f3n ciudadana, que muchas veces ve como su voto no obtiene nunca representaci\u00f3n. Para nosotros esta iniciativa ya ha sido un \u00e9xito porque nos ha permitido conocer mejor realidades que para nosotros son importantes. Y el hecho de que Les Corts debatan un asunto como la barrera electoral, para nosotros ya es positivo con independencia del resultado, que l\u00f3gicamente deseamos que sea el que pretendemos y por el que estamos trabajando\u201d.<\/p>\n\n\n\n<figure class=\"wp-block-gallery has-nested-images columns-2 is-cropped wp-block-gallery-2 is-layout-flex wp-block-gallery-is-layout-flex\">\n<figure class=\"wp-block-image size-large\"><img loading=\"lazy\" decoding=\"async\" width=\"1024\" height=\"677\" data-id=\"300503\" src=\"https:\/\/www.tucomarca.com\/wordpress\/segunda\/wp-content\/uploads\/2026\/04\/UnionMunicipalistas4-1024x677.jpg\" alt=\"\" class=\"wp-image-300503\" srcset=\"https:\/\/www.tucomarca.com\/wordpress\/segunda\/wp-content\/uploads\/2026\/04\/UnionMunicipalistas4-1024x677.jpg 1024w, https:\/\/www.tucomarca.com\/wordpress\/segunda\/wp-content\/uploads\/2026\/04\/UnionMunicipalistas4-300x198.jpg 300w, https:\/\/www.tucomarca.com\/wordpress\/segunda\/wp-content\/uploads\/2026\/04\/UnionMunicipalistas4-768x508.jpg 768w, https:\/\/www.tucomarca.com\/wordpress\/segunda\/wp-content\/uploads\/2026\/04\/UnionMunicipalistas4-1536x1015.jpg 1536w, https:\/\/www.tucomarca.com\/wordpress\/segunda\/wp-content\/uploads\/2026\/04\/UnionMunicipalistas4-2048x1354.jpg 2048w\" sizes=\"auto, (max-width: 1024px) 100vw, 1024px\" \/><figcaption class=\"wp-element-caption\"> <\/figcaption><\/figure>\n<\/figure>\n\n\n\n<p><\/p>\n\n\n\n<p>En la misma l\u00ednea se ha pronunciado el presidente de la Uni\u00f3n Municipalista,&nbsp;David Garc\u00eda, al exponer que \u201cla reforma de la ley electoral es una deuda pendiente con la ciudadan\u00eda, que va en la l\u00ednea de asegurar que haya una representatividad m\u00e1s acorde a la diversidad de nuestra sociedad, para garantizar el principio consagrado en la Constituci\u00f3n Espa\u00f1ola del pluralismo pol\u00edtico\u00bb. Garc\u00eda ha incidido en que con esta modificaci\u00f3n se quiere garantizar una mejor representaci\u00f3n tanto de las provincias como de los diferentes grupos pol\u00edticos en el Parlamento valenciano.<\/p>\n\n\n\n<p>Esta petici\u00f3n sit\u00faa a la Comunitat Valenciana en la l\u00ednea de otras ocho comunidades aut\u00f3nomas \u2014Pa\u00eds Vasco, Catalu\u00f1a, Andaluc\u00eda, Asturias, Arag\u00f3n, Castilla-La Mancha, Navarra y Castilla y Le\u00f3n\u2014 que ya cuentan con un umbral del 3%, lo que evidencia que la propuesta es un acto de normalidad democr\u00e1tica.<\/p>\n\n\n\n<figure class=\"wp-block-gallery has-nested-images columns-2 is-cropped wp-block-gallery-3 is-layout-flex wp-block-gallery-is-layout-flex\">\n<figure class=\"wp-block-image size-large\"><img loading=\"lazy\" decoding=\"async\" width=\"1024\" height=\"671\" data-id=\"300499\" src=\"https:\/\/www.tucomarca.com\/wordpress\/segunda\/wp-content\/uploads\/2026\/04\/UnionMunicipalistas2-1024x671.jpg\" alt=\"\" class=\"wp-image-300499\" srcset=\"https:\/\/www.tucomarca.com\/wordpress\/segunda\/wp-content\/uploads\/2026\/04\/UnionMunicipalistas2-1024x671.jpg 1024w, https:\/\/www.tucomarca.com\/wordpress\/segunda\/wp-content\/uploads\/2026\/04\/UnionMunicipalistas2-300x197.jpg 300w, https:\/\/www.tucomarca.com\/wordpress\/segunda\/wp-content\/uploads\/2026\/04\/UnionMunicipalistas2-768x503.jpg 768w, https:\/\/www.tucomarca.com\/wordpress\/segunda\/wp-content\/uploads\/2026\/04\/UnionMunicipalistas2-1536x1006.jpg 1536w, https:\/\/www.tucomarca.com\/wordpress\/segunda\/wp-content\/uploads\/2026\/04\/UnionMunicipalistas2-2048x1341.jpg 2048w\" sizes=\"auto, (max-width: 1024px) 100vw, 1024px\" \/><figcaption class=\"wp-element-caption\"> <\/figcaption><\/figure>\n<\/figure>\n\n\n\n<p><\/p>\n\n\n\n<p>Por su parte, la vicepresidenta primera de la Diputaci\u00f3n de Valencia,&nbsp;Natalia Enguix, ha recordado que esta reivindicaci\u00f3n ya fue motivo de debate institucional, puesto que el Pleno de la Diputaci\u00f3n de Valencia ya inst\u00f3 formalmente a la Generalitat a rebajar el umbral electoral al 3%. Enguix ha remarcado que \u201ccon la entrega de las firmas, estamos m\u00e1s cerca de lograr una democracia real. Ahora mismo hay ciudadan\u00eda que tiene menos valor en funci\u00f3n del territorio donde vive. Ha llegado el momento de abrir las instituciones a la pluralidad y poner fin a las reglas que solo benefician a los de siempre\u201d.<\/p>\n","protected":false},"excerpt":{"rendered":"<div class=\"mh-excerpt\">La ILP propone modificar el sistema electoral valenciano para aumentar la representatividad y equipararlo al de otras comunidades aut\u00f3nomas que ya aplican el 3%. Jorge Rodr\u00edguez: \u201cQueremos acabar con una anomal\u00eda democr\u00e1tica que hace que <a class=\"mh-excerpt-more\" href=\"https:\/\/www.tucomarca.com\/wordpress\/segunda\/la-unio-municipalista-entrega-mas-de-11-000-firmas-en-les-corts-para-bajar-el-liston-electoral-al-3\/\" title=\"La Uni\u00f3 Municipalista entrega m\u00e1s de 11.000 firmas en Les Corts para bajar el list\u00f3n electoral al 3%\">[+] <\/a><\/div>\n","protected":false},"author":1,"featured_media":300495,"comment_status":"closed","ping_status":"open","sticky":false,"template":"","format":"gallery","meta":{"footnotes":""},"categories":[128,8,72,142,3,45],"tags":[2142,20348],"class_list":{"0":"post-300492","1":"post","2":"type-post","3":"status-publish","4":"format-gallery","5":"has-post-thumbnail","7":"category-infraestructuras","8":"category-la-comarca","9":"category-sin-categorizar","10":"category-politica-la-comarca","11":"category-seccion","12":"category-ventana","13":"tag-la-comunitat","14":"tag-union-municipalista","15":"post_format-post-format-gallery"},"_links":{"self":[{"href":"https:\/\/www.tucomarca.com\/wordpress\/segunda\/wp-json\/wp\/v2\/posts\/300492","targetHints":{"allow":["GET"]}}],"collection":[{"href":"https:\/\/www.tucomarca.com\/wordpress\/segunda\/wp-json\/wp\/v2\/posts"}],"about":[{"href":"https:\/\/www.tucomarca.com\/wordpress\/segunda\/wp-json\/wp\/v2\/types\/post"}],"author":[{"embeddable":true,"href":"https:\/\/www.tucomarca.com\/wordpress\/segunda\/wp-json\/wp\/v2\/users\/1"}],"replies":[{"embeddable":true,"href":"https:\/\/www.tucomarca.com\/wordpress\/segunda\/wp-json\/wp\/v2\/comments?post=300492"}],"version-history":[{"count":2,"href":"https:\/\/www.tucomarca.com\/wordpress\/segunda\/wp-json\/wp\/v2\/posts\/300492\/revisions"}],"predecessor-version":[{"id":300515,"href":"https:\/\/www.tucomarca.com\/wordpress\/segunda\/wp-json\/wp\/v2\/posts\/300492\/revisions\/300515"}],"wp:featuredmedia":[{"embeddable":true,"href":"https:\/\/www.tucomarca.com\/wordpress\/segunda\/wp-json\/wp\/v2\/media\/300495"}],"wp:attachment":[{"href":"https:\/\/www.tucomarca.com\/wordpress\/segunda\/wp-json\/wp\/v2\/media?parent=300492"}],"wp:term":[{"taxonomy":"category","embeddable":true,"href":"https:\/\/www.tucomarca.com\/wordpress\/segunda\/wp-json\/wp\/v2\/categories?post=300492"},{"taxonomy":"post_tag","embeddable":true,"href":"https:\/\/www.tucomarca.com\/wordpress\/segunda\/wp-json\/wp\/v2\/tags?post=300492"}],"curies":[{"name":"wp","href":"https:\/\/api.w.org\/{rel}","templated":true}]}}