{"id":30051,"date":"2014-08-14T18:45:56","date_gmt":"2014-08-14T15:45:56","guid":{"rendered":"http:\/\/www.tucomarca.com\/wordpress\/segunda\/?p=30051"},"modified":"2014-08-14T18:45:56","modified_gmt":"2014-08-14T15:45:56","slug":"la-asociacion-de-la-tercera-edad-de-requena-prepara-los-actos-de-su-semana-cultural","status":"publish","type":"post","link":"https:\/\/www.tucomarca.com\/wordpress\/segunda\/la-asociacion-de-la-tercera-edad-de-requena-prepara-los-actos-de-su-semana-cultural\/","title":{"rendered":"La Asociaci\u00f3n de la Tercera Edad de Requena prepara los actos de su Semana Cultural"},"content":{"rendered":"<p>La Asociaci\u00f3n Cultural de la Tercera Edad de Requena ha preparado una serie de actividades que se desarrollaran en esta poblaci\u00f3n con motivo de su Semana Cultural que se celebrar\u00e1 entre los d\u00edas 22 y 28 de septiembre.<br \/>\nAbundan en el programa las actuaciones musicales como del acordeonista, Daniel P\u00e9rez, del cantante Juan Francisco Cambronero, la banda juvenil de la sociedad musical Santa Cecilia de Requena y la Masa Coral Utielana. Adem\u00e1s habr\u00e1 una sesi\u00f3n de baile amenizada por el famoso m\u00fasico \u00c1ngel Adoro.<br \/>\nEl programa tambi\u00e9n incluye un recital de poes\u00eda, una conferencia sobre el avellanedo en las riberas del r\u00edo Cabriel a cargo de Pablo Ferrer, director del Centro de Investigaci\u00f3n y Experimentaci\u00f3n Forestal de la Generalitat y una comida de hermandad.<br \/>\nEl presidente de la asociaci\u00f3n Vicente Cambralla en referencia a la entidad  ha manifestado que \u201ccon pocos recursos bien gestionados, se puede hacer mucho. Este proyecto es positivo y pedimos respeto, agradecimiento y el apoyo de las instituciones\u201d. Informa Luis Ib\u00e1\u00f1ez.<\/p>\n","protected":false},"excerpt":{"rendered":"<div class=\"mh-excerpt\">La Asociaci\u00f3n Cultural de la Tercera Edad de Requena ha preparado una serie de actividades que se desarrollaran en esta poblaci\u00f3n con motivo de su Semana Cultural que se celebrar\u00e1 entre los d\u00edas 22 y <a class=\"mh-excerpt-more\" href=\"https:\/\/www.tucomarca.com\/wordpress\/segunda\/la-asociacion-de-la-tercera-edad-de-requena-prepara-los-actos-de-su-semana-cultural\/\" title=\"La Asociaci\u00f3n de la Tercera Edad de Requena prepara los actos de su Semana Cultural\">[+] <\/a><\/div>\n","protected":false},"author":2,"featured_media":0,"comment_status":"open","ping_status":"open","sticky":false,"template":"","format":"standard","meta":{"footnotes":""},"categories":[8,28,27,3],"tags":[2266,10388,3900,2495],"class_list":{"0":"post-30051","1":"post","2":"type-post","3":"status-publish","4":"format-standard","6":"category-la-comarca","7":"category-requena","8":"category-requena-utiel","9":"category-seccion","10":"tag-asociacion","11":"tag-requena","12":"tag-semana-cultural","13":"tag-tercera-edad"},"_links":{"self":[{"href":"https:\/\/www.tucomarca.com\/wordpress\/segunda\/wp-json\/wp\/v2\/posts\/30051","targetHints":{"allow":["GET"]}}],"collection":[{"href":"https:\/\/www.tucomarca.com\/wordpress\/segunda\/wp-json\/wp\/v2\/posts"}],"about":[{"href":"https:\/\/www.tucomarca.com\/wordpress\/segunda\/wp-json\/wp\/v2\/types\/post"}],"author":[{"embeddable":true,"href":"https:\/\/www.tucomarca.com\/wordpress\/segunda\/wp-json\/wp\/v2\/users\/2"}],"replies":[{"embeddable":true,"href":"https:\/\/www.tucomarca.com\/wordpress\/segunda\/wp-json\/wp\/v2\/comments?post=30051"}],"version-history":[{"count":0,"href":"https:\/\/www.tucomarca.com\/wordpress\/segunda\/wp-json\/wp\/v2\/posts\/30051\/revisions"}],"wp:attachment":[{"href":"https:\/\/www.tucomarca.com\/wordpress\/segunda\/wp-json\/wp\/v2\/media?parent=30051"}],"wp:term":[{"taxonomy":"category","embeddable":true,"href":"https:\/\/www.tucomarca.com\/wordpress\/segunda\/wp-json\/wp\/v2\/categories?post=30051"},{"taxonomy":"post_tag","embeddable":true,"href":"https:\/\/www.tucomarca.com\/wordpress\/segunda\/wp-json\/wp\/v2\/tags?post=30051"}],"curies":[{"name":"wp","href":"https:\/\/api.w.org\/{rel}","templated":true}]}}